{"id":10146,"date":"2025-01-10T13:25:48","date_gmt":"2025-01-10T12:25:48","guid":{"rendered":"https:\/\/sancarlo.org\/la-misura-dellumanita\/"},"modified":"2025-05-26T09:53:22","modified_gmt":"2025-05-26T07:53:22","slug":"la-misura-dellumanita","status":"publish","type":"post","link":"https:\/\/sancarlo.org\/de\/la-misura-dellumanita\/","title":{"rendered":"Das Ma\u00df der Humanit\u00e4t"},"content":{"rendered":"<figure class=\"wp-block-image wp-block-image--fnztema is-style-full-width\"><picture><source media=\"(min-width: 1280px)\" srcset=\"https:\/\/sancarlo.org\/wp-content\/uploads\/2024\/06\/20220214-Asuncion-Hacin-ospizio-anziani-26-1366x908.jpg 1x, https:\/\/sancarlo.org\/wp-content\/uploads\/2024\/06\/20220214-Asuncion-Hacin-ospizio-anziani-26-2400x1596.jpg 2x\"><source media=\"(min-width: 1024px)\" srcset=\"https:\/\/sancarlo.org\/wp-content\/uploads\/2024\/06\/20220214-Asuncion-Hacin-ospizio-anziani-26-1024x681.jpg 1x, https:\/\/sancarlo.org\/wp-content\/uploads\/2024\/06\/20220214-Asuncion-Hacin-ospizio-anziani-26-2048x1362.jpg 2x\"><source media=\"(min-width: 768px)\" srcset=\"https:\/\/sancarlo.org\/wp-content\/uploads\/2024\/06\/20220214-Asuncion-Hacin-ospizio-anziani-26-800x532.jpg 1x, https:\/\/sancarlo.org\/wp-content\/uploads\/2024\/06\/20220214-Asuncion-Hacin-ospizio-anziani-26-1600x1064.jpg 2x\"><source media=\"(min-width: 200px)\" srcset=\"https:\/\/sancarlo.org\/wp-content\/uploads\/2024\/06\/20220214-Asuncion-Hacin-ospizio-anziani-26-500x333.jpg 1x, https:\/\/sancarlo.org\/wp-content\/uploads\/2024\/06\/20220214-Asuncion-Hacin-ospizio-anziani-26-1000x665.jpg 2x\"><img decoding=\"async\" src=\"data:image\/gif;base64,R0lGODlhAQABAAAAACH5BAEKAAEALAAAAAABAAEAAAICTAEAOw==\" alt=\"20220214 Asuncion Hacin Ospizio Anziani 26\" \/><\/picture><figcaption>Lorem ipsum dolo<\/figcaption><\/figure>\n\n\n<p>Wenn ich hier versuche, zu erz\u00e4hlen, was mir in der letzten Zeit widerfahren ist, dann aus einem doppelten Grund: Es soll ein Zeugnis sein, und eine Provokation, die \u2013 mich zuerst, und dann den Leser \u2013 zum Nachdenken anregt und Fragen aufwirft, wodurch das, was geschieht, Gestalt annimmt und einen Wert bekommt. Das ist es, was wir als eine Erfahrung bezeichnen. Und das ist mir geschehen.<\/p>\n\n\n\n<p>Wenn man schwierige Zeiten durchmacht, stellen sich unweigerlich Fragen nach dem Sinn: Was bedeutet diese Pr\u00fcfung? Wohin will Gott mich f\u00fchren? Solche Fragen kamen in mir auf und erschreckten mich, sobald ich nach dem dunkelsten Moment, den ich in meinen sechzig Jahren erlebt habe, wieder zu Bewusstsein kam.<\/p>\n\n\n\n<p>Aufgrund einer schweren Komplikation, verursacht durch eine Covid-Infektion, war ich geistig sehr verwirrt. Ich hatte Namen vergessen, Situationen und, was am dramatischsten war, sogar die einfachsten Gebete, die ich sprechen wollte. Denn das Bewusstsein, dass ich Priester bin, war das Einzige, was sich nie eingetr\u00fcbt hat. Ich war sogar w\u00fctend auf die Menschen, die sich am meisten um mich bem\u00fchten. Doch all das, wirklich alles, wurde gel\u00e4utert und nahm seine wahre Bedeutung an, als ich begann, in den Menschen um mich herum das Antlitz Christi zu sehen, der mich auf den Armen trug, mich speiste, mich an der Hand nahm.<\/p>\n\n\n\n<p>Wenn das Wunder geschieht, dass man seine eigenen Grenzen erkennt, dann wird die Beziehung zu Christus wiedergeboren, die die einzig wahre Antwort ist. Jede Geste, jedes Wort kann dann Erstaunliches bewirken, bei uns und bei den anderen.<\/p>\n\n\n\n<blockquote class=\"wp-block-quote\">\n<p>Durch unsere Schw\u00e4che erf\u00fcllt Gott seine Verhei\u00dfung, dass sich unser Leben verwirklicht<\/p>\n<\/blockquote>\n\n\n\n<p>Mich bewegt in diesem Zusammenhang eine Passage aus&nbsp;der Enzyklika <em>Spe Salvi<\/em>&nbsp;von Benedikt XVI., wo er sagt: \u201eDas Ma\u00df der Humanit\u00e4t bestimmt sich ganz wesentlich im Verh\u00e4ltnis zum Leid und zum Leidenden. Das gilt f\u00fcr den Einzelnen wie f\u00fcr die Gesellschaft. Eine Gesellschaft, die die Leidenden nicht annehmen und nicht im Mit-leiden helfen kann, Leid auch von innen zu teilen und zu tragen, ist eine grausame und inhumane Gesellschaft.\u201c Nachdem ich meinen eigenen Blickwinkel ge\u00e4ndert hatte, konnte ich auch die Fragen wahrnehmen, die sich einige Menschen stellten, die t\u00e4glich mit mir in Kontakt waren. Zwei Physiotherapeuten, die schon lange nicht mehr zur Beichte gegangen waren, baten mich zu Beginn der Fastenzeit, das Sakrament der Bu\u00dfe empfangen zu k\u00f6nnen, und kamen dann auch zur Messe. Noch bewegender war aber die Frage eines Sozialarbeiters, der ein bisschen grobschl\u00e4chtig wirkte und mich eines Abends mit sehr ernstem Gesicht bat, ihm den Unterschied zwischen Gott und Jesus zu erkl\u00e4ren. Paradoxerweise konnte ich, der ich doch der Kranke war, schlie\u00dflich durch mein blo\u00dfes Dasein Trost spenden und bei anderen die Frage nach dem Sinn des Lebens wecken.<\/p>\n\n\n\n<p>Was ist dabei der Aspekt der Gnade? Die Tatsache, dass die blo\u00dfe Anwesenheit eines Priesters ein objektives, konkretes und lebendiges Zeichen f\u00fcr Christus ist und bei den Menschen den Wunsch nach Umkehr ausl\u00f6st.<\/p>\n\n\n\n<p>F\u00fcr mich, aber auch f\u00fcr jeden von uns, hat die Erfahrung der Krankheit auch ein neues Licht auf meine Berufung geworfen. Nicht so sehr in dem Sinne, dass man eine bestimmte Ebene im Leben erreicht, sondern vielmehr ein neues Bewusstsein. Durch unsere Schw\u00e4che erf\u00fcllt Gott seine Verhei\u00dfung, dass sich unser Leben verwirklicht, wenn wir dem gehorchen, was er f\u00fcr uns vorgesehen hat, damit wir die Heiligkeit erlangen k\u00f6nnen, nach der das Herz eines jeden Menschen sich sehnt.<\/p>\n","protected":false},"excerpt":{"rendered":"<p>Pr\u00fcfungen und Leiden k\u00f6nnen Wege zu einem tieferen Verst\u00e4ndnis von Gottes Ruf an uns sein: ein Zeugnis.<\/p>\n","protected":false},"author":5,"featured_media":7734,"comment_status":"closed","ping_status":"closed","sticky":false,"template":"","format":"standard","meta":{"_acf_changed":false,"inline_featured_image":false,"slim_seo":{"title":"Das Ma\u00df der Humanit\u00e4t - Priesterbruderschaft des heiligen Karl Borrom\u00e4us","description":"Pr\u00fcfungen und Leiden k\u00f6nnen Wege zu einem tieferen Verst\u00e4ndnis von Gottes Ruf an uns sein: ein Zeugnis."},"footnotes":""},"categories":[922],"tags":[966,1107,962,933,1108],"writers":[21],"regions":[950],"cities":[1007],"class_list":["post-10146","post","type-post","status-publish","format-standard","has-post-thumbnail","hentry","category-zeugnisse","tag-domande-de","tag-limite-de","tag-malattia-de","tag-missione-de","tag-umanita-de","writers-aldo-belardinelli","regions-italia-de","cities-corridonia-de"],"acf":[],"_links":{"self":[{"href":"https:\/\/sancarlo.org\/de\/wp-json\/wp\/v2\/posts\/10146","targetHints":{"allow":["GET"]}}],"collection":[{"href":"https:\/\/sancarlo.org\/de\/wp-json\/wp\/v2\/posts"}],"about":[{"href":"https:\/\/sancarlo.org\/de\/wp-json\/wp\/v2\/types\/post"}],"author":[{"embeddable":true,"href":"https:\/\/sancarlo.org\/de\/wp-json\/wp\/v2\/users\/5"}],"replies":[{"embeddable":true,"href":"https:\/\/sancarlo.org\/de\/wp-json\/wp\/v2\/comments?post=10146"}],"version-history":[{"count":2,"href":"https:\/\/sancarlo.org\/de\/wp-json\/wp\/v2\/posts\/10146\/revisions"}],"predecessor-version":[{"id":10499,"href":"https:\/\/sancarlo.org\/de\/wp-json\/wp\/v2\/posts\/10146\/revisions\/10499"}],"wp:featuredmedia":[{"embeddable":true,"href":"https:\/\/sancarlo.org\/de\/wp-json\/wp\/v2\/media\/7734"}],"wp:attachment":[{"href":"https:\/\/sancarlo.org\/de\/wp-json\/wp\/v2\/media?parent=10146"}],"wp:term":[{"taxonomy":"category","embeddable":true,"href":"https:\/\/sancarlo.org\/de\/wp-json\/wp\/v2\/categories?post=10146"},{"taxonomy":"post_tag","embeddable":true,"href":"https:\/\/sancarlo.org\/de\/wp-json\/wp\/v2\/tags?post=10146"},{"taxonomy":"writers","embeddable":true,"href":"https:\/\/sancarlo.org\/de\/wp-json\/wp\/v2\/writers?post=10146"},{"taxonomy":"regions","embeddable":true,"href":"https:\/\/sancarlo.org\/de\/wp-json\/wp\/v2\/regions?post=10146"},{"taxonomy":"cities","embeddable":true,"href":"https:\/\/sancarlo.org\/de\/wp-json\/wp\/v2\/cities?post=10146"}],"curies":[{"name":"wp","href":"https:\/\/api.w.org\/{rel}","templated":true}]}}