{"id":9279,"date":"2024-09-14T15:46:47","date_gmt":"2024-09-14T13:46:47","guid":{"rendered":"https:\/\/sancarlo.org\/festa-a-bad-godesberg\/"},"modified":"2024-09-18T12:49:57","modified_gmt":"2024-09-18T10:49:57","slug":"festa-a-bad-godesberg","status":"publish","type":"post","link":"https:\/\/sancarlo.org\/de\/festa-a-bad-godesberg\/","title":{"rendered":"Fest der Priesterbruderschaft Hl. Karl Borrom\u00e4us"},"content":{"rendered":"\n<p>Die Gemeindemitglieder von Bad Godesberg (Bonn, Deutschland) und Freunde der deutschen Gemeinschaft der Bewegung Comunione und Liberazione feierten den 39. Jahrestag der Gr\u00fcndung der Priesterbruderschaft von Hl. Karl Borrom\u00e4us.<\/p>\n\n\n\n<p>Nach der Feier der Heiligen Messe ging das Fest mit Spielen und Liedern im Au\u00dfenbereich der Kirche weiter. Es war auch eine Gelegenheit, sich von Pater Romano Christen zu verabschieden und ihm zu danken, der nach 30 Jahren missionarischer Arbeit in Deutschland eine neue Aufgabe erhalten hat.<\/p>\n\n\n<div class=\"wp-block-gallery wp-block-gallery--fnztema gallery\"><div class=\"gallery-inner\"><button class=\"gallery-thumb\" aria-haspopup=\"dialog\" data-modal-trigger=\"modal-b62751c5-170f-4885-b545-75412e101140\" data-modal-triggerinfo='{\"position\": 0}' data-index=\"0\" aria-label=\"Galerie ab Bild \u00f6ffnen 1\"><picture><source media=\"(min-width: 200px)\" srcset=\"https:\/\/sancarlo.org\/wp-content\/uploads\/2024\/09\/20240914-Bonn-Festa-san-Carlo-GALLERY-1-Grande-400x300.jpeg 1x, https:\/\/sancarlo.org\/wp-content\/uploads\/2024\/09\/20240914-Bonn-Festa-san-Carlo-GALLERY-1-Grande-800x600.jpeg 2x\"><img decoding=\"async\" src=\"data:image\/gif;base64,R0lGODlhAQABAAAAACH5BAEKAAEALAAAAAABAAEAAAICTAEAOw==\" alt=\"\" class=\"gallery-thumb-image\" aria-hidden=\"true\"><\/picture><\/button><button class=\"gallery-thumb\" aria-haspopup=\"dialog\" data-modal-trigger=\"modal-b62751c5-170f-4885-b545-75412e101140\" data-modal-triggerinfo='{\"position\": 1}' data-index=\"1\" aria-label=\"Galerie ab Bild \u00f6ffnen 2\"><picture><source media=\"(min-width: 200px)\" srcset=\"https:\/\/sancarlo.org\/wp-content\/uploads\/2024\/09\/20240914-Bonn-Festa-san-Carlo-GALLERY-2-Grande-400x300.jpeg 1x, https:\/\/sancarlo.org\/wp-content\/uploads\/2024\/09\/20240914-Bonn-Festa-san-Carlo-GALLERY-2-Grande-800x600.jpeg 2x\"><img decoding=\"async\" src=\"data:image\/gif;base64,R0lGODlhAQABAAAAACH5BAEKAAEALAAAAAABAAEAAAICTAEAOw==\" alt=\"\" class=\"gallery-thumb-image\" aria-hidden=\"true\"><\/picture><\/button><button class=\"gallery-thumb\" aria-haspopup=\"dialog\" data-modal-trigger=\"modal-b62751c5-170f-4885-b545-75412e101140\" data-modal-triggerinfo='{\"position\": 2}' data-index=\"2\" aria-label=\"Galerie ab Bild \u00f6ffnen 3\"><picture><source media=\"(min-width: 200px)\" srcset=\"https:\/\/sancarlo.org\/wp-content\/uploads\/2024\/09\/20240914-Bonn-Festa-san-Carlo-GALLERY-3-Grande-400x300.jpeg 1x, https:\/\/sancarlo.org\/wp-content\/uploads\/2024\/09\/20240914-Bonn-Festa-san-Carlo-GALLERY-3-Grande-800x600.jpeg 2x\"><img decoding=\"async\" src=\"data:image\/gif;base64,R0lGODlhAQABAAAAACH5BAEKAAEALAAAAAABAAEAAAICTAEAOw==\" alt=\"\" class=\"gallery-thumb-image\" aria-hidden=\"true\"><\/picture><\/button><button class=\"gallery-thumb\" aria-haspopup=\"dialog\" data-modal-trigger=\"modal-b62751c5-170f-4885-b545-75412e101140\" data-modal-triggerinfo='{\"position\": 3}' data-index=\"3\" aria-label=\"Galerie ab Bild \u00f6ffnen 4\"><picture><source media=\"(min-width: 200px)\" srcset=\"https:\/\/sancarlo.org\/wp-content\/uploads\/2024\/09\/20240914-Bonn-Festa-san-Carlo-GALLERY-4-Grande-400x300.jpeg 1x, https:\/\/sancarlo.org\/wp-content\/uploads\/2024\/09\/20240914-Bonn-Festa-san-Carlo-GALLERY-4-Grande-800x600.jpeg 2x\"><img decoding=\"async\" src=\"data:image\/gif;base64,R0lGODlhAQABAAAAACH5BAEKAAEALAAAAAABAAEAAAICTAEAOw==\" alt=\"\" class=\"gallery-thumb-image\" aria-hidden=\"true\"><\/picture><\/button><button class=\"gallery-thumb\" aria-haspopup=\"dialog\" data-modal-trigger=\"modal-b62751c5-170f-4885-b545-75412e101140\" data-modal-triggerinfo='{\"position\": 4}' data-index=\"4\" aria-label=\"Galerie ab Bild \u00f6ffnen 5\"><picture><source media=\"(min-width: 200px)\" srcset=\"https:\/\/sancarlo.org\/wp-content\/uploads\/2024\/09\/20240914-Bonn-Festa-san-Carlo-GALLERY-5-Grande-400x300.jpeg 1x, https:\/\/sancarlo.org\/wp-content\/uploads\/2024\/09\/20240914-Bonn-Festa-san-Carlo-GALLERY-5-Grande-800x600.jpeg 2x\"><img decoding=\"async\" src=\"data:image\/gif;base64,R0lGODlhAQABAAAAACH5BAEKAAEALAAAAAABAAEAAAICTAEAOw==\" alt=\"\" class=\"gallery-thumb-image\" aria-hidden=\"true\"><\/picture><\/button><button class=\"gallery-thumb\" aria-haspopup=\"dialog\" data-modal-trigger=\"modal-b62751c5-170f-4885-b545-75412e101140\" data-modal-triggerinfo='{\"position\": 5}' data-index=\"5\" aria-label=\"Galerie ab Bild \u00f6ffnen 6\"><picture><source media=\"(min-width: 200px)\" srcset=\"https:\/\/sancarlo.org\/wp-content\/uploads\/2024\/09\/20240914-Bonn-Festa-san-Carlo-GALLERY-6-Grande-400x300.jpeg 1x, https:\/\/sancarlo.org\/wp-content\/uploads\/2024\/09\/20240914-Bonn-Festa-san-Carlo-GALLERY-6-Grande-800x600.jpeg 2x\"><img decoding=\"async\" src=\"data:image\/gif;base64,R0lGODlhAQABAAAAACH5BAEKAAEALAAAAAABAAEAAAICTAEAOw==\" alt=\"\" class=\"gallery-thumb-image\" aria-hidden=\"true\"><\/picture><\/button><button class=\"gallery-thumb\" aria-haspopup=\"dialog\" data-modal-trigger=\"modal-b62751c5-170f-4885-b545-75412e101140\" data-modal-triggerinfo='{\"position\": 6}' data-index=\"6\" aria-label=\"Galerie ab Bild \u00f6ffnen 7\"><picture><source media=\"(min-width: 200px)\" srcset=\"https:\/\/sancarlo.org\/wp-content\/uploads\/2024\/09\/20240914-Bonn-Festa-san-Carlo-GALLERY-7-Grande-400x300.jpeg 1x, https:\/\/sancarlo.org\/wp-content\/uploads\/2024\/09\/20240914-Bonn-Festa-san-Carlo-GALLERY-7-Grande-800x600.jpeg 2x\"><img decoding=\"async\" src=\"data:image\/gif;base64,R0lGODlhAQABAAAAACH5BAEKAAEALAAAAAABAAEAAAICTAEAOw==\" alt=\"\" class=\"gallery-thumb-image\" aria-hidden=\"true\"><\/picture><\/button><button class=\"gallery-thumb\" aria-haspopup=\"dialog\" data-modal-trigger=\"modal-b62751c5-170f-4885-b545-75412e101140\" data-modal-triggerinfo='{\"position\": 7}' data-index=\"7\" aria-label=\"Galerie ab Bild \u00f6ffnen 8\"><picture><source media=\"(min-width: 200px)\" srcset=\"https:\/\/sancarlo.org\/wp-content\/uploads\/2024\/09\/20240914-Bonn-Festa-san-Carlo-GALLERY-8-Grande-400x300.jpeg 1x, https:\/\/sancarlo.org\/wp-content\/uploads\/2024\/09\/20240914-Bonn-Festa-san-Carlo-GALLERY-8-Grande-800x600.jpeg 2x\"><img decoding=\"async\" src=\"data:image\/gif;base64,R0lGODlhAQABAAAAACH5BAEKAAEALAAAAAABAAEAAAICTAEAOw==\" alt=\"\" class=\"gallery-thumb-image\" aria-hidden=\"true\"><\/picture><\/button><button class=\"gallery-thumb\" aria-haspopup=\"dialog\" data-modal-trigger=\"modal-b62751c5-170f-4885-b545-75412e101140\" data-modal-triggerinfo='{\"position\": 8}' data-index=\"8\" aria-label=\"Galerie ab Bild \u00f6ffnen 9\"><picture><source media=\"(min-width: 200px)\" srcset=\"https:\/\/sancarlo.org\/wp-content\/uploads\/2024\/09\/20240914-Bonn-Festa-san-Carlo-GALLERY-9-Grande-400x300.jpeg 1x, https:\/\/sancarlo.org\/wp-content\/uploads\/2024\/09\/20240914-Bonn-Festa-san-Carlo-GALLERY-9-Grande-800x600.jpeg 2x\"><img decoding=\"async\" src=\"data:image\/gif;base64,R0lGODlhAQABAAAAACH5BAEKAAEALAAAAAABAAEAAAICTAEAOw==\" alt=\"\" class=\"gallery-thumb-image\" aria-hidden=\"true\"><\/picture><\/button><button class=\"gallery-thumb\" aria-haspopup=\"dialog\" data-modal-trigger=\"modal-b62751c5-170f-4885-b545-75412e101140\" data-modal-triggerinfo='{\"position\": 9}' data-index=\"9\" aria-label=\"Galerie ab Bild \u00f6ffnen 10\"><picture><source media=\"(min-width: 200px)\" srcset=\"https:\/\/sancarlo.org\/wp-content\/uploads\/2024\/09\/20240914-Bonn-Festa-san-Carlo-GALLERY-10-Grande-400x300.jpeg 1x, https:\/\/sancarlo.org\/wp-content\/uploads\/2024\/09\/20240914-Bonn-Festa-san-Carlo-GALLERY-10-Grande-800x600.jpeg 2x\"><img decoding=\"async\" src=\"data:image\/gif;base64,R0lGODlhAQABAAAAACH5BAEKAAEALAAAAAABAAEAAAICTAEAOw==\" alt=\"\" class=\"gallery-thumb-image\" aria-hidden=\"true\"><\/picture><\/button><button class=\"gallery-thumb\" aria-haspopup=\"dialog\" data-modal-trigger=\"modal-b62751c5-170f-4885-b545-75412e101140\" data-modal-triggerinfo='{\"position\": 10}' data-index=\"10\" aria-label=\"Galerie ab Bild \u00f6ffnen 11\"><picture><source media=\"(min-width: 200px)\" srcset=\"https:\/\/sancarlo.org\/wp-content\/uploads\/2024\/09\/20240914-Bonn-Festa-san-Carlo-GALLERY-11-Grande-400x300.jpeg 1x, https:\/\/sancarlo.org\/wp-content\/uploads\/2024\/09\/20240914-Bonn-Festa-san-Carlo-GALLERY-11-Grande-800x600.jpeg 2x\"><img decoding=\"async\" src=\"data:image\/gif;base64,R0lGODlhAQABAAAAACH5BAEKAAEALAAAAAABAAEAAAICTAEAOw==\" alt=\"\" class=\"gallery-thumb-image\" aria-hidden=\"true\"><\/picture><\/button><button class=\"gallery-thumb\" aria-haspopup=\"dialog\" data-modal-trigger=\"modal-b62751c5-170f-4885-b545-75412e101140\" data-modal-triggerinfo='{\"position\": 11}' data-index=\"11\" aria-label=\"Galerie ab Bild \u00f6ffnen 12\"><picture><source media=\"(min-width: 200px)\" srcset=\"https:\/\/sancarlo.org\/wp-content\/uploads\/2024\/09\/20240914-Bonn-Festa-san-Carlo-GALLERY-12-Grande-400x300.jpeg 1x, https:\/\/sancarlo.org\/wp-content\/uploads\/2024\/09\/20240914-Bonn-Festa-san-Carlo-GALLERY-12-Grande-800x600.jpeg 2x\"><img decoding=\"async\" src=\"data:image\/gif;base64,R0lGODlhAQABAAAAACH5BAEKAAEALAAAAAABAAEAAAICTAEAOw==\" alt=\"\" class=\"gallery-thumb-image\" aria-hidden=\"true\"><\/picture><\/button><button class=\"gallery-thumb\" aria-haspopup=\"dialog\" data-modal-trigger=\"modal-b62751c5-170f-4885-b545-75412e101140\" data-modal-triggerinfo='{\"position\": 12}' data-index=\"12\" aria-label=\"Galerie ab Bild \u00f6ffnen 13\"><picture><source media=\"(min-width: 200px)\" srcset=\"https:\/\/sancarlo.org\/wp-content\/uploads\/2024\/09\/20240914-Bonn-Festa-san-Carlo-GALLERY-13-Grande-400x300.jpeg 1x, https:\/\/sancarlo.org\/wp-content\/uploads\/2024\/09\/20240914-Bonn-Festa-san-Carlo-GALLERY-13-Grande-800x600.jpeg 2x\"><img decoding=\"async\" src=\"data:image\/gif;base64,R0lGODlhAQABAAAAACH5BAEKAAEALAAAAAABAAEAAAICTAEAOw==\" alt=\"\" class=\"gallery-thumb-image\" aria-hidden=\"true\"><\/picture><\/button><button class=\"gallery-thumb\" aria-haspopup=\"dialog\" data-modal-trigger=\"modal-b62751c5-170f-4885-b545-75412e101140\" data-modal-triggerinfo='{\"position\": 13}' data-index=\"13\" aria-label=\"Galerie ab Bild \u00f6ffnen 14\"><picture><source media=\"(min-width: 200px)\" srcset=\"https:\/\/sancarlo.org\/wp-content\/uploads\/2024\/09\/20240914-Bonn-Festa-san-Carlo-GALLERY-14-Grande-400x300.jpeg 1x, https:\/\/sancarlo.org\/wp-content\/uploads\/2024\/09\/20240914-Bonn-Festa-san-Carlo-GALLERY-14-Grande-800x600.jpeg 2x\"><img decoding=\"async\" src=\"data:image\/gif;base64,R0lGODlhAQABAAAAACH5BAEKAAEALAAAAAABAAEAAAICTAEAOw==\" alt=\"\" class=\"gallery-thumb-image\" aria-hidden=\"true\"><\/picture><\/button><button class=\"gallery-thumb\" aria-haspopup=\"dialog\" data-modal-trigger=\"modal-b62751c5-170f-4885-b545-75412e101140\" data-modal-triggerinfo='{\"position\": 14}' data-index=\"14\" aria-label=\"Galerie ab Bild \u00f6ffnen 15\"><picture><source media=\"(min-width: 200px)\" srcset=\"https:\/\/sancarlo.org\/wp-content\/uploads\/2024\/09\/20240914-Bonn-Festa-san-Carlo-GALLERY-15-Grande-400x300.jpeg 1x, https:\/\/sancarlo.org\/wp-content\/uploads\/2024\/09\/20240914-Bonn-Festa-san-Carlo-GALLERY-15-Grande-800x600.jpeg 2x\"><img decoding=\"async\" src=\"data:image\/gif;base64,R0lGODlhAQABAAAAACH5BAEKAAEALAAAAAABAAEAAAICTAEAOw==\" alt=\"\" class=\"gallery-thumb-image\" aria-hidden=\"true\"><\/picture><\/button><button class=\"gallery-thumb\" aria-haspopup=\"dialog\" data-modal-trigger=\"modal-b62751c5-170f-4885-b545-75412e101140\" data-modal-triggerinfo='{\"position\": 15}' data-index=\"15\" aria-label=\"Galerie ab Bild \u00f6ffnen 16\"><picture><source media=\"(min-width: 200px)\" srcset=\"https:\/\/sancarlo.org\/wp-content\/uploads\/2024\/09\/20240914-Bonn-Festa-san-Carlo-GALLERY-16-Grande-400x300.jpeg 1x, https:\/\/sancarlo.org\/wp-content\/uploads\/2024\/09\/20240914-Bonn-Festa-san-Carlo-GALLERY-16-Grande-800x600.jpeg 2x\"><img decoding=\"async\" src=\"data:image\/gif;base64,R0lGODlhAQABAAAAACH5BAEKAAEALAAAAAABAAEAAAICTAEAOw==\" alt=\"\" class=\"gallery-thumb-image\" aria-hidden=\"true\"><\/picture><\/button><button class=\"gallery-thumb\" aria-haspopup=\"dialog\" data-modal-trigger=\"modal-b62751c5-170f-4885-b545-75412e101140\" data-modal-triggerinfo='{\"position\": 16}' data-index=\"16\" aria-label=\"Galerie ab Bild \u00f6ffnen 17\"><picture><source media=\"(min-width: 200px)\" srcset=\"https:\/\/sancarlo.org\/wp-content\/uploads\/2024\/09\/20240914-Bonn-Festa-san-Carlo-GALLERY-17-Grande-400x300.jpeg 1x, https:\/\/sancarlo.org\/wp-content\/uploads\/2024\/09\/20240914-Bonn-Festa-san-Carlo-GALLERY-17-Grande-800x600.jpeg 2x\"><img decoding=\"async\" src=\"data:image\/gif;base64,R0lGODlhAQABAAAAACH5BAEKAAEALAAAAAABAAEAAAICTAEAOw==\" alt=\"\" class=\"gallery-thumb-image\" aria-hidden=\"true\"><\/picture><\/button><div class=\"modal modal--full modal--gallery\" id=\"modal-b62751c5-170f-4885-b545-75412e101140\" aria-hidden=\"true\">\n<div class=\"modal-overlay\" tabindex=\"-1\" data-modal-close><div class=\"modal-dialog\" data-component=\"modal_gallery\" role=\"dialog\" aria-modal=\"true\" ><button class=\"modal-close\" aria-label=\"Schlie\u00dfen\" data-modal-close><\/button><div class=\"modal-content\"><div class=\"gallery-slides\"><div class=\"gallery-slides-inner\"><figure><picture><source media=\"(min-width: 1280px)\" srcset=\"https:\/\/sancarlo.org\/wp-content\/uploads\/2024\/09\/20240914-Bonn-Festa-san-Carlo-GALLERY-1-Grande.jpeg 1x, https:\/\/sancarlo.org\/wp-content\/uploads\/2024\/09\/20240914-Bonn-Festa-san-Carlo-GALLERY-1-Grande.jpeg 2x\"><source media=\"(min-width: 1024px)\" srcset=\"https:\/\/sancarlo.org\/wp-content\/uploads\/2024\/09\/20240914-Bonn-Festa-san-Carlo-GALLERY-1-Grande-1024x740.jpeg 1x, https:\/\/sancarlo.org\/wp-content\/uploads\/2024\/09\/20240914-Bonn-Festa-san-Carlo-GALLERY-1-Grande.jpeg 2x\"><source media=\"(min-width: 768px)\" srcset=\"https:\/\/sancarlo.org\/wp-content\/uploads\/2024\/09\/20240914-Bonn-Festa-san-Carlo-GALLERY-1-Grande-800x578.jpeg 1x, https:\/\/sancarlo.org\/wp-content\/uploads\/2024\/09\/20240914-Bonn-Festa-san-Carlo-GALLERY-1-Grande.jpeg 2x\"><source media=\"(min-width: 200px)\" srcset=\"https:\/\/sancarlo.org\/wp-content\/uploads\/2024\/09\/20240914-Bonn-Festa-san-Carlo-GALLERY-1-Grande-500x361.jpeg 1x, https:\/\/sancarlo.org\/wp-content\/uploads\/2024\/09\/20240914-Bonn-Festa-san-Carlo-GALLERY-1-Grande-1000x723.jpeg 2x\"><img decoding=\"async\" src=\"data:image\/gif;base64,R0lGODlhAQABAAAAACH5BAEKAAEALAAAAAABAAEAAAICTAEAOw==\" alt=\"\" \/><\/picture><\/figure><figure><picture><source media=\"(min-width: 1280px)\" srcset=\"https:\/\/sancarlo.org\/wp-content\/uploads\/2024\/09\/20240914-Bonn-Festa-san-Carlo-GALLERY-2-Grande.jpeg 1x, https:\/\/sancarlo.org\/wp-content\/uploads\/2024\/09\/20240914-Bonn-Festa-san-Carlo-GALLERY-2-Grande.jpeg 2x\"><source media=\"(min-width: 1024px)\" srcset=\"https:\/\/sancarlo.org\/wp-content\/uploads\/2024\/09\/20240914-Bonn-Festa-san-Carlo-GALLERY-2-Grande-1024x614.jpeg 1x, https:\/\/sancarlo.org\/wp-content\/uploads\/2024\/09\/20240914-Bonn-Festa-san-Carlo-GALLERY-2-Grande.jpeg 2x\"><source media=\"(min-width: 768px)\" srcset=\"https:\/\/sancarlo.org\/wp-content\/uploads\/2024\/09\/20240914-Bonn-Festa-san-Carlo-GALLERY-2-Grande-800x480.jpeg 1x, https:\/\/sancarlo.org\/wp-content\/uploads\/2024\/09\/20240914-Bonn-Festa-san-Carlo-GALLERY-2-Grande.jpeg 2x\"><source media=\"(min-width: 200px)\" srcset=\"https:\/\/sancarlo.org\/wp-content\/uploads\/2024\/09\/20240914-Bonn-Festa-san-Carlo-GALLERY-2-Grande-500x300.jpeg 1x, https:\/\/sancarlo.org\/wp-content\/uploads\/2024\/09\/20240914-Bonn-Festa-san-Carlo-GALLERY-2-Grande-1000x600.jpeg 2x\"><img decoding=\"async\" src=\"data:image\/gif;base64,R0lGODlhAQABAAAAACH5BAEKAAEALAAAAAABAAEAAAICTAEAOw==\" alt=\"\" \/><\/picture><\/figure><figure><picture><source media=\"(min-width: 1280px)\" srcset=\"https:\/\/sancarlo.org\/wp-content\/uploads\/2024\/09\/20240914-Bonn-Festa-san-Carlo-GALLERY-3-Grande.jpeg 1x, https:\/\/sancarlo.org\/wp-content\/uploads\/2024\/09\/20240914-Bonn-Festa-san-Carlo-GALLERY-3-Grande.jpeg 2x\"><source media=\"(min-width: 1024px)\" srcset=\"https:\/\/sancarlo.org\/wp-content\/uploads\/2024\/09\/20240914-Bonn-Festa-san-Carlo-GALLERY-3-Grande-1024x798.jpeg 1x, https:\/\/sancarlo.org\/wp-content\/uploads\/2024\/09\/20240914-Bonn-Festa-san-Carlo-GALLERY-3-Grande.jpeg 2x\"><source media=\"(min-width: 768px)\" srcset=\"https:\/\/sancarlo.org\/wp-content\/uploads\/2024\/09\/20240914-Bonn-Festa-san-Carlo-GALLERY-3-Grande-800x623.jpeg 1x, https:\/\/sancarlo.org\/wp-content\/uploads\/2024\/09\/20240914-Bonn-Festa-san-Carlo-GALLERY-3-Grande.jpeg 2x\"><source media=\"(min-width: 200px)\" srcset=\"https:\/\/sancarlo.org\/wp-content\/uploads\/2024\/09\/20240914-Bonn-Festa-san-Carlo-GALLERY-3-Grande-500x389.jpeg 1x, https:\/\/sancarlo.org\/wp-content\/uploads\/2024\/09\/20240914-Bonn-Festa-san-Carlo-GALLERY-3-Grande-1000x779.jpeg 2x\"><img decoding=\"async\" src=\"data:image\/gif;base64,R0lGODlhAQABAAAAACH5BAEKAAEALAAAAAABAAEAAAICTAEAOw==\" alt=\"\" \/><\/picture><\/figure><figure><picture><source media=\"(min-width: 1280px)\" srcset=\"https:\/\/sancarlo.org\/wp-content\/uploads\/2024\/09\/20240914-Bonn-Festa-san-Carlo-GALLERY-4-Grande.jpeg 1x, https:\/\/sancarlo.org\/wp-content\/uploads\/2024\/09\/20240914-Bonn-Festa-san-Carlo-GALLERY-4-Grande.jpeg 2x\"><source media=\"(min-width: 1024px)\" srcset=\"https:\/\/sancarlo.org\/wp-content\/uploads\/2024\/09\/20240914-Bonn-Festa-san-Carlo-GALLERY-4-Grande-1024x638.jpeg 1x, https:\/\/sancarlo.org\/wp-content\/uploads\/2024\/09\/20240914-Bonn-Festa-san-Carlo-GALLERY-4-Grande.jpeg 2x\"><source media=\"(min-width: 768px)\" srcset=\"https:\/\/sancarlo.org\/wp-content\/uploads\/2024\/09\/20240914-Bonn-Festa-san-Carlo-GALLERY-4-Grande-800x498.jpeg 1x, https:\/\/sancarlo.org\/wp-content\/uploads\/2024\/09\/20240914-Bonn-Festa-san-Carlo-GALLERY-4-Grande.jpeg 2x\"><source media=\"(min-width: 200px)\" srcset=\"https:\/\/sancarlo.org\/wp-content\/uploads\/2024\/09\/20240914-Bonn-Festa-san-Carlo-GALLERY-4-Grande-500x311.jpeg 1x, https:\/\/sancarlo.org\/wp-content\/uploads\/2024\/09\/20240914-Bonn-Festa-san-Carlo-GALLERY-4-Grande-1000x623.jpeg 2x\"><img decoding=\"async\" src=\"data:image\/gif;base64,R0lGODlhAQABAAAAACH5BAEKAAEALAAAAAABAAEAAAICTAEAOw==\" alt=\"\" \/><\/picture><\/figure><figure><picture><source media=\"(min-width: 1280px)\" srcset=\"https:\/\/sancarlo.org\/wp-content\/uploads\/2024\/09\/20240914-Bonn-Festa-san-Carlo-GALLERY-5-Grande.jpeg 1x, https:\/\/sancarlo.org\/wp-content\/uploads\/2024\/09\/20240914-Bonn-Festa-san-Carlo-GALLERY-5-Grande.jpeg 2x\"><source media=\"(min-width: 1024px)\" srcset=\"https:\/\/sancarlo.org\/wp-content\/uploads\/2024\/09\/20240914-Bonn-Festa-san-Carlo-GALLERY-5-Grande-1024x731.jpeg 1x, https:\/\/sancarlo.org\/wp-content\/uploads\/2024\/09\/20240914-Bonn-Festa-san-Carlo-GALLERY-5-Grande.jpeg 2x\"><source media=\"(min-width: 768px)\" srcset=\"https:\/\/sancarlo.org\/wp-content\/uploads\/2024\/09\/20240914-Bonn-Festa-san-Carlo-GALLERY-5-Grande-800x571.jpeg 1x, https:\/\/sancarlo.org\/wp-content\/uploads\/2024\/09\/20240914-Bonn-Festa-san-Carlo-GALLERY-5-Grande.jpeg 2x\"><source media=\"(min-width: 200px)\" srcset=\"https:\/\/sancarlo.org\/wp-content\/uploads\/2024\/09\/20240914-Bonn-Festa-san-Carlo-GALLERY-5-Grande-500x357.jpeg 1x, https:\/\/sancarlo.org\/wp-content\/uploads\/2024\/09\/20240914-Bonn-Festa-san-Carlo-GALLERY-5-Grande-1000x714.jpeg 2x\"><img decoding=\"async\" src=\"data:image\/gif;base64,R0lGODlhAQABAAAAACH5BAEKAAEALAAAAAABAAEAAAICTAEAOw==\" alt=\"\" \/><\/picture><\/figure><figure><picture><source media=\"(min-width: 1280px)\" srcset=\"https:\/\/sancarlo.org\/wp-content\/uploads\/2024\/09\/20240914-Bonn-Festa-san-Carlo-GALLERY-6-Grande.jpeg 1x, https:\/\/sancarlo.org\/wp-content\/uploads\/2024\/09\/20240914-Bonn-Festa-san-Carlo-GALLERY-6-Grande.jpeg 2x\"><source media=\"(min-width: 1024px)\" srcset=\"https:\/\/sancarlo.org\/wp-content\/uploads\/2024\/09\/20240914-Bonn-Festa-san-Carlo-GALLERY-6-Grande-1024x495.jpeg 1x, https:\/\/sancarlo.org\/wp-content\/uploads\/2024\/09\/20240914-Bonn-Festa-san-Carlo-GALLERY-6-Grande.jpeg 2x\"><source media=\"(min-width: 768px)\" srcset=\"https:\/\/sancarlo.org\/wp-content\/uploads\/2024\/09\/20240914-Bonn-Festa-san-Carlo-GALLERY-6-Grande-800x387.jpeg 1x, https:\/\/sancarlo.org\/wp-content\/uploads\/2024\/09\/20240914-Bonn-Festa-san-Carlo-GALLERY-6-Grande.jpeg 2x\"><source media=\"(min-width: 200px)\" srcset=\"https:\/\/sancarlo.org\/wp-content\/uploads\/2024\/09\/20240914-Bonn-Festa-san-Carlo-GALLERY-6-Grande-500x242.jpeg 1x, https:\/\/sancarlo.org\/wp-content\/uploads\/2024\/09\/20240914-Bonn-Festa-san-Carlo-GALLERY-6-Grande-1000x484.jpeg 2x\"><img decoding=\"async\" src=\"data:image\/gif;base64,R0lGODlhAQABAAAAACH5BAEKAAEALAAAAAABAAEAAAICTAEAOw==\" alt=\"\" \/><\/picture><\/figure><figure><picture><source media=\"(min-width: 1280px)\" srcset=\"https:\/\/sancarlo.org\/wp-content\/uploads\/2024\/09\/20240914-Bonn-Festa-san-Carlo-GALLERY-7-Grande.jpeg 1x, https:\/\/sancarlo.org\/wp-content\/uploads\/2024\/09\/20240914-Bonn-Festa-san-Carlo-GALLERY-7-Grande.jpeg 2x\"><source media=\"(min-width: 1024px)\" srcset=\"https:\/\/sancarlo.org\/wp-content\/uploads\/2024\/09\/20240914-Bonn-Festa-san-Carlo-GALLERY-7-Grande-1024x626.jpeg 1x, https:\/\/sancarlo.org\/wp-content\/uploads\/2024\/09\/20240914-Bonn-Festa-san-Carlo-GALLERY-7-Grande.jpeg 2x\"><source media=\"(min-width: 768px)\" srcset=\"https:\/\/sancarlo.org\/wp-content\/uploads\/2024\/09\/20240914-Bonn-Festa-san-Carlo-GALLERY-7-Grande-800x489.jpeg 1x, https:\/\/sancarlo.org\/wp-content\/uploads\/2024\/09\/20240914-Bonn-Festa-san-Carlo-GALLERY-7-Grande.jpeg 2x\"><source media=\"(min-width: 200px)\" srcset=\"https:\/\/sancarlo.org\/wp-content\/uploads\/2024\/09\/20240914-Bonn-Festa-san-Carlo-GALLERY-7-Grande-500x306.jpeg 1x, https:\/\/sancarlo.org\/wp-content\/uploads\/2024\/09\/20240914-Bonn-Festa-san-Carlo-GALLERY-7-Grande-1000x612.jpeg 2x\"><img decoding=\"async\" src=\"data:image\/gif;base64,R0lGODlhAQABAAAAACH5BAEKAAEALAAAAAABAAEAAAICTAEAOw==\" alt=\"\" \/><\/picture><\/figure><figure><picture><source media=\"(min-width: 1280px)\" srcset=\"https:\/\/sancarlo.org\/wp-content\/uploads\/2024\/09\/20240914-Bonn-Festa-san-Carlo-GALLERY-8-Grande.jpeg 1x, https:\/\/sancarlo.org\/wp-content\/uploads\/2024\/09\/20240914-Bonn-Festa-san-Carlo-GALLERY-8-Grande.jpeg 2x\"><source media=\"(min-width: 1024px)\" srcset=\"https:\/\/sancarlo.org\/wp-content\/uploads\/2024\/09\/20240914-Bonn-Festa-san-Carlo-GALLERY-8-Grande-1024x630.jpeg 1x, https:\/\/sancarlo.org\/wp-content\/uploads\/2024\/09\/20240914-Bonn-Festa-san-Carlo-GALLERY-8-Grande.jpeg 2x\"><source media=\"(min-width: 768px)\" srcset=\"https:\/\/sancarlo.org\/wp-content\/uploads\/2024\/09\/20240914-Bonn-Festa-san-Carlo-GALLERY-8-Grande-800x492.jpeg 1x, https:\/\/sancarlo.org\/wp-content\/uploads\/2024\/09\/20240914-Bonn-Festa-san-Carlo-GALLERY-8-Grande.jpeg 2x\"><source media=\"(min-width: 200px)\" srcset=\"https:\/\/sancarlo.org\/wp-content\/uploads\/2024\/09\/20240914-Bonn-Festa-san-Carlo-GALLERY-8-Grande-500x307.jpeg 1x, https:\/\/sancarlo.org\/wp-content\/uploads\/2024\/09\/20240914-Bonn-Festa-san-Carlo-GALLERY-8-Grande-1000x615.jpeg 2x\"><img decoding=\"async\" src=\"data:image\/gif;base64,R0lGODlhAQABAAAAACH5BAEKAAEALAAAAAABAAEAAAICTAEAOw==\" alt=\"\" \/><\/picture><\/figure><figure><picture><source media=\"(min-width: 1280px)\" srcset=\"https:\/\/sancarlo.org\/wp-content\/uploads\/2024\/09\/20240914-Bonn-Festa-san-Carlo-GALLERY-9-Grande.jpeg 1x, https:\/\/sancarlo.org\/wp-content\/uploads\/2024\/09\/20240914-Bonn-Festa-san-Carlo-GALLERY-9-Grande.jpeg 2x\"><source media=\"(min-width: 1024px)\" srcset=\"https:\/\/sancarlo.org\/wp-content\/uploads\/2024\/09\/20240914-Bonn-Festa-san-Carlo-GALLERY-9-Grande-1024x631.jpeg 1x, https:\/\/sancarlo.org\/wp-content\/uploads\/2024\/09\/20240914-Bonn-Festa-san-Carlo-GALLERY-9-Grande.jpeg 2x\"><source media=\"(min-width: 768px)\" srcset=\"https:\/\/sancarlo.org\/wp-content\/uploads\/2024\/09\/20240914-Bonn-Festa-san-Carlo-GALLERY-9-Grande-800x493.jpeg 1x, https:\/\/sancarlo.org\/wp-content\/uploads\/2024\/09\/20240914-Bonn-Festa-san-Carlo-GALLERY-9-Grande.jpeg 2x\"><source media=\"(min-width: 200px)\" srcset=\"https:\/\/sancarlo.org\/wp-content\/uploads\/2024\/09\/20240914-Bonn-Festa-san-Carlo-GALLERY-9-Grande-500x308.jpeg 1x, https:\/\/sancarlo.org\/wp-content\/uploads\/2024\/09\/20240914-Bonn-Festa-san-Carlo-GALLERY-9-Grande-1000x616.jpeg 2x\"><img decoding=\"async\" src=\"data:image\/gif;base64,R0lGODlhAQABAAAAACH5BAEKAAEALAAAAAABAAEAAAICTAEAOw==\" alt=\"\" \/><\/picture><\/figure><figure><picture><source media=\"(min-width: 1280px)\" srcset=\"https:\/\/sancarlo.org\/wp-content\/uploads\/2024\/09\/20240914-Bonn-Festa-san-Carlo-GALLERY-10-Grande.jpeg 1x, https:\/\/sancarlo.org\/wp-content\/uploads\/2024\/09\/20240914-Bonn-Festa-san-Carlo-GALLERY-10-Grande.jpeg 2x\"><source media=\"(min-width: 1024px)\" srcset=\"https:\/\/sancarlo.org\/wp-content\/uploads\/2024\/09\/20240914-Bonn-Festa-san-Carlo-GALLERY-10-Grande-1024x678.jpeg 1x, https:\/\/sancarlo.org\/wp-content\/uploads\/2024\/09\/20240914-Bonn-Festa-san-Carlo-GALLERY-10-Grande.jpeg 2x\"><source media=\"(min-width: 768px)\" srcset=\"https:\/\/sancarlo.org\/wp-content\/uploads\/2024\/09\/20240914-Bonn-Festa-san-Carlo-GALLERY-10-Grande-800x529.jpeg 1x, https:\/\/sancarlo.org\/wp-content\/uploads\/2024\/09\/20240914-Bonn-Festa-san-Carlo-GALLERY-10-Grande.jpeg 2x\"><source media=\"(min-width: 200px)\" srcset=\"https:\/\/sancarlo.org\/wp-content\/uploads\/2024\/09\/20240914-Bonn-Festa-san-Carlo-GALLERY-10-Grande-500x331.jpeg 1x, https:\/\/sancarlo.org\/wp-content\/uploads\/2024\/09\/20240914-Bonn-Festa-san-Carlo-GALLERY-10-Grande-1000x662.jpeg 2x\"><img decoding=\"async\" src=\"data:image\/gif;base64,R0lGODlhAQABAAAAACH5BAEKAAEALAAAAAABAAEAAAICTAEAOw==\" alt=\"\" \/><\/picture><\/figure><figure><picture><source media=\"(min-width: 1280px)\" srcset=\"https:\/\/sancarlo.org\/wp-content\/uploads\/2024\/09\/20240914-Bonn-Festa-san-Carlo-GALLERY-11-Grande.jpeg 1x, https:\/\/sancarlo.org\/wp-content\/uploads\/2024\/09\/20240914-Bonn-Festa-san-Carlo-GALLERY-11-Grande.jpeg 2x\"><source media=\"(min-width: 1024px)\" srcset=\"https:\/\/sancarlo.org\/wp-content\/uploads\/2024\/09\/20240914-Bonn-Festa-san-Carlo-GALLERY-11-Grande-1024x566.jpeg 1x, https:\/\/sancarlo.org\/wp-content\/uploads\/2024\/09\/20240914-Bonn-Festa-san-Carlo-GALLERY-11-Grande.jpeg 2x\"><source media=\"(min-width: 768px)\" srcset=\"https:\/\/sancarlo.org\/wp-content\/uploads\/2024\/09\/20240914-Bonn-Festa-san-Carlo-GALLERY-11-Grande-800x443.jpeg 1x, https:\/\/sancarlo.org\/wp-content\/uploads\/2024\/09\/20240914-Bonn-Festa-san-Carlo-GALLERY-11-Grande.jpeg 2x\"><source media=\"(min-width: 200px)\" srcset=\"https:\/\/sancarlo.org\/wp-content\/uploads\/2024\/09\/20240914-Bonn-Festa-san-Carlo-GALLERY-11-Grande-500x277.jpeg 1x, https:\/\/sancarlo.org\/wp-content\/uploads\/2024\/09\/20240914-Bonn-Festa-san-Carlo-GALLERY-11-Grande-1000x553.jpeg 2x\"><img decoding=\"async\" src=\"data:image\/gif;base64,R0lGODlhAQABAAAAACH5BAEKAAEALAAAAAABAAEAAAICTAEAOw==\" alt=\"\" \/><\/picture><\/figure><figure><picture><source media=\"(min-width: 1280px)\" srcset=\"https:\/\/sancarlo.org\/wp-content\/uploads\/2024\/09\/20240914-Bonn-Festa-san-Carlo-GALLERY-12-Grande.jpeg 1x, https:\/\/sancarlo.org\/wp-content\/uploads\/2024\/09\/20240914-Bonn-Festa-san-Carlo-GALLERY-12-Grande.jpeg 2x\"><source media=\"(min-width: 1024px)\" srcset=\"https:\/\/sancarlo.org\/wp-content\/uploads\/2024\/09\/20240914-Bonn-Festa-san-Carlo-GALLERY-12-Grande-1024x682.jpeg 1x, https:\/\/sancarlo.org\/wp-content\/uploads\/2024\/09\/20240914-Bonn-Festa-san-Carlo-GALLERY-12-Grande.jpeg 2x\"><source media=\"(min-width: 768px)\" srcset=\"https:\/\/sancarlo.org\/wp-content\/uploads\/2024\/09\/20240914-Bonn-Festa-san-Carlo-GALLERY-12-Grande-800x533.jpeg 1x, https:\/\/sancarlo.org\/wp-content\/uploads\/2024\/09\/20240914-Bonn-Festa-san-Carlo-GALLERY-12-Grande.jpeg 2x\"><source media=\"(min-width: 200px)\" srcset=\"https:\/\/sancarlo.org\/wp-content\/uploads\/2024\/09\/20240914-Bonn-Festa-san-Carlo-GALLERY-12-Grande-500x333.jpeg 1x, https:\/\/sancarlo.org\/wp-content\/uploads\/2024\/09\/20240914-Bonn-Festa-san-Carlo-GALLERY-12-Grande-1000x666.jpeg 2x\"><img decoding=\"async\" src=\"data:image\/gif;base64,R0lGODlhAQABAAAAACH5BAEKAAEALAAAAAABAAEAAAICTAEAOw==\" alt=\"\" \/><\/picture><\/figure><figure><picture><source media=\"(min-width: 1280px)\" srcset=\"https:\/\/sancarlo.org\/wp-content\/uploads\/2024\/09\/20240914-Bonn-Festa-san-Carlo-GALLERY-13-Grande.jpeg 1x, https:\/\/sancarlo.org\/wp-content\/uploads\/2024\/09\/20240914-Bonn-Festa-san-Carlo-GALLERY-13-Grande.jpeg 2x\"><source media=\"(min-width: 1024px)\" srcset=\"https:\/\/sancarlo.org\/wp-content\/uploads\/2024\/09\/20240914-Bonn-Festa-san-Carlo-GALLERY-13-Grande-1024x682.jpeg 1x, https:\/\/sancarlo.org\/wp-content\/uploads\/2024\/09\/20240914-Bonn-Festa-san-Carlo-GALLERY-13-Grande.jpeg 2x\"><source media=\"(min-width: 768px)\" srcset=\"https:\/\/sancarlo.org\/wp-content\/uploads\/2024\/09\/20240914-Bonn-Festa-san-Carlo-GALLERY-13-Grande-800x533.jpeg 1x, https:\/\/sancarlo.org\/wp-content\/uploads\/2024\/09\/20240914-Bonn-Festa-san-Carlo-GALLERY-13-Grande.jpeg 2x\"><source media=\"(min-width: 200px)\" srcset=\"https:\/\/sancarlo.org\/wp-content\/uploads\/2024\/09\/20240914-Bonn-Festa-san-Carlo-GALLERY-13-Grande-500x333.jpeg 1x, https:\/\/sancarlo.org\/wp-content\/uploads\/2024\/09\/20240914-Bonn-Festa-san-Carlo-GALLERY-13-Grande-1000x666.jpeg 2x\"><img decoding=\"async\" src=\"data:image\/gif;base64,R0lGODlhAQABAAAAACH5BAEKAAEALAAAAAABAAEAAAICTAEAOw==\" alt=\"\" \/><\/picture><\/figure><figure><picture><source media=\"(min-width: 1280px)\" srcset=\"https:\/\/sancarlo.org\/wp-content\/uploads\/2024\/09\/20240914-Bonn-Festa-san-Carlo-GALLERY-14-Grande.jpeg 1x, https:\/\/sancarlo.org\/wp-content\/uploads\/2024\/09\/20240914-Bonn-Festa-san-Carlo-GALLERY-14-Grande.jpeg 2x\"><source media=\"(min-width: 1024px)\" srcset=\"https:\/\/sancarlo.org\/wp-content\/uploads\/2024\/09\/20240914-Bonn-Festa-san-Carlo-GALLERY-14-Grande-1024x617.jpeg 1x, https:\/\/sancarlo.org\/wp-content\/uploads\/2024\/09\/20240914-Bonn-Festa-san-Carlo-GALLERY-14-Grande.jpeg 2x\"><source media=\"(min-width: 768px)\" srcset=\"https:\/\/sancarlo.org\/wp-content\/uploads\/2024\/09\/20240914-Bonn-Festa-san-Carlo-GALLERY-14-Grande-800x482.jpeg 1x, https:\/\/sancarlo.org\/wp-content\/uploads\/2024\/09\/20240914-Bonn-Festa-san-Carlo-GALLERY-14-Grande.jpeg 2x\"><source media=\"(min-width: 200px)\" srcset=\"https:\/\/sancarlo.org\/wp-content\/uploads\/2024\/09\/20240914-Bonn-Festa-san-Carlo-GALLERY-14-Grande-500x301.jpeg 1x, https:\/\/sancarlo.org\/wp-content\/uploads\/2024\/09\/20240914-Bonn-Festa-san-Carlo-GALLERY-14-Grande-1000x602.jpeg 2x\"><img decoding=\"async\" src=\"data:image\/gif;base64,R0lGODlhAQABAAAAACH5BAEKAAEALAAAAAABAAEAAAICTAEAOw==\" alt=\"\" \/><\/picture><\/figure><figure><picture><source media=\"(min-width: 1280px)\" srcset=\"https:\/\/sancarlo.org\/wp-content\/uploads\/2024\/09\/20240914-Bonn-Festa-san-Carlo-GALLERY-15-Grande.jpeg 1x, https:\/\/sancarlo.org\/wp-content\/uploads\/2024\/09\/20240914-Bonn-Festa-san-Carlo-GALLERY-15-Grande.jpeg 2x\"><source media=\"(min-width: 1024px)\" srcset=\"https:\/\/sancarlo.org\/wp-content\/uploads\/2024\/09\/20240914-Bonn-Festa-san-Carlo-GALLERY-15-Grande-1024x710.jpeg 1x, https:\/\/sancarlo.org\/wp-content\/uploads\/2024\/09\/20240914-Bonn-Festa-san-Carlo-GALLERY-15-Grande.jpeg 2x\"><source media=\"(min-width: 768px)\" srcset=\"https:\/\/sancarlo.org\/wp-content\/uploads\/2024\/09\/20240914-Bonn-Festa-san-Carlo-GALLERY-15-Grande-800x554.jpeg 1x, https:\/\/sancarlo.org\/wp-content\/uploads\/2024\/09\/20240914-Bonn-Festa-san-Carlo-GALLERY-15-Grande.jpeg 2x\"><source media=\"(min-width: 200px)\" srcset=\"https:\/\/sancarlo.org\/wp-content\/uploads\/2024\/09\/20240914-Bonn-Festa-san-Carlo-GALLERY-15-Grande-500x346.jpeg 1x, https:\/\/sancarlo.org\/wp-content\/uploads\/2024\/09\/20240914-Bonn-Festa-san-Carlo-GALLERY-15-Grande-1000x693.jpeg 2x\"><img decoding=\"async\" src=\"data:image\/gif;base64,R0lGODlhAQABAAAAACH5BAEKAAEALAAAAAABAAEAAAICTAEAOw==\" alt=\"\" \/><\/picture><\/figure><figure><picture><source media=\"(min-width: 1280px)\" srcset=\"https:\/\/sancarlo.org\/wp-content\/uploads\/2024\/09\/20240914-Bonn-Festa-san-Carlo-GALLERY-16-Grande.jpeg 1x, https:\/\/sancarlo.org\/wp-content\/uploads\/2024\/09\/20240914-Bonn-Festa-san-Carlo-GALLERY-16-Grande.jpeg 2x\"><source media=\"(min-width: 1024px)\" srcset=\"https:\/\/sancarlo.org\/wp-content\/uploads\/2024\/09\/20240914-Bonn-Festa-san-Carlo-GALLERY-16-Grande-1024x557.jpeg 1x, https:\/\/sancarlo.org\/wp-content\/uploads\/2024\/09\/20240914-Bonn-Festa-san-Carlo-GALLERY-16-Grande.jpeg 2x\"><source media=\"(min-width: 768px)\" srcset=\"https:\/\/sancarlo.org\/wp-content\/uploads\/2024\/09\/20240914-Bonn-Festa-san-Carlo-GALLERY-16-Grande-800x435.jpeg 1x, https:\/\/sancarlo.org\/wp-content\/uploads\/2024\/09\/20240914-Bonn-Festa-san-Carlo-GALLERY-16-Grande.jpeg 2x\"><source media=\"(min-width: 200px)\" srcset=\"https:\/\/sancarlo.org\/wp-content\/uploads\/2024\/09\/20240914-Bonn-Festa-san-Carlo-GALLERY-16-Grande-500x272.jpeg 1x, https:\/\/sancarlo.org\/wp-content\/uploads\/2024\/09\/20240914-Bonn-Festa-san-Carlo-GALLERY-16-Grande-1000x544.jpeg 2x\"><img decoding=\"async\" src=\"data:image\/gif;base64,R0lGODlhAQABAAAAACH5BAEKAAEALAAAAAABAAEAAAICTAEAOw==\" alt=\"\" \/><\/picture><\/figure><figure><picture><source media=\"(min-width: 1280px)\" srcset=\"https:\/\/sancarlo.org\/wp-content\/uploads\/2024\/09\/20240914-Bonn-Festa-san-Carlo-GALLERY-17-Grande.jpeg 1x, https:\/\/sancarlo.org\/wp-content\/uploads\/2024\/09\/20240914-Bonn-Festa-san-Carlo-GALLERY-17-Grande.jpeg 2x\"><source media=\"(min-width: 1024px)\" srcset=\"https:\/\/sancarlo.org\/wp-content\/uploads\/2024\/09\/20240914-Bonn-Festa-san-Carlo-GALLERY-17-Grande-1024x682.jpeg 1x, https:\/\/sancarlo.org\/wp-content\/uploads\/2024\/09\/20240914-Bonn-Festa-san-Carlo-GALLERY-17-Grande.jpeg 2x\"><source media=\"(min-width: 768px)\" srcset=\"https:\/\/sancarlo.org\/wp-content\/uploads\/2024\/09\/20240914-Bonn-Festa-san-Carlo-GALLERY-17-Grande-800x533.jpeg 1x, https:\/\/sancarlo.org\/wp-content\/uploads\/2024\/09\/20240914-Bonn-Festa-san-Carlo-GALLERY-17-Grande.jpeg 2x\"><source media=\"(min-width: 200px)\" srcset=\"https:\/\/sancarlo.org\/wp-content\/uploads\/2024\/09\/20240914-Bonn-Festa-san-Carlo-GALLERY-17-Grande-500x333.jpeg 1x, https:\/\/sancarlo.org\/wp-content\/uploads\/2024\/09\/20240914-Bonn-Festa-san-Carlo-GALLERY-17-Grande-1000x666.jpeg 2x\"><img decoding=\"async\" src=\"data:image\/gif;base64,R0lGODlhAQABAAAAACH5BAEKAAEALAAAAAABAAEAAAICTAEAOw==\" alt=\"\" \/><\/picture><\/figure><\/div><\/div><\/div><\/div><\/div>\n<\/div><\/div><\/div>\n\n\n<p><\/p>\n","protected":false},"excerpt":{"rendered":"<p>Die Gemeindemitglieder von Bad Godesberg (Bonn, Deutschland) und Freunde der deutschen Gemeinschaft der Bewegung Comunione und Liberazione feierten den 39. Jahrestag der Gr\u00fcndung der Priesterbruderschaft von Hl. Karl Borrom\u00e4us. Nach der Feier der Heiligen Messe ging das Fest mit Spielen und Liedern im Au\u00dfenbereich der Kirche weiter. Es war auch eine Gelegenheit, sich von Pater [&hellip;]<\/p>\n","protected":false},"author":3,"featured_media":9168,"comment_status":"closed","ping_status":"closed","sticky":false,"template":"","format":"standard","meta":{"_acf_changed":false,"inline_featured_image":false,"slim_seo":{"title":"Fest der Priesterbruderschaft Hl. Karl Borrom\u00e4us - Priesterbruderschaft des heiligen Karl Borrom\u00e4us","description":"Die Gemeindemitglieder von Bad Godesberg (Bonn, Deutschland) und Freunde der deutschen Gemeinschaft der Bewegung Comunione und Liberazione feierten den 39. Jahr"},"footnotes":""},"categories":[1049],"tags":[940,1050,1051],"writers":[],"regions":[946],"cities":[1002],"class_list":["post-9279","post","type-post","status-publish","format-standard","has-post-thumbnail","hentry","category-galerie","tag-anniversario-de","tag-festa-de","tag-fraternita-de","regions-europa-de","cities-bonn-de"],"acf":[],"_links":{"self":[{"href":"https:\/\/sancarlo.org\/de\/wp-json\/wp\/v2\/posts\/9279","targetHints":{"allow":["GET"]}}],"collection":[{"href":"https:\/\/sancarlo.org\/de\/wp-json\/wp\/v2\/posts"}],"about":[{"href":"https:\/\/sancarlo.org\/de\/wp-json\/wp\/v2\/types\/post"}],"author":[{"embeddable":true,"href":"https:\/\/sancarlo.org\/de\/wp-json\/wp\/v2\/users\/3"}],"replies":[{"embeddable":true,"href":"https:\/\/sancarlo.org\/de\/wp-json\/wp\/v2\/comments?post=9279"}],"version-history":[{"count":1,"href":"https:\/\/sancarlo.org\/de\/wp-json\/wp\/v2\/posts\/9279\/revisions"}],"predecessor-version":[{"id":9281,"href":"https:\/\/sancarlo.org\/de\/wp-json\/wp\/v2\/posts\/9279\/revisions\/9281"}],"wp:featuredmedia":[{"embeddable":true,"href":"https:\/\/sancarlo.org\/de\/wp-json\/wp\/v2\/media\/9168"}],"wp:attachment":[{"href":"https:\/\/sancarlo.org\/de\/wp-json\/wp\/v2\/media?parent=9279"}],"wp:term":[{"taxonomy":"category","embeddable":true,"href":"https:\/\/sancarlo.org\/de\/wp-json\/wp\/v2\/categories?post=9279"},{"taxonomy":"post_tag","embeddable":true,"href":"https:\/\/sancarlo.org\/de\/wp-json\/wp\/v2\/tags?post=9279"},{"taxonomy":"writers","embeddable":true,"href":"https:\/\/sancarlo.org\/de\/wp-json\/wp\/v2\/writers?post=9279"},{"taxonomy":"regions","embeddable":true,"href":"https:\/\/sancarlo.org\/de\/wp-json\/wp\/v2\/regions?post=9279"},{"taxonomy":"cities","embeddable":true,"href":"https:\/\/sancarlo.org\/de\/wp-json\/wp\/v2\/cities?post=9279"}],"curies":[{"name":"wp","href":"https:\/\/api.w.org\/{rel}","templated":true}]}}