{"id":15136,"date":"2025-12-04T15:20:52","date_gmt":"2025-12-04T14:20:52","guid":{"rendered":"https:\/\/sancarlo.org\/?p=15136"},"modified":"2026-01-22T16:35:11","modified_gmt":"2026-01-22T15:35:11","slug":"temporary-incorporation","status":"publish","type":"post","link":"https:\/\/sancarlo.org\/en\/temporary-incorporation\/","title":{"rendered":"Temporary Incorporation"},"content":{"rendered":"\n<p>Sabato 22 novembre, durante una celebrazione nella cappella della Casa di formazione, Paolo Sottopietra, Superiore Generale della Fraternit\u00e0 san Carlo, ha accettato la richiesta di incorporazione temporanea dei seminaristi Andr\u00e9s D\u00edaz Aguado, Luca Camillini, Joseph Stokman e Francesco Zannini. I quattro giovani, provenienti da Italia, Spagna e Stati Uniti, hanno iniziato da pochi mesi il loro secondo anno di formazione.<\/p>\n\n\n<div class=\"wp-block-gallery wp-block-gallery--fnztema gallery\"><div class=\"gallery-inner\"><button class=\"gallery-thumb\" aria-haspopup=\"dialog\" data-modal-trigger=\"modal-cb2a75ae-a457-4b76-bace-1642ef76ebd1\" data-modal-triggerinfo='{\"position\": 0}' data-index=\"0\" aria-label=\"Open gallery from image 1\"><picture><source media=\"(min-width: 200px)\" srcset=\"https:\/\/sancarlo.org\/wp-content\/uploads\/2025\/11\/20251122-CdF-Incorporazioni-Temporanee-1-dimensioni-grandi-400x300.jpeg 1x, https:\/\/sancarlo.org\/wp-content\/uploads\/2025\/11\/20251122-CdF-Incorporazioni-Temporanee-1-dimensioni-grandi-800x600.jpeg 2x\"><img decoding=\"async\" src=\"data:image\/gif;base64,R0lGODlhAQABAAAAACH5BAEKAAEALAAAAAABAAEAAAICTAEAOw==\" alt=\"\" class=\"gallery-thumb-image\" aria-hidden=\"true\"><\/picture><\/button><button class=\"gallery-thumb\" aria-haspopup=\"dialog\" data-modal-trigger=\"modal-cb2a75ae-a457-4b76-bace-1642ef76ebd1\" data-modal-triggerinfo='{\"position\": 1}' data-index=\"1\" aria-label=\"Open gallery from image 2\"><picture><source media=\"(min-width: 200px)\" srcset=\"https:\/\/sancarlo.org\/wp-content\/uploads\/2025\/11\/20251122-CdF-Incorporazioni-Temporanee-2-dimensioni-grandi-400x300.jpeg 1x, https:\/\/sancarlo.org\/wp-content\/uploads\/2025\/11\/20251122-CdF-Incorporazioni-Temporanee-2-dimensioni-grandi-800x600.jpeg 2x\"><img decoding=\"async\" src=\"data:image\/gif;base64,R0lGODlhAQABAAAAACH5BAEKAAEALAAAAAABAAEAAAICTAEAOw==\" alt=\"\" class=\"gallery-thumb-image\" aria-hidden=\"true\"><\/picture><\/button><button class=\"gallery-thumb\" aria-haspopup=\"dialog\" data-modal-trigger=\"modal-cb2a75ae-a457-4b76-bace-1642ef76ebd1\" data-modal-triggerinfo='{\"position\": 2}' data-index=\"2\" aria-label=\"Open gallery from image 3\"><picture><source media=\"(min-width: 200px)\" srcset=\"https:\/\/sancarlo.org\/wp-content\/uploads\/2025\/11\/20251122-CdF-Incorporazioni-Temporanee-5-dimensioni-grandi-400x300.jpeg 1x, https:\/\/sancarlo.org\/wp-content\/uploads\/2025\/11\/20251122-CdF-Incorporazioni-Temporanee-5-dimensioni-grandi-800x600.jpeg 2x\"><img decoding=\"async\" src=\"data:image\/gif;base64,R0lGODlhAQABAAAAACH5BAEKAAEALAAAAAABAAEAAAICTAEAOw==\" alt=\"\" class=\"gallery-thumb-image\" aria-hidden=\"true\"><\/picture><\/button><button class=\"gallery-thumb\" aria-haspopup=\"dialog\" data-modal-trigger=\"modal-cb2a75ae-a457-4b76-bace-1642ef76ebd1\" data-modal-triggerinfo='{\"position\": 3}' data-index=\"3\" aria-label=\"Open gallery from image 4\"><picture><source media=\"(min-width: 200px)\" srcset=\"https:\/\/sancarlo.org\/wp-content\/uploads\/2025\/11\/20251122-CdF-Incorporazioni-Temporanee-9-dimensioni-grandi-400x300.jpeg 1x, https:\/\/sancarlo.org\/wp-content\/uploads\/2025\/11\/20251122-CdF-Incorporazioni-Temporanee-9-dimensioni-grandi-800x600.jpeg 2x\"><img decoding=\"async\" src=\"data:image\/gif;base64,R0lGODlhAQABAAAAACH5BAEKAAEALAAAAAABAAEAAAICTAEAOw==\" alt=\"\" class=\"gallery-thumb-image\" aria-hidden=\"true\"><\/picture><\/button><button class=\"gallery-thumb\" aria-haspopup=\"dialog\" data-modal-trigger=\"modal-cb2a75ae-a457-4b76-bace-1642ef76ebd1\" data-modal-triggerinfo='{\"position\": 4}' data-index=\"4\" aria-label=\"Open gallery from image 5\"><picture><source media=\"(min-width: 200px)\" srcset=\"https:\/\/sancarlo.org\/wp-content\/uploads\/2025\/11\/20251122-CdF-Incorporazioni-Temporanee-11-dimensioni-grandi-400x300.jpeg 1x, https:\/\/sancarlo.org\/wp-content\/uploads\/2025\/11\/20251122-CdF-Incorporazioni-Temporanee-11-dimensioni-grandi-800x600.jpeg 2x\"><img decoding=\"async\" src=\"data:image\/gif;base64,R0lGODlhAQABAAAAACH5BAEKAAEALAAAAAABAAEAAAICTAEAOw==\" alt=\"\" class=\"gallery-thumb-image\" aria-hidden=\"true\"><\/picture><\/button><button class=\"gallery-thumb\" aria-haspopup=\"dialog\" data-modal-trigger=\"modal-cb2a75ae-a457-4b76-bace-1642ef76ebd1\" data-modal-triggerinfo='{\"position\": 5}' data-index=\"5\" aria-label=\"Open gallery from image 6\"><picture><source media=\"(min-width: 200px)\" srcset=\"https:\/\/sancarlo.org\/wp-content\/uploads\/2025\/11\/20251122-CdF-Incorporazioni-Temporanee-14-dimensioni-grandi-400x300.jpeg 1x, https:\/\/sancarlo.org\/wp-content\/uploads\/2025\/11\/20251122-CdF-Incorporazioni-Temporanee-14-dimensioni-grandi-800x600.jpeg 2x\"><img decoding=\"async\" src=\"data:image\/gif;base64,R0lGODlhAQABAAAAACH5BAEKAAEALAAAAAABAAEAAAICTAEAOw==\" alt=\"\" class=\"gallery-thumb-image\" aria-hidden=\"true\"><\/picture><\/button><button class=\"gallery-thumb\" aria-haspopup=\"dialog\" data-modal-trigger=\"modal-cb2a75ae-a457-4b76-bace-1642ef76ebd1\" data-modal-triggerinfo='{\"position\": 6}' data-index=\"6\" aria-label=\"Open gallery from image 7\"><picture><source media=\"(min-width: 200px)\" srcset=\"https:\/\/sancarlo.org\/wp-content\/uploads\/2025\/11\/20251122-CdF-Incorporazioni-Temporanee-15-dimensioni-grandi-400x300.jpeg 1x, https:\/\/sancarlo.org\/wp-content\/uploads\/2025\/11\/20251122-CdF-Incorporazioni-Temporanee-15-dimensioni-grandi-800x600.jpeg 2x\"><img decoding=\"async\" src=\"data:image\/gif;base64,R0lGODlhAQABAAAAACH5BAEKAAEALAAAAAABAAEAAAICTAEAOw==\" alt=\"\" class=\"gallery-thumb-image\" aria-hidden=\"true\"><\/picture><\/button><button class=\"gallery-thumb\" aria-haspopup=\"dialog\" data-modal-trigger=\"modal-cb2a75ae-a457-4b76-bace-1642ef76ebd1\" data-modal-triggerinfo='{\"position\": 7}' data-index=\"7\" aria-label=\"Open gallery from image 8\"><picture><source media=\"(min-width: 200px)\" srcset=\"https:\/\/sancarlo.org\/wp-content\/uploads\/2025\/11\/20251122-CdF-Incorporazioni-Temporanee-16-dimensioni-grandi-400x300.jpeg 1x, https:\/\/sancarlo.org\/wp-content\/uploads\/2025\/11\/20251122-CdF-Incorporazioni-Temporanee-16-dimensioni-grandi-800x600.jpeg 2x\"><img decoding=\"async\" src=\"data:image\/gif;base64,R0lGODlhAQABAAAAACH5BAEKAAEALAAAAAABAAEAAAICTAEAOw==\" alt=\"\" class=\"gallery-thumb-image\" aria-hidden=\"true\"><\/picture><\/button><button class=\"gallery-thumb\" aria-haspopup=\"dialog\" data-modal-trigger=\"modal-cb2a75ae-a457-4b76-bace-1642ef76ebd1\" data-modal-triggerinfo='{\"position\": 8}' data-index=\"8\" aria-label=\"Open gallery from image 9\"><picture><source media=\"(min-width: 200px)\" srcset=\"https:\/\/sancarlo.org\/wp-content\/uploads\/2025\/11\/20251122-CdF-Incorporazioni-Temporanee-18-dimensioni-grandi-400x300.jpeg 1x, https:\/\/sancarlo.org\/wp-content\/uploads\/2025\/11\/20251122-CdF-Incorporazioni-Temporanee-18-dimensioni-grandi-800x600.jpeg 2x\"><img decoding=\"async\" src=\"data:image\/gif;base64,R0lGODlhAQABAAAAACH5BAEKAAEALAAAAAABAAEAAAICTAEAOw==\" alt=\"\" class=\"gallery-thumb-image\" aria-hidden=\"true\"><\/picture><\/button><button class=\"gallery-thumb\" aria-haspopup=\"dialog\" data-modal-trigger=\"modal-cb2a75ae-a457-4b76-bace-1642ef76ebd1\" data-modal-triggerinfo='{\"position\": 9}' data-index=\"9\" aria-label=\"Open gallery from image 10\"><picture><source media=\"(min-width: 200px)\" srcset=\"https:\/\/sancarlo.org\/wp-content\/uploads\/2025\/11\/20251122-CdF-Incorporazioni-Temporanee-20-dimensioni-grandi-400x300.jpeg 1x, https:\/\/sancarlo.org\/wp-content\/uploads\/2025\/11\/20251122-CdF-Incorporazioni-Temporanee-20-dimensioni-grandi-800x600.jpeg 2x\"><img decoding=\"async\" src=\"data:image\/gif;base64,R0lGODlhAQABAAAAACH5BAEKAAEALAAAAAABAAEAAAICTAEAOw==\" alt=\"\" class=\"gallery-thumb-image\" aria-hidden=\"true\"><\/picture><\/button><button class=\"gallery-thumb\" aria-haspopup=\"dialog\" data-modal-trigger=\"modal-cb2a75ae-a457-4b76-bace-1642ef76ebd1\" data-modal-triggerinfo='{\"position\": 10}' data-index=\"10\" aria-label=\"Open gallery from image 11\"><picture><source media=\"(min-width: 200px)\" srcset=\"https:\/\/sancarlo.org\/wp-content\/uploads\/2025\/11\/20251122-CdF-Incorporazioni-Temporanee-24-dimensioni-grandi-400x300.jpeg 1x, https:\/\/sancarlo.org\/wp-content\/uploads\/2025\/11\/20251122-CdF-Incorporazioni-Temporanee-24-dimensioni-grandi-800x600.jpeg 2x\"><img decoding=\"async\" src=\"data:image\/gif;base64,R0lGODlhAQABAAAAACH5BAEKAAEALAAAAAABAAEAAAICTAEAOw==\" alt=\"\" class=\"gallery-thumb-image\" aria-hidden=\"true\"><\/picture><\/button><button class=\"gallery-thumb\" aria-haspopup=\"dialog\" data-modal-trigger=\"modal-cb2a75ae-a457-4b76-bace-1642ef76ebd1\" data-modal-triggerinfo='{\"position\": 11}' data-index=\"11\" aria-label=\"Open gallery from image 12\"><picture><source media=\"(min-width: 200px)\" srcset=\"https:\/\/sancarlo.org\/wp-content\/uploads\/2025\/11\/20251122-CdF-Incorporazioni-Temporanee-29-dimensioni-grandi-400x300.jpeg 1x, https:\/\/sancarlo.org\/wp-content\/uploads\/2025\/11\/20251122-CdF-Incorporazioni-Temporanee-29-dimensioni-grandi-800x600.jpeg 2x\"><img decoding=\"async\" src=\"data:image\/gif;base64,R0lGODlhAQABAAAAACH5BAEKAAEALAAAAAABAAEAAAICTAEAOw==\" alt=\"\" class=\"gallery-thumb-image\" aria-hidden=\"true\"><\/picture><\/button><button class=\"gallery-thumb\" aria-haspopup=\"dialog\" data-modal-trigger=\"modal-cb2a75ae-a457-4b76-bace-1642ef76ebd1\" data-modal-triggerinfo='{\"position\": 12}' data-index=\"12\" aria-label=\"Open gallery from image 13\"><picture><source media=\"(min-width: 200px)\" srcset=\"https:\/\/sancarlo.org\/wp-content\/uploads\/2025\/11\/20251122-CdF-Incorporazioni-Temporanee-31-dimensioni-grandi-400x300.jpeg 1x, https:\/\/sancarlo.org\/wp-content\/uploads\/2025\/11\/20251122-CdF-Incorporazioni-Temporanee-31-dimensioni-grandi-800x600.jpeg 2x\"><img decoding=\"async\" src=\"data:image\/gif;base64,R0lGODlhAQABAAAAACH5BAEKAAEALAAAAAABAAEAAAICTAEAOw==\" alt=\"\" class=\"gallery-thumb-image\" aria-hidden=\"true\"><\/picture><\/button><button class=\"gallery-thumb\" aria-haspopup=\"dialog\" data-modal-trigger=\"modal-cb2a75ae-a457-4b76-bace-1642ef76ebd1\" data-modal-triggerinfo='{\"position\": 13}' data-index=\"13\" aria-label=\"Open gallery from image 14\"><picture><source media=\"(min-width: 200px)\" srcset=\"https:\/\/sancarlo.org\/wp-content\/uploads\/2025\/11\/20251122-CdF-Incorporazioni-Temporanee-37-dimensioni-grandi-400x300.jpeg 1x, https:\/\/sancarlo.org\/wp-content\/uploads\/2025\/11\/20251122-CdF-Incorporazioni-Temporanee-37-dimensioni-grandi-800x600.jpeg 2x\"><img decoding=\"async\" src=\"data:image\/gif;base64,R0lGODlhAQABAAAAACH5BAEKAAEALAAAAAABAAEAAAICTAEAOw==\" alt=\"\" class=\"gallery-thumb-image\" aria-hidden=\"true\"><\/picture><\/button><button class=\"gallery-thumb\" aria-haspopup=\"dialog\" data-modal-trigger=\"modal-cb2a75ae-a457-4b76-bace-1642ef76ebd1\" data-modal-triggerinfo='{\"position\": 14}' data-index=\"14\" aria-label=\"Open gallery from image 15\"><picture><source media=\"(min-width: 200px)\" srcset=\"https:\/\/sancarlo.org\/wp-content\/uploads\/2025\/11\/20251122-CdF-Incorporazioni-Temporanee-38-dimensioni-grandi-400x300.jpeg 1x, https:\/\/sancarlo.org\/wp-content\/uploads\/2025\/11\/20251122-CdF-Incorporazioni-Temporanee-38-dimensioni-grandi-800x600.jpeg 2x\"><img decoding=\"async\" src=\"data:image\/gif;base64,R0lGODlhAQABAAAAACH5BAEKAAEALAAAAAABAAEAAAICTAEAOw==\" alt=\"\" class=\"gallery-thumb-image\" aria-hidden=\"true\"><\/picture><\/button><button class=\"gallery-thumb\" aria-haspopup=\"dialog\" data-modal-trigger=\"modal-cb2a75ae-a457-4b76-bace-1642ef76ebd1\" data-modal-triggerinfo='{\"position\": 15}' data-index=\"15\" aria-label=\"Open gallery from image 16\"><picture><source media=\"(min-width: 200px)\" srcset=\"https:\/\/sancarlo.org\/wp-content\/uploads\/2025\/11\/20251122-CdF-Incorporazioni-Temporanee-39-dimensioni-grandi-400x300.jpeg 1x, https:\/\/sancarlo.org\/wp-content\/uploads\/2025\/11\/20251122-CdF-Incorporazioni-Temporanee-39-dimensioni-grandi-800x600.jpeg 2x\"><img decoding=\"async\" src=\"data:image\/gif;base64,R0lGODlhAQABAAAAACH5BAEKAAEALAAAAAABAAEAAAICTAEAOw==\" alt=\"\" class=\"gallery-thumb-image\" aria-hidden=\"true\"><\/picture><\/button><div class=\"modal modal--full modal--gallery\" id=\"modal-cb2a75ae-a457-4b76-bace-1642ef76ebd1\" aria-hidden=\"true\">\n<div class=\"modal-overlay\" tabindex=\"-1\" data-modal-close><div class=\"modal-dialog\" data-component=\"modal_gallery\" role=\"dialog\" aria-modal=\"true\" ><button class=\"modal-close\" aria-label=\"close\" data-modal-close><\/button><div class=\"modal-content\"><div class=\"gallery-slides\"><div class=\"gallery-slides-inner\"><figure><picture><source media=\"(min-width: 1280px)\" srcset=\"https:\/\/sancarlo.org\/wp-content\/uploads\/2025\/11\/20251122-CdF-Incorporazioni-Temporanee-1-dimensioni-grandi.jpeg 1x, https:\/\/sancarlo.org\/wp-content\/uploads\/2025\/11\/20251122-CdF-Incorporazioni-Temporanee-1-dimensioni-grandi.jpeg 2x\"><source media=\"(min-width: 1024px)\" srcset=\"https:\/\/sancarlo.org\/wp-content\/uploads\/2025\/11\/20251122-CdF-Incorporazioni-Temporanee-1-dimensioni-grandi-1024x682.jpeg 1x, https:\/\/sancarlo.org\/wp-content\/uploads\/2025\/11\/20251122-CdF-Incorporazioni-Temporanee-1-dimensioni-grandi.jpeg 2x\"><source media=\"(min-width: 768px)\" srcset=\"https:\/\/sancarlo.org\/wp-content\/uploads\/2025\/11\/20251122-CdF-Incorporazioni-Temporanee-1-dimensioni-grandi-800x533.jpeg 1x, https:\/\/sancarlo.org\/wp-content\/uploads\/2025\/11\/20251122-CdF-Incorporazioni-Temporanee-1-dimensioni-grandi.jpeg 2x\"><source media=\"(min-width: 200px)\" srcset=\"https:\/\/sancarlo.org\/wp-content\/uploads\/2025\/11\/20251122-CdF-Incorporazioni-Temporanee-1-dimensioni-grandi-500x333.jpeg 1x, https:\/\/sancarlo.org\/wp-content\/uploads\/2025\/11\/20251122-CdF-Incorporazioni-Temporanee-1-dimensioni-grandi-1000x666.jpeg 2x\"><img decoding=\"async\" src=\"data:image\/gif;base64,R0lGODlhAQABAAAAACH5BAEKAAEALAAAAAABAAEAAAICTAEAOw==\" alt=\"\" \/><\/picture><\/figure><figure><picture><source media=\"(min-width: 1280px)\" srcset=\"https:\/\/sancarlo.org\/wp-content\/uploads\/2025\/11\/20251122-CdF-Incorporazioni-Temporanee-2-dimensioni-grandi.jpeg 1x, https:\/\/sancarlo.org\/wp-content\/uploads\/2025\/11\/20251122-CdF-Incorporazioni-Temporanee-2-dimensioni-grandi.jpeg 2x\"><source media=\"(min-width: 1024px)\" srcset=\"https:\/\/sancarlo.org\/wp-content\/uploads\/2025\/11\/20251122-CdF-Incorporazioni-Temporanee-2-dimensioni-grandi-1024x682.jpeg 1x, https:\/\/sancarlo.org\/wp-content\/uploads\/2025\/11\/20251122-CdF-Incorporazioni-Temporanee-2-dimensioni-grandi.jpeg 2x\"><source media=\"(min-width: 768px)\" srcset=\"https:\/\/sancarlo.org\/wp-content\/uploads\/2025\/11\/20251122-CdF-Incorporazioni-Temporanee-2-dimensioni-grandi-800x533.jpeg 1x, https:\/\/sancarlo.org\/wp-content\/uploads\/2025\/11\/20251122-CdF-Incorporazioni-Temporanee-2-dimensioni-grandi.jpeg 2x\"><source media=\"(min-width: 200px)\" srcset=\"https:\/\/sancarlo.org\/wp-content\/uploads\/2025\/11\/20251122-CdF-Incorporazioni-Temporanee-2-dimensioni-grandi-500x333.jpeg 1x, https:\/\/sancarlo.org\/wp-content\/uploads\/2025\/11\/20251122-CdF-Incorporazioni-Temporanee-2-dimensioni-grandi-1000x666.jpeg 2x\"><img decoding=\"async\" src=\"data:image\/gif;base64,R0lGODlhAQABAAAAACH5BAEKAAEALAAAAAABAAEAAAICTAEAOw==\" alt=\"\" \/><\/picture><\/figure><figure><picture><source media=\"(min-width: 1280px)\" srcset=\"https:\/\/sancarlo.org\/wp-content\/uploads\/2025\/11\/20251122-CdF-Incorporazioni-Temporanee-5-dimensioni-grandi.jpeg 1x, https:\/\/sancarlo.org\/wp-content\/uploads\/2025\/11\/20251122-CdF-Incorporazioni-Temporanee-5-dimensioni-grandi.jpeg 2x\"><source media=\"(min-width: 1024px)\" srcset=\"https:\/\/sancarlo.org\/wp-content\/uploads\/2025\/11\/20251122-CdF-Incorporazioni-Temporanee-5-dimensioni-grandi-1024x682.jpeg 1x, https:\/\/sancarlo.org\/wp-content\/uploads\/2025\/11\/20251122-CdF-Incorporazioni-Temporanee-5-dimensioni-grandi.jpeg 2x\"><source media=\"(min-width: 768px)\" srcset=\"https:\/\/sancarlo.org\/wp-content\/uploads\/2025\/11\/20251122-CdF-Incorporazioni-Temporanee-5-dimensioni-grandi-800x533.jpeg 1x, https:\/\/sancarlo.org\/wp-content\/uploads\/2025\/11\/20251122-CdF-Incorporazioni-Temporanee-5-dimensioni-grandi.jpeg 2x\"><source media=\"(min-width: 200px)\" srcset=\"https:\/\/sancarlo.org\/wp-content\/uploads\/2025\/11\/20251122-CdF-Incorporazioni-Temporanee-5-dimensioni-grandi-500x333.jpeg 1x, https:\/\/sancarlo.org\/wp-content\/uploads\/2025\/11\/20251122-CdF-Incorporazioni-Temporanee-5-dimensioni-grandi-1000x666.jpeg 2x\"><img decoding=\"async\" src=\"data:image\/gif;base64,R0lGODlhAQABAAAAACH5BAEKAAEALAAAAAABAAEAAAICTAEAOw==\" alt=\"\" \/><\/picture><\/figure><figure><picture><source media=\"(min-width: 1280px)\" srcset=\"https:\/\/sancarlo.org\/wp-content\/uploads\/2025\/11\/20251122-CdF-Incorporazioni-Temporanee-9-dimensioni-grandi.jpeg 1x, https:\/\/sancarlo.org\/wp-content\/uploads\/2025\/11\/20251122-CdF-Incorporazioni-Temporanee-9-dimensioni-grandi.jpeg 2x\"><source media=\"(min-width: 1024px)\" srcset=\"https:\/\/sancarlo.org\/wp-content\/uploads\/2025\/11\/20251122-CdF-Incorporazioni-Temporanee-9-dimensioni-grandi-1024x682.jpeg 1x, https:\/\/sancarlo.org\/wp-content\/uploads\/2025\/11\/20251122-CdF-Incorporazioni-Temporanee-9-dimensioni-grandi.jpeg 2x\"><source media=\"(min-width: 768px)\" srcset=\"https:\/\/sancarlo.org\/wp-content\/uploads\/2025\/11\/20251122-CdF-Incorporazioni-Temporanee-9-dimensioni-grandi-800x533.jpeg 1x, https:\/\/sancarlo.org\/wp-content\/uploads\/2025\/11\/20251122-CdF-Incorporazioni-Temporanee-9-dimensioni-grandi.jpeg 2x\"><source media=\"(min-width: 200px)\" srcset=\"https:\/\/sancarlo.org\/wp-content\/uploads\/2025\/11\/20251122-CdF-Incorporazioni-Temporanee-9-dimensioni-grandi-500x333.jpeg 1x, https:\/\/sancarlo.org\/wp-content\/uploads\/2025\/11\/20251122-CdF-Incorporazioni-Temporanee-9-dimensioni-grandi-1000x666.jpeg 2x\"><img decoding=\"async\" src=\"data:image\/gif;base64,R0lGODlhAQABAAAAACH5BAEKAAEALAAAAAABAAEAAAICTAEAOw==\" alt=\"\" \/><\/picture><\/figure><figure><picture><source media=\"(min-width: 1280px)\" srcset=\"https:\/\/sancarlo.org\/wp-content\/uploads\/2025\/11\/20251122-CdF-Incorporazioni-Temporanee-11-dimensioni-grandi.jpeg 1x, https:\/\/sancarlo.org\/wp-content\/uploads\/2025\/11\/20251122-CdF-Incorporazioni-Temporanee-11-dimensioni-grandi.jpeg 2x\"><source media=\"(min-width: 1024px)\" srcset=\"https:\/\/sancarlo.org\/wp-content\/uploads\/2025\/11\/20251122-CdF-Incorporazioni-Temporanee-11-dimensioni-grandi-1024x682.jpeg 1x, https:\/\/sancarlo.org\/wp-content\/uploads\/2025\/11\/20251122-CdF-Incorporazioni-Temporanee-11-dimensioni-grandi.jpeg 2x\"><source media=\"(min-width: 768px)\" srcset=\"https:\/\/sancarlo.org\/wp-content\/uploads\/2025\/11\/20251122-CdF-Incorporazioni-Temporanee-11-dimensioni-grandi-800x533.jpeg 1x, https:\/\/sancarlo.org\/wp-content\/uploads\/2025\/11\/20251122-CdF-Incorporazioni-Temporanee-11-dimensioni-grandi.jpeg 2x\"><source media=\"(min-width: 200px)\" srcset=\"https:\/\/sancarlo.org\/wp-content\/uploads\/2025\/11\/20251122-CdF-Incorporazioni-Temporanee-11-dimensioni-grandi-500x333.jpeg 1x, https:\/\/sancarlo.org\/wp-content\/uploads\/2025\/11\/20251122-CdF-Incorporazioni-Temporanee-11-dimensioni-grandi-1000x666.jpeg 2x\"><img decoding=\"async\" src=\"data:image\/gif;base64,R0lGODlhAQABAAAAACH5BAEKAAEALAAAAAABAAEAAAICTAEAOw==\" alt=\"\" \/><\/picture><\/figure><figure><picture><source media=\"(min-width: 1280px)\" srcset=\"https:\/\/sancarlo.org\/wp-content\/uploads\/2025\/11\/20251122-CdF-Incorporazioni-Temporanee-14-dimensioni-grandi.jpeg 1x, https:\/\/sancarlo.org\/wp-content\/uploads\/2025\/11\/20251122-CdF-Incorporazioni-Temporanee-14-dimensioni-grandi.jpeg 2x\"><source media=\"(min-width: 1024px)\" srcset=\"https:\/\/sancarlo.org\/wp-content\/uploads\/2025\/11\/20251122-CdF-Incorporazioni-Temporanee-14-dimensioni-grandi-1024x682.jpeg 1x, https:\/\/sancarlo.org\/wp-content\/uploads\/2025\/11\/20251122-CdF-Incorporazioni-Temporanee-14-dimensioni-grandi.jpeg 2x\"><source media=\"(min-width: 768px)\" srcset=\"https:\/\/sancarlo.org\/wp-content\/uploads\/2025\/11\/20251122-CdF-Incorporazioni-Temporanee-14-dimensioni-grandi-800x533.jpeg 1x, https:\/\/sancarlo.org\/wp-content\/uploads\/2025\/11\/20251122-CdF-Incorporazioni-Temporanee-14-dimensioni-grandi.jpeg 2x\"><source media=\"(min-width: 200px)\" srcset=\"https:\/\/sancarlo.org\/wp-content\/uploads\/2025\/11\/20251122-CdF-Incorporazioni-Temporanee-14-dimensioni-grandi-500x333.jpeg 1x, https:\/\/sancarlo.org\/wp-content\/uploads\/2025\/11\/20251122-CdF-Incorporazioni-Temporanee-14-dimensioni-grandi-1000x666.jpeg 2x\"><img decoding=\"async\" src=\"data:image\/gif;base64,R0lGODlhAQABAAAAACH5BAEKAAEALAAAAAABAAEAAAICTAEAOw==\" alt=\"\" \/><\/picture><\/figure><figure><picture><source media=\"(min-width: 1280px)\" srcset=\"https:\/\/sancarlo.org\/wp-content\/uploads\/2025\/11\/20251122-CdF-Incorporazioni-Temporanee-15-dimensioni-grandi.jpeg 1x, https:\/\/sancarlo.org\/wp-content\/uploads\/2025\/11\/20251122-CdF-Incorporazioni-Temporanee-15-dimensioni-grandi.jpeg 2x\"><source media=\"(min-width: 1024px)\" srcset=\"https:\/\/sancarlo.org\/wp-content\/uploads\/2025\/11\/20251122-CdF-Incorporazioni-Temporanee-15-dimensioni-grandi-1024x682.jpeg 1x, https:\/\/sancarlo.org\/wp-content\/uploads\/2025\/11\/20251122-CdF-Incorporazioni-Temporanee-15-dimensioni-grandi.jpeg 2x\"><source media=\"(min-width: 768px)\" srcset=\"https:\/\/sancarlo.org\/wp-content\/uploads\/2025\/11\/20251122-CdF-Incorporazioni-Temporanee-15-dimensioni-grandi-800x533.jpeg 1x, https:\/\/sancarlo.org\/wp-content\/uploads\/2025\/11\/20251122-CdF-Incorporazioni-Temporanee-15-dimensioni-grandi.jpeg 2x\"><source media=\"(min-width: 200px)\" srcset=\"https:\/\/sancarlo.org\/wp-content\/uploads\/2025\/11\/20251122-CdF-Incorporazioni-Temporanee-15-dimensioni-grandi-500x333.jpeg 1x, https:\/\/sancarlo.org\/wp-content\/uploads\/2025\/11\/20251122-CdF-Incorporazioni-Temporanee-15-dimensioni-grandi-1000x666.jpeg 2x\"><img decoding=\"async\" src=\"data:image\/gif;base64,R0lGODlhAQABAAAAACH5BAEKAAEALAAAAAABAAEAAAICTAEAOw==\" alt=\"\" \/><\/picture><\/figure><figure><picture><source media=\"(min-width: 1280px)\" srcset=\"https:\/\/sancarlo.org\/wp-content\/uploads\/2025\/11\/20251122-CdF-Incorporazioni-Temporanee-16-dimensioni-grandi.jpeg 1x, https:\/\/sancarlo.org\/wp-content\/uploads\/2025\/11\/20251122-CdF-Incorporazioni-Temporanee-16-dimensioni-grandi.jpeg 2x\"><source media=\"(min-width: 1024px)\" srcset=\"https:\/\/sancarlo.org\/wp-content\/uploads\/2025\/11\/20251122-CdF-Incorporazioni-Temporanee-16-dimensioni-grandi-1024x682.jpeg 1x, https:\/\/sancarlo.org\/wp-content\/uploads\/2025\/11\/20251122-CdF-Incorporazioni-Temporanee-16-dimensioni-grandi.jpeg 2x\"><source media=\"(min-width: 768px)\" srcset=\"https:\/\/sancarlo.org\/wp-content\/uploads\/2025\/11\/20251122-CdF-Incorporazioni-Temporanee-16-dimensioni-grandi-800x533.jpeg 1x, https:\/\/sancarlo.org\/wp-content\/uploads\/2025\/11\/20251122-CdF-Incorporazioni-Temporanee-16-dimensioni-grandi.jpeg 2x\"><source media=\"(min-width: 200px)\" srcset=\"https:\/\/sancarlo.org\/wp-content\/uploads\/2025\/11\/20251122-CdF-Incorporazioni-Temporanee-16-dimensioni-grandi-500x333.jpeg 1x, https:\/\/sancarlo.org\/wp-content\/uploads\/2025\/11\/20251122-CdF-Incorporazioni-Temporanee-16-dimensioni-grandi-1000x666.jpeg 2x\"><img decoding=\"async\" src=\"data:image\/gif;base64,R0lGODlhAQABAAAAACH5BAEKAAEALAAAAAABAAEAAAICTAEAOw==\" alt=\"\" \/><\/picture><\/figure><figure><picture><source media=\"(min-width: 1280px)\" srcset=\"https:\/\/sancarlo.org\/wp-content\/uploads\/2025\/11\/20251122-CdF-Incorporazioni-Temporanee-18-dimensioni-grandi.jpeg 1x, https:\/\/sancarlo.org\/wp-content\/uploads\/2025\/11\/20251122-CdF-Incorporazioni-Temporanee-18-dimensioni-grandi.jpeg 2x\"><source media=\"(min-width: 1024px)\" srcset=\"https:\/\/sancarlo.org\/wp-content\/uploads\/2025\/11\/20251122-CdF-Incorporazioni-Temporanee-18-dimensioni-grandi-1024x682.jpeg 1x, https:\/\/sancarlo.org\/wp-content\/uploads\/2025\/11\/20251122-CdF-Incorporazioni-Temporanee-18-dimensioni-grandi.jpeg 2x\"><source media=\"(min-width: 768px)\" srcset=\"https:\/\/sancarlo.org\/wp-content\/uploads\/2025\/11\/20251122-CdF-Incorporazioni-Temporanee-18-dimensioni-grandi-800x533.jpeg 1x, https:\/\/sancarlo.org\/wp-content\/uploads\/2025\/11\/20251122-CdF-Incorporazioni-Temporanee-18-dimensioni-grandi.jpeg 2x\"><source media=\"(min-width: 200px)\" srcset=\"https:\/\/sancarlo.org\/wp-content\/uploads\/2025\/11\/20251122-CdF-Incorporazioni-Temporanee-18-dimensioni-grandi-500x333.jpeg 1x, https:\/\/sancarlo.org\/wp-content\/uploads\/2025\/11\/20251122-CdF-Incorporazioni-Temporanee-18-dimensioni-grandi-1000x666.jpeg 2x\"><img decoding=\"async\" src=\"data:image\/gif;base64,R0lGODlhAQABAAAAACH5BAEKAAEALAAAAAABAAEAAAICTAEAOw==\" alt=\"\" \/><\/picture><\/figure><figure><picture><source media=\"(min-width: 1280px)\" srcset=\"https:\/\/sancarlo.org\/wp-content\/uploads\/2025\/11\/20251122-CdF-Incorporazioni-Temporanee-20-dimensioni-grandi.jpeg 1x, https:\/\/sancarlo.org\/wp-content\/uploads\/2025\/11\/20251122-CdF-Incorporazioni-Temporanee-20-dimensioni-grandi.jpeg 2x\"><source media=\"(min-width: 1024px)\" srcset=\"https:\/\/sancarlo.org\/wp-content\/uploads\/2025\/11\/20251122-CdF-Incorporazioni-Temporanee-20-dimensioni-grandi-1024x682.jpeg 1x, https:\/\/sancarlo.org\/wp-content\/uploads\/2025\/11\/20251122-CdF-Incorporazioni-Temporanee-20-dimensioni-grandi.jpeg 2x\"><source media=\"(min-width: 768px)\" srcset=\"https:\/\/sancarlo.org\/wp-content\/uploads\/2025\/11\/20251122-CdF-Incorporazioni-Temporanee-20-dimensioni-grandi-800x533.jpeg 1x, https:\/\/sancarlo.org\/wp-content\/uploads\/2025\/11\/20251122-CdF-Incorporazioni-Temporanee-20-dimensioni-grandi.jpeg 2x\"><source media=\"(min-width: 200px)\" srcset=\"https:\/\/sancarlo.org\/wp-content\/uploads\/2025\/11\/20251122-CdF-Incorporazioni-Temporanee-20-dimensioni-grandi-500x333.jpeg 1x, https:\/\/sancarlo.org\/wp-content\/uploads\/2025\/11\/20251122-CdF-Incorporazioni-Temporanee-20-dimensioni-grandi-1000x666.jpeg 2x\"><img decoding=\"async\" src=\"data:image\/gif;base64,R0lGODlhAQABAAAAACH5BAEKAAEALAAAAAABAAEAAAICTAEAOw==\" alt=\"\" \/><\/picture><\/figure><figure><picture><source media=\"(min-width: 1280px)\" srcset=\"https:\/\/sancarlo.org\/wp-content\/uploads\/2025\/11\/20251122-CdF-Incorporazioni-Temporanee-24-dimensioni-grandi.jpeg 1x, https:\/\/sancarlo.org\/wp-content\/uploads\/2025\/11\/20251122-CdF-Incorporazioni-Temporanee-24-dimensioni-grandi.jpeg 2x\"><source media=\"(min-width: 1024px)\" srcset=\"https:\/\/sancarlo.org\/wp-content\/uploads\/2025\/11\/20251122-CdF-Incorporazioni-Temporanee-24-dimensioni-grandi-1024x682.jpeg 1x, https:\/\/sancarlo.org\/wp-content\/uploads\/2025\/11\/20251122-CdF-Incorporazioni-Temporanee-24-dimensioni-grandi.jpeg 2x\"><source media=\"(min-width: 768px)\" srcset=\"https:\/\/sancarlo.org\/wp-content\/uploads\/2025\/11\/20251122-CdF-Incorporazioni-Temporanee-24-dimensioni-grandi-800x533.jpeg 1x, https:\/\/sancarlo.org\/wp-content\/uploads\/2025\/11\/20251122-CdF-Incorporazioni-Temporanee-24-dimensioni-grandi.jpeg 2x\"><source media=\"(min-width: 200px)\" srcset=\"https:\/\/sancarlo.org\/wp-content\/uploads\/2025\/11\/20251122-CdF-Incorporazioni-Temporanee-24-dimensioni-grandi-500x333.jpeg 1x, https:\/\/sancarlo.org\/wp-content\/uploads\/2025\/11\/20251122-CdF-Incorporazioni-Temporanee-24-dimensioni-grandi-1000x666.jpeg 2x\"><img decoding=\"async\" src=\"data:image\/gif;base64,R0lGODlhAQABAAAAACH5BAEKAAEALAAAAAABAAEAAAICTAEAOw==\" alt=\"\" \/><\/picture><\/figure><figure><picture><source media=\"(min-width: 1280px)\" srcset=\"https:\/\/sancarlo.org\/wp-content\/uploads\/2025\/11\/20251122-CdF-Incorporazioni-Temporanee-29-dimensioni-grandi.jpeg 1x, https:\/\/sancarlo.org\/wp-content\/uploads\/2025\/11\/20251122-CdF-Incorporazioni-Temporanee-29-dimensioni-grandi.jpeg 2x\"><source media=\"(min-width: 1024px)\" srcset=\"https:\/\/sancarlo.org\/wp-content\/uploads\/2025\/11\/20251122-CdF-Incorporazioni-Temporanee-29-dimensioni-grandi-1024x682.jpeg 1x, https:\/\/sancarlo.org\/wp-content\/uploads\/2025\/11\/20251122-CdF-Incorporazioni-Temporanee-29-dimensioni-grandi.jpeg 2x\"><source media=\"(min-width: 768px)\" srcset=\"https:\/\/sancarlo.org\/wp-content\/uploads\/2025\/11\/20251122-CdF-Incorporazioni-Temporanee-29-dimensioni-grandi-800x533.jpeg 1x, https:\/\/sancarlo.org\/wp-content\/uploads\/2025\/11\/20251122-CdF-Incorporazioni-Temporanee-29-dimensioni-grandi.jpeg 2x\"><source media=\"(min-width: 200px)\" srcset=\"https:\/\/sancarlo.org\/wp-content\/uploads\/2025\/11\/20251122-CdF-Incorporazioni-Temporanee-29-dimensioni-grandi-500x333.jpeg 1x, https:\/\/sancarlo.org\/wp-content\/uploads\/2025\/11\/20251122-CdF-Incorporazioni-Temporanee-29-dimensioni-grandi-1000x666.jpeg 2x\"><img decoding=\"async\" src=\"data:image\/gif;base64,R0lGODlhAQABAAAAACH5BAEKAAEALAAAAAABAAEAAAICTAEAOw==\" alt=\"\" \/><\/picture><\/figure><figure><picture><source media=\"(min-width: 1280px)\" srcset=\"https:\/\/sancarlo.org\/wp-content\/uploads\/2025\/11\/20251122-CdF-Incorporazioni-Temporanee-31-dimensioni-grandi.jpeg 1x, https:\/\/sancarlo.org\/wp-content\/uploads\/2025\/11\/20251122-CdF-Incorporazioni-Temporanee-31-dimensioni-grandi.jpeg 2x\"><source media=\"(min-width: 1024px)\" srcset=\"https:\/\/sancarlo.org\/wp-content\/uploads\/2025\/11\/20251122-CdF-Incorporazioni-Temporanee-31-dimensioni-grandi-1024x682.jpeg 1x, https:\/\/sancarlo.org\/wp-content\/uploads\/2025\/11\/20251122-CdF-Incorporazioni-Temporanee-31-dimensioni-grandi.jpeg 2x\"><source media=\"(min-width: 768px)\" srcset=\"https:\/\/sancarlo.org\/wp-content\/uploads\/2025\/11\/20251122-CdF-Incorporazioni-Temporanee-31-dimensioni-grandi-800x533.jpeg 1x, https:\/\/sancarlo.org\/wp-content\/uploads\/2025\/11\/20251122-CdF-Incorporazioni-Temporanee-31-dimensioni-grandi.jpeg 2x\"><source media=\"(min-width: 200px)\" srcset=\"https:\/\/sancarlo.org\/wp-content\/uploads\/2025\/11\/20251122-CdF-Incorporazioni-Temporanee-31-dimensioni-grandi-500x333.jpeg 1x, https:\/\/sancarlo.org\/wp-content\/uploads\/2025\/11\/20251122-CdF-Incorporazioni-Temporanee-31-dimensioni-grandi-1000x666.jpeg 2x\"><img decoding=\"async\" src=\"data:image\/gif;base64,R0lGODlhAQABAAAAACH5BAEKAAEALAAAAAABAAEAAAICTAEAOw==\" alt=\"\" \/><\/picture><\/figure><figure><picture><source media=\"(min-width: 1280px)\" srcset=\"https:\/\/sancarlo.org\/wp-content\/uploads\/2025\/11\/20251122-CdF-Incorporazioni-Temporanee-37-dimensioni-grandi.jpeg 1x, https:\/\/sancarlo.org\/wp-content\/uploads\/2025\/11\/20251122-CdF-Incorporazioni-Temporanee-37-dimensioni-grandi.jpeg 2x\"><source media=\"(min-width: 1024px)\" srcset=\"https:\/\/sancarlo.org\/wp-content\/uploads\/2025\/11\/20251122-CdF-Incorporazioni-Temporanee-37-dimensioni-grandi-1024x576.jpeg 1x, https:\/\/sancarlo.org\/wp-content\/uploads\/2025\/11\/20251122-CdF-Incorporazioni-Temporanee-37-dimensioni-grandi.jpeg 2x\"><source media=\"(min-width: 768px)\" srcset=\"https:\/\/sancarlo.org\/wp-content\/uploads\/2025\/11\/20251122-CdF-Incorporazioni-Temporanee-37-dimensioni-grandi-800x450.jpeg 1x, https:\/\/sancarlo.org\/wp-content\/uploads\/2025\/11\/20251122-CdF-Incorporazioni-Temporanee-37-dimensioni-grandi.jpeg 2x\"><source media=\"(min-width: 200px)\" srcset=\"https:\/\/sancarlo.org\/wp-content\/uploads\/2025\/11\/20251122-CdF-Incorporazioni-Temporanee-37-dimensioni-grandi-500x281.jpeg 1x, https:\/\/sancarlo.org\/wp-content\/uploads\/2025\/11\/20251122-CdF-Incorporazioni-Temporanee-37-dimensioni-grandi-1000x563.jpeg 2x\"><img decoding=\"async\" src=\"data:image\/gif;base64,R0lGODlhAQABAAAAACH5BAEKAAEALAAAAAABAAEAAAICTAEAOw==\" alt=\"\" \/><\/picture><\/figure><figure><picture><source media=\"(min-width: 1280px)\" srcset=\"https:\/\/sancarlo.org\/wp-content\/uploads\/2025\/11\/20251122-CdF-Incorporazioni-Temporanee-38-dimensioni-grandi.jpeg 1x, https:\/\/sancarlo.org\/wp-content\/uploads\/2025\/11\/20251122-CdF-Incorporazioni-Temporanee-38-dimensioni-grandi.jpeg 2x\"><source media=\"(min-width: 1024px)\" srcset=\"https:\/\/sancarlo.org\/wp-content\/uploads\/2025\/11\/20251122-CdF-Incorporazioni-Temporanee-38-dimensioni-grandi-1024x682.jpeg 1x, https:\/\/sancarlo.org\/wp-content\/uploads\/2025\/11\/20251122-CdF-Incorporazioni-Temporanee-38-dimensioni-grandi.jpeg 2x\"><source media=\"(min-width: 768px)\" srcset=\"https:\/\/sancarlo.org\/wp-content\/uploads\/2025\/11\/20251122-CdF-Incorporazioni-Temporanee-38-dimensioni-grandi-800x533.jpeg 1x, https:\/\/sancarlo.org\/wp-content\/uploads\/2025\/11\/20251122-CdF-Incorporazioni-Temporanee-38-dimensioni-grandi.jpeg 2x\"><source media=\"(min-width: 200px)\" srcset=\"https:\/\/sancarlo.org\/wp-content\/uploads\/2025\/11\/20251122-CdF-Incorporazioni-Temporanee-38-dimensioni-grandi-500x333.jpeg 1x, https:\/\/sancarlo.org\/wp-content\/uploads\/2025\/11\/20251122-CdF-Incorporazioni-Temporanee-38-dimensioni-grandi-1000x666.jpeg 2x\"><img decoding=\"async\" src=\"data:image\/gif;base64,R0lGODlhAQABAAAAACH5BAEKAAEALAAAAAABAAEAAAICTAEAOw==\" alt=\"\" \/><\/picture><\/figure><figure><picture><source media=\"(min-width: 1280px)\" srcset=\"https:\/\/sancarlo.org\/wp-content\/uploads\/2025\/11\/20251122-CdF-Incorporazioni-Temporanee-39-dimensioni-grandi.jpeg 1x, https:\/\/sancarlo.org\/wp-content\/uploads\/2025\/11\/20251122-CdF-Incorporazioni-Temporanee-39-dimensioni-grandi.jpeg 2x\"><source media=\"(min-width: 1024px)\" srcset=\"https:\/\/sancarlo.org\/wp-content\/uploads\/2025\/11\/20251122-CdF-Incorporazioni-Temporanee-39-dimensioni-grandi-1024x682.jpeg 1x, https:\/\/sancarlo.org\/wp-content\/uploads\/2025\/11\/20251122-CdF-Incorporazioni-Temporanee-39-dimensioni-grandi.jpeg 2x\"><source media=\"(min-width: 768px)\" srcset=\"https:\/\/sancarlo.org\/wp-content\/uploads\/2025\/11\/20251122-CdF-Incorporazioni-Temporanee-39-dimensioni-grandi-800x533.jpeg 1x, https:\/\/sancarlo.org\/wp-content\/uploads\/2025\/11\/20251122-CdF-Incorporazioni-Temporanee-39-dimensioni-grandi.jpeg 2x\"><source media=\"(min-width: 200px)\" srcset=\"https:\/\/sancarlo.org\/wp-content\/uploads\/2025\/11\/20251122-CdF-Incorporazioni-Temporanee-39-dimensioni-grandi-500x333.jpeg 1x, https:\/\/sancarlo.org\/wp-content\/uploads\/2025\/11\/20251122-CdF-Incorporazioni-Temporanee-39-dimensioni-grandi-1000x666.jpeg 2x\"><img decoding=\"async\" src=\"data:image\/gif;base64,R0lGODlhAQABAAAAACH5BAEKAAEALAAAAAABAAEAAAICTAEAOw==\" alt=\"\" \/><\/picture><\/figure><\/div><\/div><\/div><\/div><\/div>\n<\/div><\/div><\/div>","protected":false},"excerpt":{"rendered":"<p>On Saturday, Oct. 26, the temporary incorporation of four young seminarians from Italy, Spain and the United States took place in the chapel of the House of Formation.<\/p>\n","protected":false},"author":1,"featured_media":16671,"comment_status":"closed","ping_status":"closed","sticky":false,"template":"","format":"standard","meta":{"_acf_changed":false,"inline_featured_image":false,"slim_seo":{"title":"Temporary Incorporation - Fraternity of St. Charles","description":"On Saturday, Oct. 26, the temporary incorporation of four young seminarians from Italy, Spain and the United States took place in the chapel of the House of For"},"footnotes":""},"categories":[372],"tags":[890,617,689,653],"writers":[],"regions":[385],"cities":[1066],"class_list":["post-15136","post","type-post","status-publish","format-standard","has-post-thumbnail","hentry","category-events","tag-formazione-en","tag-fraternita-en","tag-messa-en","tag-seminario-en","regions-italy","cities-casa-di-formazione-en"],"acf":[],"_links":{"self":[{"href":"https:\/\/sancarlo.org\/en\/wp-json\/wp\/v2\/posts\/15136","targetHints":{"allow":["GET"]}}],"collection":[{"href":"https:\/\/sancarlo.org\/en\/wp-json\/wp\/v2\/posts"}],"about":[{"href":"https:\/\/sancarlo.org\/en\/wp-json\/wp\/v2\/types\/post"}],"author":[{"embeddable":true,"href":"https:\/\/sancarlo.org\/en\/wp-json\/wp\/v2\/users\/1"}],"replies":[{"embeddable":true,"href":"https:\/\/sancarlo.org\/en\/wp-json\/wp\/v2\/comments?post=15136"}],"version-history":[{"count":2,"href":"https:\/\/sancarlo.org\/en\/wp-json\/wp\/v2\/posts\/15136\/revisions"}],"predecessor-version":[{"id":15146,"href":"https:\/\/sancarlo.org\/en\/wp-json\/wp\/v2\/posts\/15136\/revisions\/15146"}],"wp:featuredmedia":[{"embeddable":true,"href":"https:\/\/sancarlo.org\/en\/wp-json\/wp\/v2\/media\/16671"}],"wp:attachment":[{"href":"https:\/\/sancarlo.org\/en\/wp-json\/wp\/v2\/media?parent=15136"}],"wp:term":[{"taxonomy":"category","embeddable":true,"href":"https:\/\/sancarlo.org\/en\/wp-json\/wp\/v2\/categories?post=15136"},{"taxonomy":"post_tag","embeddable":true,"href":"https:\/\/sancarlo.org\/en\/wp-json\/wp\/v2\/tags?post=15136"},{"taxonomy":"writers","embeddable":true,"href":"https:\/\/sancarlo.org\/en\/wp-json\/wp\/v2\/writers?post=15136"},{"taxonomy":"regions","embeddable":true,"href":"https:\/\/sancarlo.org\/en\/wp-json\/wp\/v2\/regions?post=15136"},{"taxonomy":"cities","embeddable":true,"href":"https:\/\/sancarlo.org\/en\/wp-json\/wp\/v2\/cities?post=15136"}],"curies":[{"name":"wp","href":"https:\/\/api.w.org\/{rel}","templated":true}]}}