{"id":10512,"date":"2024-12-13T16:59:47","date_gmt":"2024-12-13T15:59:47","guid":{"rendered":"https:\/\/sancarlo.org\/tre-domande-per-le-vie-di-roma\/"},"modified":"2025-01-23T17:58:19","modified_gmt":"2025-01-23T16:58:19","slug":"tre-domande-per-le-vie-di-roma","status":"publish","type":"post","link":"https:\/\/sancarlo.org\/es\/tre-domande-per-le-vie-di-roma\/","title":{"rendered":"Por las calles de Roma con tres preguntas"},"content":{"rendered":"<figure class=\"wp-block-image wp-block-image--fnztema\"><picture><source media=\"(min-width: 1024px)\" srcset=\"https:\/\/sancarlo.org\/wp-content\/uploads\/2024\/12\/20240930-CdF-Pellegrinaggio-delle-7-chiese-3-Grande-1024x674.jpeg 1x, https:\/\/sancarlo.org\/wp-content\/uploads\/2024\/12\/20240930-CdF-Pellegrinaggio-delle-7-chiese-3-Grande.jpeg 2x\"><source media=\"(min-width: 768px)\" srcset=\"https:\/\/sancarlo.org\/wp-content\/uploads\/2024\/12\/20240930-CdF-Pellegrinaggio-delle-7-chiese-3-Grande-800x527.jpeg 1x, https:\/\/sancarlo.org\/wp-content\/uploads\/2024\/12\/20240930-CdF-Pellegrinaggio-delle-7-chiese-3-Grande.jpeg 2x\"><source media=\"(min-width: 200px)\" srcset=\"https:\/\/sancarlo.org\/wp-content\/uploads\/2024\/12\/20240930-CdF-Pellegrinaggio-delle-7-chiese-3-Grande-500x329.jpeg 1x, https:\/\/sancarlo.org\/wp-content\/uploads\/2024\/12\/20240930-CdF-Pellegrinaggio-delle-7-chiese-3-Grande-1000x659.jpeg 2x\"><img decoding=\"async\" src=\"data:image\/gif;base64,R0lGODlhAQABAAAAACH5BAEKAAEALAAAAAABAAEAAAICTAEAOw==\" alt=\"20240930 Cdf Pellegrinaggio Delle 7 Chiese 3 Grande\" \/><\/picture><figcaption>Los seminaristas por las calles de Roma en la peregrinaci\u00f3n de las siete iglesias.<\/figcaption><\/figure>\n\n\n<p>En el seminario llevamos un tiempo proponiendo una peregrinaci\u00f3n de inicio de curso. Ponemos en manos de Dios nuestra vocaci\u00f3n y pedimos por todas las intenciones que nos conf\u00edan nuestros amigos.<\/p>\n\n\n\n<p>El recorrido es el de la \u00abperegrinaci\u00f3n de las siete iglesias\u00bb. La idea viene de San Felipe Neri, el cual, por las noches, junto a sus j\u00f3venes, iba a rezar a las sietes iglesias jubilares de Roma.<\/p>\n\n\n\n<p>Sal\u00eda de Santa Mar\u00eda in Vallicella, pasaba por San Pedro y San Pablo Extramuros, segu\u00eda por San Sebasti\u00e1n y San Juan de Letr\u00e1n; a continuaci\u00f3n, paraba en la Bas\u00edlica de la Santa Cruz de Jerusal\u00e9n y en la de San Lorenzo, hasta llegar a Santa Mar\u00eda la Mayor.<\/p>\n\n\n\n<p>En total son 25 kil\u00f3metros, un recorrido que ayuda a los peregrinos a hacer memoria de los grandes santos que marcaron los or\u00edgenes de la comunidad cristiana: desde el primer papa, Pedro, y el primer misionero, Pablo, pasando por los primeros m\u00e1rtires hasta llegar a Mar\u00eda, madre de la Iglesia.<\/p>\n\n\n\n<p>Este a\u00f1o, al volver a Roma despu\u00e9s del periodo de formaci\u00f3n en M\u00e9xico, quise volver a hacer esta peregrinaci\u00f3n con mis hermanos siguiendo las huellas de san Felipe, para encomendar a Dios la Iglesia, nuestra Fraternidad y el seminario.<\/p>\n\n\n\n<p>Caminando por las calles de Roma, mientras me fijaba en los coches alineados delante de los sem\u00e1foros y en la gente que pasaba a nuestro lado corriendo, con cascos en las orejas, me preguntaba: \u00bfqui\u00e9nes somos nosotros? \u00bfa d\u00f3nde estamos yendo? \u00bfpor qui\u00e9n lo hacemos?<\/p>\n\n\n\n<blockquote class=\"wp-block-quote\">\n<p>Camin\u00e1bamos con aquellos a trav\u00e9s de los cuales Cristo ha venido a nuestro encuentro<\/p>\n<\/blockquote>\n\n\n\n<p>Me vino a la mente <em>La anunciaci\u00f3n a Mar\u00eda<\/em>, en la que uno de sus protagonistas, Anne Vercors, cuando su mujer le pregunta por qu\u00e9 lo quiere dejar todo para ir a Jerusal\u00e9n, dice: \u00abSomos demasiado dichosos. Y los dem\u00e1s no lo suficiente\u00bb. Como ella insiste y le pregunta c\u00f3mo podr\u00eda hacer ese camino solo, \u00e9l le responde: \u00ab\u00a1Yo no estoy solo! \u00a1Es un alegre y gran pueblo el que parte conmigo!\u00bb.<\/p>\n\n\n\n<p>De vuelta a nuestra peregrinaci\u00f3n, en uno de los momentos de silencio mir\u00e9 a los otros seminaristas y a los amigos que nos acompa\u00f1aban, que ven\u00edan de diversas partes de Italia y del mundo, y pens\u00e9, como Anne, que est\u00e1bamos caminando con las personas a trav\u00e9s de las cuales Cristo ha venido a nuestro encuentro, suscit\u00e1ndonos el deseo de seguirle. Este es el gran pueblo de la Iglesia. Despu\u00e9s, mientras meditaba los misterios de la pasi\u00f3n de Jes\u00fas, como sugiere san Felipe, sent\u00eda una profunda gratitud por el hecho de que haya querido dar su vida por m\u00ed. Entonces, dese\u00e9 ofrecer el cansancio del camino por tantas personas que est\u00e1n atravesando momentos de dificultad, o que simplemente est\u00e1n buscando un sentido para su vida, para que puedan conocerlo y acogerlo en su coraz\u00f3n. Las tres preguntas que me hac\u00eda encuentran ahora una respuesta m\u00e1s clara: nosotros somos aquellos que hemos sido salvados y caminamos juntos en la vida, conociendo al Salvador, y esperando y abrazando a todos los que Dios desea unir a nuestra compa\u00f1\u00eda.<\/p>\n","protected":false},"excerpt":{"rendered":"<p>La \u00abperegrinaci\u00f3n de las siete iglesias\u00bb: un camino de fe y gratitud para volver a descubrir el pueblo que es la Iglesia.<\/p>\n","protected":false},"author":5,"featured_media":10185,"comment_status":"closed","ping_status":"closed","sticky":false,"template":"","format":"standard","meta":{"_acf_changed":false,"inline_featured_image":false,"slim_seo":{"title":"Por las calles de Roma con tres preguntas - Fraternidad San Carlos","description":"La \u00abperegrinaci\u00f3n de las siete iglesias\u00bb: un camino de fe y gratitud para volver a descubrir el pueblo que es la Iglesia."},"footnotes":""},"categories":[379],"tags":[1155,671,537,506,679],"writers":[975],"regions":[386],"cities":[407],"class_list":["post-10512","post","type-post","status-publish","format-standard","has-post-thumbnail","hentry","category-testimonios","tag-coscienza-es","tag-gratitudine-es","tag-pellegrinaggio-es","tag-preghiera-es","tag-seminario-es","writers-carlo-quattri","regions-italia-es","cities-casa-de-formacion"],"acf":[],"_links":{"self":[{"href":"https:\/\/sancarlo.org\/es\/wp-json\/wp\/v2\/posts\/10512","targetHints":{"allow":["GET"]}}],"collection":[{"href":"https:\/\/sancarlo.org\/es\/wp-json\/wp\/v2\/posts"}],"about":[{"href":"https:\/\/sancarlo.org\/es\/wp-json\/wp\/v2\/types\/post"}],"author":[{"embeddable":true,"href":"https:\/\/sancarlo.org\/es\/wp-json\/wp\/v2\/users\/5"}],"replies":[{"embeddable":true,"href":"https:\/\/sancarlo.org\/es\/wp-json\/wp\/v2\/comments?post=10512"}],"version-history":[{"count":1,"href":"https:\/\/sancarlo.org\/es\/wp-json\/wp\/v2\/posts\/10512\/revisions"}],"predecessor-version":[{"id":10514,"href":"https:\/\/sancarlo.org\/es\/wp-json\/wp\/v2\/posts\/10512\/revisions\/10514"}],"wp:featuredmedia":[{"embeddable":true,"href":"https:\/\/sancarlo.org\/es\/wp-json\/wp\/v2\/media\/10185"}],"wp:attachment":[{"href":"https:\/\/sancarlo.org\/es\/wp-json\/wp\/v2\/media?parent=10512"}],"wp:term":[{"taxonomy":"category","embeddable":true,"href":"https:\/\/sancarlo.org\/es\/wp-json\/wp\/v2\/categories?post=10512"},{"taxonomy":"post_tag","embeddable":true,"href":"https:\/\/sancarlo.org\/es\/wp-json\/wp\/v2\/tags?post=10512"},{"taxonomy":"writers","embeddable":true,"href":"https:\/\/sancarlo.org\/es\/wp-json\/wp\/v2\/writers?post=10512"},{"taxonomy":"regions","embeddable":true,"href":"https:\/\/sancarlo.org\/es\/wp-json\/wp\/v2\/regions?post=10512"},{"taxonomy":"cities","embeddable":true,"href":"https:\/\/sancarlo.org\/es\/wp-json\/wp\/v2\/cities?post=10512"}],"curies":[{"name":"wp","href":"https:\/\/api.w.org\/{rel}","templated":true}]}}