{"id":10852,"date":"2025-02-07T10:51:03","date_gmt":"2025-02-07T09:51:03","guid":{"rendered":"https:\/\/sancarlo.org\/la-nostra-umanita-e-viva-se-attendiamo\/"},"modified":"2025-02-20T18:34:21","modified_gmt":"2025-02-20T17:34:21","slug":"la-nostra-umanita-e-viva-se-attendiamo","status":"publish","type":"post","link":"https:\/\/sancarlo.org\/es\/la-nostra-umanita-e-viva-se-attendiamo\/","title":{"rendered":"Nuestra humanidad est\u00e1 viva si esperamos"},"content":{"rendered":"<figure class=\"wp-block-image wp-block-image--fnztema is-style-full-width\"><picture><source media=\"(min-width: 1280px)\" srcset=\"https:\/\/sancarlo.org\/wp-content\/uploads\/2025\/01\/Caspar_David_Friedrich_-_Frau_vor_untergehender_Sonne-Grande.jpeg 1x, https:\/\/sancarlo.org\/wp-content\/uploads\/2025\/01\/Caspar_David_Friedrich_-_Frau_vor_untergehender_Sonne-Grande.jpeg 2x\"><source media=\"(min-width: 1024px)\" srcset=\"https:\/\/sancarlo.org\/wp-content\/uploads\/2025\/01\/Caspar_David_Friedrich_-_Frau_vor_untergehender_Sonne-Grande-1024x737.jpeg 1x, https:\/\/sancarlo.org\/wp-content\/uploads\/2025\/01\/Caspar_David_Friedrich_-_Frau_vor_untergehender_Sonne-Grande.jpeg 2x\"><source media=\"(min-width: 768px)\" srcset=\"https:\/\/sancarlo.org\/wp-content\/uploads\/2025\/01\/Caspar_David_Friedrich_-_Frau_vor_untergehender_Sonne-Grande-800x576.jpeg 1x, https:\/\/sancarlo.org\/wp-content\/uploads\/2025\/01\/Caspar_David_Friedrich_-_Frau_vor_untergehender_Sonne-Grande.jpeg 2x\"><source media=\"(min-width: 200px)\" srcset=\"https:\/\/sancarlo.org\/wp-content\/uploads\/2025\/01\/Caspar_David_Friedrich_-_Frau_vor_untergehender_Sonne-Grande-500x360.jpeg 1x, https:\/\/sancarlo.org\/wp-content\/uploads\/2025\/01\/Caspar_David_Friedrich_-_Frau_vor_untergehender_Sonne-Grande-1000x720.jpeg 2x\"><img decoding=\"async\" src=\"data:image\/gif;base64,R0lGODlhAQABAAAAACH5BAEKAAEALAAAAAABAAEAAAICTAEAOw==\" alt=\"Caspar David Friedrich\" \/><\/picture><figcaption>Caspar David Friedrich, <em>Mujer frente a la puesta de sol<\/em> (1818), Museum Folkwang, Essen (Alemania).<\/figcaption><\/figure>\n\n\n<p>Al empezar el a\u00f1o, miremos al menos dos cuestiones. En primer lugar, \u00bfde qu\u00e9 est\u00e1n llenos nuestros ojos y nuestra mente? Pensemos en los pastores que aparecen en el Evangelio de San Lucas: <em>vamos a ver lo que ha sucedido<\/em> (cfr. Lc 2,15). Si nuestros ojos y nuestra mente est\u00e1n invadidos de im\u00e1genes y pensamientos alejados del hecho de Cristo, entonces, realmente no podemos volver a empezar, porque estamos llenos de algo que, en vez de ayudarnos, nos tira hacia abajo. Deber\u00edamos caminar o, m\u00e1s bien, correr; siempre, en la vida, cuando algo nos conmueve de verdad, no solo nos hace caminar, sino que nos lleva a correr. Si estamos parados o si avanzamos cansinamente es porque llevamos a la chepa fardos in\u00fatiles, porque no nos hemos adherido sencillamente a lo que nos ha sucedido en nuestra vida. Esta noche, antes de ir a dormir, al terminar el examen de conciencia, tenemos que pedir a Dios la gracia de tener ojos y mente verdaderamente llenos del acontecimiento de la Encarnaci\u00f3n y de la memoria de la vocaci\u00f3n (la vocaci\u00f3n es la continuaci\u00f3n de la Encarnaci\u00f3n).<\/p>\n\n\n\n<p>La segunda pregunta que tenemos que hacernos surge como consecuencia de la primera: \u00bfqu\u00e9 esperamos del tiempo que se avecina? Si tenemos los ojos y el coraz\u00f3n llenos del acontecimiento de la Encarnaci\u00f3n, podemos tener claridad sobre qu\u00e9 esperar.<\/p>\n\n\n\n<p>En su primera Carta, san Juan dice: <em>Todo el que tiene esta esperanza en \u00e9l se purifica a s\u00ed mismo, como \u00e9l es puro<\/em> (1Jn, 3, 3). Es una expresi\u00f3n profundamente reveladora, porque el contenido de la esperanza describe el fin de nuestra persona y la verdad de nuestra vida. \u00bfQu\u00e9 esperamos? No podemos responder a medias. Si estamos dentro de esta compa\u00f1\u00eda vocacional, debemos preguntarnos qu\u00e9 esperamos de este lugar.<\/p>\n\n\n\n<p>Esta pregunta debe formar parte del examen de conciencia de todas las noches. \u00bfDe qui\u00e9n esperamos el bien de nuestra vida? \u00bfA qui\u00e9n se lo pedimos? Y, \u00bfqu\u00e9 tiene que ver la comunidad con este bien? La pregunta no se puede dar por descontado, pues, de hecho, existencialmente la damos por descontado, en la medida en que continuamente perdemos la respuesta en la costumbre, el olvido, la pereza y la ingratitud.<\/p>\n\n\n\n<blockquote class=\"wp-block-quote\">\n<p>\u00bfDe qui\u00e9n esperamos el bien de nuestra vida? \u00bfA qui\u00e9n se lo pedimos?<\/p>\n<\/blockquote>\n\n\n\n<p>Dios nos ha puesto en esta compa\u00f1\u00eda porque desea el bien de nuestra vida. Si esperamos nuestro cumplimiento de \u00c9l, nos purificamos. Esto significa que nuestra mirada se vuelve transparente, que nuestra atenci\u00f3n se dirige hacia lo que realmente importa, que nuestra libertad se mueve hacia aquello que merece la pena construir.<\/p>\n\n\n\n<p>Con ocasi\u00f3n de cada nuevo inicio, la Iglesia nos invita a ser serios con nosotros mismos, partiendo de la certeza en que la memoria de lo que hemos recibido basta para disipar la niebla que pueda aparecer.<\/p>\n\n\n\n<p>La obra de Dios no tiene medida, es una cascada de gracias maravillosa que cae continuamente. Su iniciativa nos alcanza mediante los caminos que \u00c9l mismo elige, son inescrutables, a veces llenos de dolor y de sangre, pero siempre llevan a nuestro cumplimiento.<\/p>\n\n\n\n<p>La maravilla de la cascada de gracias que vienen de Dios es tan potente que nos conmueve y fascina. Si caminamos cansados, inciertos o con dudas, quiere decir que nuestra mirada a\u00fan no es pura. La pesadez es el signo de que no sabemos mirar, de que nuestra mirada no esta fija en Aquel que llena nuestra vida de una promesa que solo \u00c9l mismo es capaz de cumplir. Nuestra humanidad est\u00e1 viva si esperamos y es verdadera si volvemos a poner nuestra esperanza en el \u00danico que puede responder a nuestra espera.<\/p>\n","protected":false},"excerpt":{"rendered":"<p>Para no empezar el a\u00f1o ya cansados, volvamos a poner nuestra esperanza en Aquel que responde a nuestra espera.<\/p>\n","protected":false},"author":3,"featured_media":10653,"comment_status":"closed","ping_status":"closed","sticky":false,"template":"","format":"standard","meta":{"_acf_changed":false,"inline_featured_image":false,"slim_seo":{"title":"Nuestra humanidad est\u00e1 viva si esperamos - Fraternidad San Carlos","description":"Para no empezar el a\u00f1o ya cansados, volvamos a poner nuestra esperanza en Aquel que responde a nuestra espera."},"footnotes":""},"categories":[375],"tags":[1179,714,542,1093],"writers":[199],"regions":[386],"cities":[],"class_list":["post-10852","post","type-post","status-publish","format-standard","has-post-thumbnail","hentry","category-meditaciones","tag-attesa-es","tag-natale-es","tag-speranza-3","tag-umanita-es","writers-massimo-camisasca","regions-italia-es"],"acf":[],"_links":{"self":[{"href":"https:\/\/sancarlo.org\/es\/wp-json\/wp\/v2\/posts\/10852","targetHints":{"allow":["GET"]}}],"collection":[{"href":"https:\/\/sancarlo.org\/es\/wp-json\/wp\/v2\/posts"}],"about":[{"href":"https:\/\/sancarlo.org\/es\/wp-json\/wp\/v2\/types\/post"}],"author":[{"embeddable":true,"href":"https:\/\/sancarlo.org\/es\/wp-json\/wp\/v2\/users\/3"}],"replies":[{"embeddable":true,"href":"https:\/\/sancarlo.org\/es\/wp-json\/wp\/v2\/comments?post=10852"}],"version-history":[{"count":1,"href":"https:\/\/sancarlo.org\/es\/wp-json\/wp\/v2\/posts\/10852\/revisions"}],"predecessor-version":[{"id":10854,"href":"https:\/\/sancarlo.org\/es\/wp-json\/wp\/v2\/posts\/10852\/revisions\/10854"}],"wp:featuredmedia":[{"embeddable":true,"href":"https:\/\/sancarlo.org\/es\/wp-json\/wp\/v2\/media\/10653"}],"wp:attachment":[{"href":"https:\/\/sancarlo.org\/es\/wp-json\/wp\/v2\/media?parent=10852"}],"wp:term":[{"taxonomy":"category","embeddable":true,"href":"https:\/\/sancarlo.org\/es\/wp-json\/wp\/v2\/categories?post=10852"},{"taxonomy":"post_tag","embeddable":true,"href":"https:\/\/sancarlo.org\/es\/wp-json\/wp\/v2\/tags?post=10852"},{"taxonomy":"writers","embeddable":true,"href":"https:\/\/sancarlo.org\/es\/wp-json\/wp\/v2\/writers?post=10852"},{"taxonomy":"regions","embeddable":true,"href":"https:\/\/sancarlo.org\/es\/wp-json\/wp\/v2\/regions?post=10852"},{"taxonomy":"cities","embeddable":true,"href":"https:\/\/sancarlo.org\/es\/wp-json\/wp\/v2\/cities?post=10852"}],"curies":[{"name":"wp","href":"https:\/\/api.w.org\/{rel}","templated":true}]}}