{"id":11620,"date":"2025-03-20T12:40:00","date_gmt":"2025-03-20T11:40:00","guid":{"rendered":"https:\/\/sancarlo.org\/tutto-questo-e-il-frutto-di-un-abbraccio\/"},"modified":"2025-04-03T10:36:00","modified_gmt":"2025-04-03T08:36:00","slug":"todo-esto-es-el-fruto-de-un-abrazo","status":"publish","type":"post","link":"https:\/\/sancarlo.org\/es\/todo-esto-es-el-fruto-de-un-abrazo\/","title":{"rendered":"Todo esto es el fruto de un abrazo"},"content":{"rendered":"<figure class=\"wp-block-image wp-block-image--fnztema is-style-full-width\"><picture><source media=\"(min-width: 1280px)\" srcset=\"https:\/\/sancarlo.org\/wp-content\/uploads\/2025\/02\/aldo-trento-2025-1366x915.jpeg 1x, https:\/\/sancarlo.org\/wp-content\/uploads\/2025\/02\/aldo-trento-2025.jpeg 2x\"><source media=\"(min-width: 1024px)\" srcset=\"https:\/\/sancarlo.org\/wp-content\/uploads\/2025\/02\/aldo-trento-2025-1024x686.jpeg 1x, https:\/\/sancarlo.org\/wp-content\/uploads\/2025\/02\/aldo-trento-2025.jpeg 2x\"><source media=\"(min-width: 768px)\" srcset=\"https:\/\/sancarlo.org\/wp-content\/uploads\/2025\/02\/aldo-trento-2025-800x536.jpeg 1x, https:\/\/sancarlo.org\/wp-content\/uploads\/2025\/02\/aldo-trento-2025.jpeg 2x\"><source media=\"(min-width: 200px)\" srcset=\"https:\/\/sancarlo.org\/wp-content\/uploads\/2025\/02\/aldo-trento-2025-500x335.jpeg 1x, https:\/\/sancarlo.org\/wp-content\/uploads\/2025\/02\/aldo-trento-2025-1000x670.jpeg 2x\"><img decoding=\"async\" src=\"data:image\/gif;base64,R0lGODlhAQABAAAAACH5BAEKAAEALAAAAAABAAEAAAICTAEAOw==\" alt=\"Aldo Trento 2025\" \/><\/picture><figcaption>Padre Aldo Trento con ni\u00f1os de la escuela Pa\u2019i Alberto (Asunci\u00f3n, 2013).<\/figcaption><\/figure>\n\n\n<p>Ya era sacerdote desde hac\u00eda a\u00f1os cuando me encontr\u00e9 con don Giussani: Estaba atravesando una crisis terrible y este encuentro cambi\u00f3 mi vida. Es una larga historia, pero creo que vale la pena destacar algunas cosas para entender lo que dio origen a este rinc\u00f3n de para\u00edso llamado Fundaci\u00f3n San Rafael. Es cierto que es una fundaci\u00f3n aut\u00f3noma con respecto a la parroquia, sin embargo, es un reflejo de la dimensi\u00f3n caritativa que la parroquia ha vivido y vive desde el inicio de nuestra misi\u00f3n.<\/p>\n\n\n\n<p>El encuentro con Giussani tuvo lugar en marzo de 1989, el d\u00eda de la Anunciaci\u00f3n. Me sent\u00eda destruido, humanamente destrozado, porque hab\u00eda perdido el sentido de mi vida. El origen de esta depresi\u00f3n se debi\u00f3 a una grave crisis afectiva que me hab\u00eda sumido en la convicci\u00f3n de que la vida ya no ten\u00eda sentido, de que nada ten\u00eda sentido: me hab\u00eda dado cuenta de que, sin un gran compa\u00f1ero, un gran padre, nunca podr\u00eda salir del profundo pozo en el que hab\u00eda ca\u00eddo.<\/p>\n\n\n\n<p>As\u00ed que le ped\u00ed a Giussani que me recibiera en su casa de Via Martinengo, en Mil\u00e1n. Me acogi\u00f3 con gran alegr\u00eda y cuando me vio con l\u00e1grimas en los ojos, me abraz\u00f3 diciendo: \u00ab\u00bfQu\u00e9 te pasa, padre Aldo?\u00bb. Estall\u00e9 en l\u00e1grimas y le cont\u00e9 todo lo que me estaba pasando. Me mir\u00f3 fijamente a los ojos y me dijo: \u00ab\u00a1Qu\u00e9 bien, padre Aldo! \u00a1Por fin te har\u00e1s un hombre! S\u00ed, porque lo que est\u00e1s viviendo es una gracia para ti, para el movimiento y para toda la Iglesia\u00bb. No pod\u00eda creerme esta respuesta. Nunca nadie me hab\u00eda valorado, abrazado y querido tanto.<\/p>\n\n\n\n<p>Despu\u00e9s, a\u00f1adi\u00f3: \u00ab\u00a1Qu\u00e9 bonito ser\u00eda que encontrases a alguien que te pudiera acompa\u00f1ar en este momento de fatiga!\u00bb. Entonces le objet\u00e9: \u00abPero, don Giuss, \u00bfd\u00f3nde puedo encontrar a alguien dispuesto a estar con un deprimido y esquizofr\u00e9nico?\u00bb \u00c9l dijo: \u00abEntonces, este verano pasar\u00e1s todo el mes de agosto conmigo en Corvara, participando en todos mis encuentros\u00bb. Y as\u00ed, durante ese mes en Corvara, llegu\u00e9 a conocer a un amigo suyo, adem\u00e1s de profesor y psiquiatra, Eugenio Borgna. Recuerdo que durante una asamblea del CLU Borgna dijo: \u00abTodos somos un poco un poco \u201cesquizofr\u00e9nicos\u201d\u00bb. A lo que Giussani aplaudi\u00f3 efusivamente, y a\u00f1adi\u00f3: \u00abS\u00ed, todos tenemos algo de esquizofrenia dentro de nosotros, todos experimentamos esta divisi\u00f3n del yo cada d\u00eda en todo lo que vivimos\u00bb.<\/p>\n\n\n\n<blockquote class=\"wp-block-quote\">\n<p>La cl\u00ednica es preciosa, tanto como Cristo, tanto como el enfermo de SIDA.<\/p>\n<\/blockquote>\n\n\n\n<p>A la pregunta de cu\u00e1l era el m\u00e9todo para salir de esta paranoia su respuesta perentoria fue: \u00abA trav\u00e9s de una compa\u00f1\u00eda, de alguien cercano a quien uno pueda entregarse. Lo que necesitamos es un abrazo de alguien que testimonie una gran gratuidad hacia nuestra persona\u00bb. Comprend\u00ed inmediata y perfectamente la profundidad de esas palabras y gracias a esto entend\u00ed lo que me estaba sucediendo en la vida. Desde el instante de aquel abrazo, Giussani comenz\u00f3 a seguirme personalmente cada vez que le necesitaba. Pod\u00eda llamarlo a cualquier hora del d\u00eda, o incluso me invitaba a ir a verle a la sede del movimiento, en Mil\u00e1n.<\/p>\n\n\n\n<p>Su ternura hacia m\u00ed se expres\u00f3 en la decisi\u00f3n que tom\u00f3 de enviarme a Paraguay. Recuerdo que, en Collevalenza le dije a Giussani: \u00ab\u00bfC\u00f3mo puedes arriesgar un compromiso tan grande con una persona tan inestable y deprimida?\u00bb. Me respondi\u00f3: \u00abConf\u00edo en ti y estoy seguro de que este desaf\u00edo te har\u00e1 mucho bien\u00bb. As\u00ed, el 8 de septiembre de 1989 me acompa\u00f1\u00f3 personalmente al aeropuerto de Linate, hasta el avi\u00f3n que me llev\u00f3 a Paraguay.<\/p>\n\n\n\n<p>Han pasado muchos a\u00f1os desde entonces. En este tiempo en Paraguay he experimentado mucho dolor y sufrimiento. Pero el Se\u00f1or me ha permitido tener grandes amigos como don Alberto y el padre Paolino. Despu\u00e9s de casi diez a\u00f1os de estancia en Paraguay, comenzaron a florecer las obras que hoy todos podemos ver y tocar con nuestras manos, como expresi\u00f3n del abrazo que entonces me dio Giussani. No hay una sola de estas obras que no sea fruto de la ternura con la que Giussani me acompa\u00f1\u00f3 desde el principio. No puedes abrazar a nadie si antes no eres abrazado por alguien, por eso todas las obras aqu\u00ed son fruto de la ternura de Dios, que lleg\u00f3 hasta m\u00ed a trav\u00e9s del abrazo de don Giussani.<\/p>\n\n\n\n<p>No existe explicaci\u00f3n posible a todo lo que existe aqu\u00ed, pero la Divina Providencia intervino utilizando a este pobre deprimido para manifestar su relaci\u00f3n con los pobres, con los enfermos, con los ancianos, con los ni\u00f1os, con los que tienen hambre y vienen aqu\u00ed cada semana a por comida o una bolsa de alimentos. Un signo muy bonito de esta acogida es que todos pacientes de la cl\u00ednica de cuidados paliativos tienen una peque\u00f1a flor en su mesilla de noche, como signo de que el paciente es el rostro de Cristo.<\/p>\n\n\n\n<p>Cada ma\u00f1ana, incluso ahora que estoy en una silla de ruedas y no puedo moverme, la enfermera de guardia me lleva a la cl\u00ednica para visitar a cada paciente, para bendecirles y desearles un buen d\u00eda. Y la cl\u00ednica es preciosa, tanto como Cristo, tanto como el enfermo de SIDA o como el enfermo corro\u00eddo por un c\u00e1ncer que le devora la boca. La mayor\u00eda de ellos mueren despu\u00e9s de haber estado con nosotros durante poco tiempo, pero nunca se le ha ocurrido a nadie, a pesar de estar en situaciones realmente penosas, pedir la eutanasia, porque se sienten queridos, abrazados. La soledad ha sido vencida de ra\u00edz. Por eso, viviendo con ellos, comprend\u00ed que la batalla contra la eutanasia se juega en la capacidad de amar libremente al paciente cogi\u00e9ndole de la mano, permaneciendo a su lado hasta el final.<\/p>\n\n\n\n<p>Antes de estar en silla de ruedas, cada ma\u00f1ana llevaba el Sant\u00edsimo Sacramento a cada paciente; los bendec\u00eda a todos y a los que estaban conscientes les daba tambi\u00e9n la Comuni\u00f3n. Cuando alguien mor\u00eda, celebr\u00e1bamos misa en la capilla con el cuerpo presente y luego lo llev\u00e1bamos al cementerio que tenemos en un terreno en el campo, cerca de la granja. Ahora, en la cl\u00ednica, con la ayuda de un sacerdote, hacemos una procesi\u00f3n cada mi\u00e9rcoles por la ma\u00f1ana con el Sant\u00edsimo Sacramento.<\/p>\n\n\n\n<p>No solo todo es bello, sino que brilla la pasi\u00f3n educativa por la verdad, para que todos los que&nbsp; estamos aqu\u00ed podamos experimentar la presencia del Misterio en cada detalle. Hasta ahora hemos acompa\u00f1ado hasta la muerte a casi 2.000 pacientes enfermos de SIDA, de c\u00e1ncer y otras enfermedades.<\/p>\n\n\n\n<blockquote class=\"wp-block-quote\">\n<p>Yo soy un pobre hombre, pero aqu\u00ed Dios hace cosas que conmueven al mundo.<\/p>\n<\/blockquote>\n\n\n\n<p>Por \u00faltimo, quiero reconocer la presencia de la Divina Misericordia en esta obra, manifestada a trav\u00e9s de la belleza de cada detalle: todo esto es fruto de esa belleza y ese abrazo que Giussani me dio hace tantos a\u00f1os. De otro modo no se puede explicar c\u00f3mo puede existir una obra as\u00ed que cuesta millones de d\u00f3lares, que ni siquiera s\u00e9 de d\u00f3nde han salido. Soy un pobre hombre, soy casi nada: pero aqu\u00ed Dios sin duda ha hecho cosas que conmueven al mundo entero. Esta es la prueba de la presencia de Dios, que se sirve de pobres como yo. A\u00fan hoy pienso: \u00abSe\u00f1or, \u00bfc\u00f3mo has hecho todas estas cosas?\u00bb Sin duda veo que el Se\u00f1or necesita personas in\u00fatiles, pero que se entregan totalmente a \u00c9l para dejarle hacer lo que aqu\u00ed existe.<\/p>\n\n\n\n<p>Por ello, me gustar\u00eda dar las gracias a todos, empezando por el Santo Padre Francisco que, cuando visit\u00f3 Paraguay en 2015, contraviniendo el protocolo, decidi\u00f3 venir a la cl\u00ednica para bendecir a los enfermos. Mientras visitaba la capilla, me dijo: \u00abPadre Aldo, esto es obra de Dios, \u00a1adelante!\u00bb.<\/p>\n\n\n\n<p>Y tambi\u00e9n quiero agradecer a mi gran y querido amigo que est\u00e1 aqu\u00ed conmigo, el padre Patricio que me sostiene con su humanidad: con \u00e9l comparto este trabajo, especialmente cuando viene aqu\u00ed tres veces por semana a celebrar misa. Y tambi\u00e9n quiero agradecer a la Fraternidad San Carlos Borromeo en las personas que nos visitan sistem\u00e1ticamente, que cuando vienen siempre me muestran una gran atenci\u00f3n y un gran amor por m\u00ed.<\/p>\n\n\n\n<p>Es siempre el mismo abrazo del principio, que sigue vivo, palpitante, tierno y fuerte.<\/p>\n","protected":false},"excerpt":{"rendered":"<p>El pasado 20 de diciembre falleci\u00f3 el padre Aldo Tento, despu\u00e9s de 36 a\u00f1os siendo misionero en Paraguay. Para recordarle, publicamos un testimonio que dio a la Fraternidad San Carlos en diciembre de 2022.<\/p>\n","protected":false},"author":1,"featured_media":11270,"comment_status":"closed","ping_status":"closed","sticky":false,"template":"","format":"standard","meta":{"_acf_changed":false,"inline_featured_image":false,"slim_seo":{"title":"Todo esto es el fruto de un abrazo - Fraternidad San Carlos","description":"El pasado 20 de diciembre falleci\u00f3 el padre Aldo Tento, despu\u00e9s de 36 a\u00f1os siendo misionero en Paraguay. Para recordarle, publicamos un testimonio que dio a la"},"footnotes":""},"categories":[375],"tags":[505,488],"writers":[1182],"regions":[],"cities":[391],"class_list":["post-11620","post","type-post","status-publish","format-standard","has-post-thumbnail","hentry","category-meditaciones","tag-missione-es","tag-vocazione-es","writers-aldo-trento","cities-asuncion-es"],"acf":[],"_links":{"self":[{"href":"https:\/\/sancarlo.org\/es\/wp-json\/wp\/v2\/posts\/11620","targetHints":{"allow":["GET"]}}],"collection":[{"href":"https:\/\/sancarlo.org\/es\/wp-json\/wp\/v2\/posts"}],"about":[{"href":"https:\/\/sancarlo.org\/es\/wp-json\/wp\/v2\/types\/post"}],"author":[{"embeddable":true,"href":"https:\/\/sancarlo.org\/es\/wp-json\/wp\/v2\/users\/1"}],"replies":[{"embeddable":true,"href":"https:\/\/sancarlo.org\/es\/wp-json\/wp\/v2\/comments?post=11620"}],"version-history":[{"count":1,"href":"https:\/\/sancarlo.org\/es\/wp-json\/wp\/v2\/posts\/11620\/revisions"}],"predecessor-version":[{"id":11622,"href":"https:\/\/sancarlo.org\/es\/wp-json\/wp\/v2\/posts\/11620\/revisions\/11622"}],"wp:featuredmedia":[{"embeddable":true,"href":"https:\/\/sancarlo.org\/es\/wp-json\/wp\/v2\/media\/11270"}],"wp:attachment":[{"href":"https:\/\/sancarlo.org\/es\/wp-json\/wp\/v2\/media?parent=11620"}],"wp:term":[{"taxonomy":"category","embeddable":true,"href":"https:\/\/sancarlo.org\/es\/wp-json\/wp\/v2\/categories?post=11620"},{"taxonomy":"post_tag","embeddable":true,"href":"https:\/\/sancarlo.org\/es\/wp-json\/wp\/v2\/tags?post=11620"},{"taxonomy":"writers","embeddable":true,"href":"https:\/\/sancarlo.org\/es\/wp-json\/wp\/v2\/writers?post=11620"},{"taxonomy":"regions","embeddable":true,"href":"https:\/\/sancarlo.org\/es\/wp-json\/wp\/v2\/regions?post=11620"},{"taxonomy":"cities","embeddable":true,"href":"https:\/\/sancarlo.org\/es\/wp-json\/wp\/v2\/cities?post=11620"}],"curies":[{"name":"wp","href":"https:\/\/api.w.org\/{rel}","templated":true}]}}