{"id":13158,"date":"2025-07-11T21:45:00","date_gmt":"2025-07-11T19:45:00","guid":{"rendered":"https:\/\/sancarlo.org\/?p=13158"},"modified":"2025-07-11T22:52:40","modified_gmt":"2025-07-11T20:52:40","slug":"25-anos-en-el-centro","status":"publish","type":"post","link":"https:\/\/sancarlo.org\/es\/25-anos-en-el-centro\/","title":{"rendered":"25 a\u00f1os en el Centro"},"content":{"rendered":"<figure class=\"wp-block-image wp-block-image--fnztema is-style-full-width\"><picture><source media=\"(min-width: 1280px)\" srcset=\"https:\/\/sancarlo.org\/wp-content\/uploads\/2025\/06\/20250400-Navicella-Foto-repetorio-IlCentro-6-1366x910.jpg 1x, https:\/\/sancarlo.org\/wp-content\/uploads\/2025\/06\/20250400-Navicella-Foto-repetorio-IlCentro-6.jpg 2x\"><source media=\"(min-width: 1024px)\" srcset=\"https:\/\/sancarlo.org\/wp-content\/uploads\/2025\/06\/20250400-Navicella-Foto-repetorio-IlCentro-6-1024x682.jpg 1x, https:\/\/sancarlo.org\/wp-content\/uploads\/2025\/06\/20250400-Navicella-Foto-repetorio-IlCentro-6-2048x1365.jpg 2x\"><source media=\"(min-width: 768px)\" srcset=\"https:\/\/sancarlo.org\/wp-content\/uploads\/2025\/06\/20250400-Navicella-Foto-repetorio-IlCentro-6-800x533.jpg 1x, https:\/\/sancarlo.org\/wp-content\/uploads\/2025\/06\/20250400-Navicella-Foto-repetorio-IlCentro-6-1600x1066.jpg 2x\"><source media=\"(min-width: 200px)\" srcset=\"https:\/\/sancarlo.org\/wp-content\/uploads\/2025\/06\/20250400-Navicella-Foto-repetorio-IlCentro-6-500x333.jpg 1x, https:\/\/sancarlo.org\/wp-content\/uploads\/2025\/06\/20250400-Navicella-Foto-repetorio-IlCentro-6-1000x666.jpg 2x\"><img decoding=\"async\" src=\"data:image\/gif;base64,R0lGODlhAQABAAAAACH5BAEKAAEALAAAAAABAAEAAAICTAEAOw==\" alt=\"20250400 navicella foto repetorio ilcentro 6\" \/><\/picture><figcaption>En las im\u00e1genes: momentos de fiesta, m\u00fasica y cultura en el centro juvenil.<\/figcaption><\/figure>\n\n\n<p>A la mayor\u00eda de turistas y peregrinos les sigue asombrando pasear por Roma. Aunque las gu\u00edas tur\u00edsticas apenas lo mencionan, muchas de las grandes obras de arte \u2212desde el Ponte Sisto a la Escalinata de la Plaza de Espa\u00f1a\u2212 se realizaron o fueron inauguradas en A\u00f1os Santos, desde el 1300 hasta hoy. A pesar de ser una obra menor, en el Jubileo del a\u00f1o 2000, durante el mes de mayo, la Di\u00f3cesis de Roma confi\u00f3 a la Fraternidad San Carlos el centro juvenil de Colle Oppio, que este a\u00f1o cumple 25 a\u00f1os de actividad. Sergio Ghio, fundador y fiel emprendedor de esta realidad, presente desde el inicios, explica: \u00abFue Luigi Moretti, entonces obispo auxiliar del sector centro de la Di\u00f3cesis de Roma, quien nos indic\u00f3 el centro juvenil. Era un oratorio hist\u00f3rico que hab\u00eda quedado abandonado, tanto como edificio como propuesta educativa. Para nosotros, desde el principio fue un lugar especialmente interesante y significativo.<\/p>\n\n\n\n<blockquote class=\"wp-block-quote\">\n<p>\u00abEl centro es el rostro de mis amigos. Aqu\u00ed es donde me encuentro con ellos\u00bb<\/p>\n<\/blockquote>\n\n\n\n<p>De hecho, las fotograf\u00edas del estado en que se encontraba el \u00abOratorio Sebastiani\u00bb (nombre que a\u00fan aparece grabado en sus paredes) dan una idea de la prodigiosa recuperaci\u00f3n de esta realidad, pero Sergio no se detiene en ello. Prefiere subrayar el hecho de que la Di\u00f3cesis en ese momento, guiada por el cardenal vicario Camillo Ruini, confiara en un grupo de bachilleres que hab\u00edan empezado a verse regularmente, a acompa\u00f1arse y a proponer momentos comunes, como el Raggio. Hubo una apuesta a la grande por este grupo de j\u00f3venes. La restauraci\u00f3n, los trabajos manuales, la solidaridad no habr\u00edan servido de nada sin este fervor de vida. \u00abEmpezamos con este grupo de diez j\u00f3venes a vernos cotidianamente, en estos locales en V\u00eda delle Sette Sale. Fuimos ordenando y transformando este lugar para que fuese cada vez m\u00e1s nuestro, sin c\u00e1lculos, de un modo inesperado. Despu\u00e9s de 25 a\u00f1os hay que reconocer con humildad que ha crecido la conciencia de lo que es este lugar y el n\u00famero de personas que acuden a \u00e9l. A algunos les ha cambiado literalmente la vida\u00bb.<\/p>\n\n\n<figure class=\"wp-block-image wp-block-image--fnztema\"><picture><source media=\"(min-width: 1024px)\" srcset=\"https:\/\/sancarlo.org\/wp-content\/uploads\/2025\/06\/20250400-Navicella-Foto-repetorio-IlCentro-3-1024x682.jpg 1x, https:\/\/sancarlo.org\/wp-content\/uploads\/2025\/06\/20250400-Navicella-Foto-repetorio-IlCentro-3-2048x1365.jpg 2x\"><source media=\"(min-width: 768px)\" srcset=\"https:\/\/sancarlo.org\/wp-content\/uploads\/2025\/06\/20250400-Navicella-Foto-repetorio-IlCentro-3-800x533.jpg 1x, https:\/\/sancarlo.org\/wp-content\/uploads\/2025\/06\/20250400-Navicella-Foto-repetorio-IlCentro-3-1600x1066.jpg 2x\"><source media=\"(min-width: 200px)\" srcset=\"https:\/\/sancarlo.org\/wp-content\/uploads\/2025\/06\/20250400-Navicella-Foto-repetorio-IlCentro-3-500x333.jpg 1x, https:\/\/sancarlo.org\/wp-content\/uploads\/2025\/06\/20250400-Navicella-Foto-repetorio-IlCentro-3-1000x666.jpg 2x\"><img decoding=\"async\" src=\"data:image\/gif;base64,R0lGODlhAQABAAAAACH5BAEKAAEALAAAAAABAAEAAAICTAEAOw==\" alt=\"20250400 navicella foto repetorio ilcentro 3\" \/><\/picture><\/figure>\n\n\n<p>25 a\u00f1os son muchos, es un cuarto de siglo. Muchos adultos han ayudado a don Sergio a darle vida a este lugar. Stefano Alessandrini, presidente de la Asociaci\u00f3n y colaborador en su promoci\u00f3n social, dice as\u00ed: \u00abConoc\u00ed el Centro cuando mi hija mayor, al llegar a secundaria, empez\u00f3 a asistir. Me involucr\u00e9 sin pensarlo mucho, viendo que era un bien para ella \u2212m\u00e1s tarde lo ser\u00eda para sus hermanos\u2212 y que pod\u00eda serlo para m\u00ed. Intent\u00e9 ayudar de alguna manera para construir este lugar. Naci\u00f3 la amistad con don Sergio y otros adultos, lo cual hizo que me fuera implicando cada vez m\u00e1s. Una propuesta intensa, vivida y para el mundo. Somos poca cosa en comparaci\u00f3n con toda la ciudad de Roma y la vida de la Iglesia, pero formamos parte de ella y estamos absolutamente dentro de ella. En un mundo donde cada vez es m\u00e1s dif\u00edcil tener experiencia de una comunidad a la que pertenecer (tanto cristiana como civil), nuestra realidad puede considerarse, sin presunciones, un ejemplo de educaci\u00f3n en la fe factible y real. Angelo Rinaldi, excelente periodista y dise\u00f1ador gr\u00e1fico, a\u00f1ade: \u00abEl centro es el rostro de mis amigos. Aqu\u00ed es donde me encuentro con ellos y aqu\u00ed es donde ha crecido nuestra compa\u00f1\u00eda. La sencillez de los gestos y el compartir distintas necesidades han educado y enriquecido mi vida y mi fe. El Centro ha seguido siendo un punto de apoyo\u00bb.<\/p>\n\n\n\n<p>Estar, quedarse. Historias de adultos, \u00abllevados\u00bb por los hijos al centro y qued\u00e1ndose incluso cuando \u00e9stos se van, que se casan, cambian de ciudad, entran en el convento o en la misma Fraternidad San Carlos. Alessandra Pizzi, organizadora del trabajo de las madres en la cocina, dice: \u00abLa experiencia del Centro, compartir la vida en distintos \u00e1mbitos, desde la educaci\u00f3n de los hijos hasta el testimonio de la fe, me ha permitido entender m\u00e1s que la vida es una tarea que pide ser ofrecida con gratuidad. Todo el desarrollo de la vida puede darse en un lugar como este, que es una casa, el punto afectivo y educativo que permite a cada uno, y a todos juntos, ser acompa\u00f1ados y sostenidos en el camino\u00bb.<\/p>\n\n\n\n<p>Tres a\u00f1os despu\u00e9s del inicio, la Di\u00f3cesis confi\u00f3 a don Sergio Ghio y a la Fraternidad San Carlos la parroquia de la Navicella, la preciosa iglesia de Santa Mar\u00eda in Domnica, en la zona del Coliseo, cercana al centro. Explica don Sergio: \u00abFue entonces cuando tuvimos la necesidad de entender c\u00f3mo plasmar la vida diaria de una parroquia con todas sus actividades, teniendo en cuenta la especificidad de nuestro carisma y de nuestra historia. Y as\u00ed, se pens\u00f3 proponer a los ni\u00f1os de primaria una experiencia an\u00e1loga a la que ofrec\u00edamos a los chicos de secundaria y bachillerato\u00bb.<\/p>\n\n\n<figure class=\"wp-block-image wp-block-image--fnztema\"><picture><source media=\"(min-width: 1024px)\" srcset=\"https:\/\/sancarlo.org\/wp-content\/uploads\/2025\/06\/20250400-Navicella-Foto-repetorio-IlCentro-10-1024x682.jpg 1x, https:\/\/sancarlo.org\/wp-content\/uploads\/2025\/06\/20250400-Navicella-Foto-repetorio-IlCentro-10-2048x1365.jpg 2x\"><source media=\"(min-width: 768px)\" srcset=\"https:\/\/sancarlo.org\/wp-content\/uploads\/2025\/06\/20250400-Navicella-Foto-repetorio-IlCentro-10-800x533.jpg 1x, https:\/\/sancarlo.org\/wp-content\/uploads\/2025\/06\/20250400-Navicella-Foto-repetorio-IlCentro-10-1600x1066.jpg 2x\"><source media=\"(min-width: 200px)\" srcset=\"https:\/\/sancarlo.org\/wp-content\/uploads\/2025\/06\/20250400-Navicella-Foto-repetorio-IlCentro-10-500x333.jpg 1x, https:\/\/sancarlo.org\/wp-content\/uploads\/2025\/06\/20250400-Navicella-Foto-repetorio-IlCentro-10-1000x666.jpg 2x\"><img decoding=\"async\" src=\"data:image\/gif;base64,R0lGODlhAQABAAAAACH5BAEKAAEALAAAAAABAAEAAAICTAEAOw==\" alt=\"20250400 navicella foto repetorio ilcentro 10\" \/><\/picture><\/figure>\n\n\n<p>La estructura de la propuesta es sencilla: cada d\u00eda, a partir de las 14:30 hasta las 18:30 el Centro est\u00e1 abierto para todos los ni\u00f1os y j\u00f3venes que quieran ir a estudiar o simplemente estar. Los viernes por la tarde se hace el \u00abRaggio\u00bb, un momento de conversaci\u00f3n el que se trata una pregunta o tema a la luz de uno de los textos de Luigi Giussani, donde se invita a los chicos a compararlo con su vida, su cotidianidad, lo que perciben y lo que sucede en el mundo. El s\u00e1bado es el d\u00eda de \u00abLe Stelle di San Lorenzo\u00bb (propuesta para los ni\u00f1os de primaria) y de \u00abLa Barca di Pietro\u00bb (para ni\u00f1os de 6\u00ba de primaria y 1\u00ba a 2\u00ba de la ESO). El vicario de Navicella, Paolo Di Gennaro explica: \u00abYo he vuelto a este lugar, donde ya estuve hace diecisiete a\u00f1os de seminarista, con \u00abLa Barca di Pietro\u00bb. Ahora he vuelto y me he encontrado con una realidad familiar, he vuelto a encontrarme con tantos amigos y personas que conoc\u00eda, que han crecido, han formado una familia, gente que se ha quedado y ha seguido con esta aventura. Tambi\u00e9n ahora he conocido a muchas personas, signo de que, en estos a\u00f1os, la comunidad ha crecido y ha llegado a muchos. Andrea La Piana, di\u00e1cono que pronto ser\u00e1 ordenado, tambi\u00e9n est\u00e1 involucrado en estas dos iniciativas junto con algunos seminaristas de la Fraternidad San Carlos. Andrea comenta: \u00abEs bonito que haya tantos ni\u00f1os y chavales en el Centro. A partir de ahora seguir\u00e9 estando con ellos y durante la semana tambi\u00e9n estar\u00e9 con los mayores de secundaria y bachillerato\u00bb. Ana Amoroso, veterana de \u00abLe Stelle di San Lorenzo\u00bb, junto con sor Giulia Parete y Laura Rodella (Misioneras de San Carlos) y otros dos adultos, Patrizia Campomaggiore y Jacopo Bernabei, cuenta: \u00abConoc\u00ed a don Sergio en el 2000, cuando le ofrecieron el espacio del Centro, que est\u00e1 justo detr\u00e1s de mi casa. Era un lugar donde mis hijos mayores pod\u00edan compartir con otros chicos de su edad la vida cristiana. Despu\u00e9s se convirti\u00f3 en una propuesta para m\u00ed, sobre todo la Navicella y \u00abLe Stelle di San Lorenzo\u00bb.<\/p>\n\n\n\n<blockquote class=\"wp-block-quote\">\n<p>\u00abUn lugar como este, que es una casa, el punto afectivo y educativo\u00bb<\/p>\n<\/blockquote>\n\n\n\n<p>En los \u00faltimos a\u00f1os ha surgido otra iniciativa: la cena de las familias. Los padres de los ni\u00f1os y chicos que acuden a las actividades se juntan el s\u00e1bado por la noche y cenan juntos. No es raro que, en la misma tarde del s\u00e1bado, mientras los ni\u00f1os est\u00e1n en sus respectivos encuentros, se propongan encuentros culturales para los adultos. Por ejemplo, la serie de charlas bajo el t\u00edtulo \u00abLa tarea de educar\u00bb, a las que se invit\u00f3 a expertos y gente del mundo de la ense\u00f1anza a hablar sobre la responsabilidad educativa. Con los a\u00f1os, por el Centro han pasado personalidades p\u00fablicas, escritores, artistas, profesores o voluntarios y muchos a los que les ha marcado esta realidad. Desde Luigi Ballerini a Franco Nembrini, Mauro Magatti, Eraldo Affinati, Mario Calabresi, Andrea Monda, Wael Farouk o Gigi De Palo, entre otros. Tambi\u00e9n dentro del \u00e1mbito eclesial, muchos se han hecho amigos del Centro. Empezando por el cardenal Matteo Zuppi, hasta el obispo cat\u00f3lico de Mosc\u00fa, Paolo Pezzi. Concluye Sergio Ghio: \u00abEn su sencillez, una experiencia como la del Centro permite comprender la propuesta cristiana. Es lo que el Santo Padre Francisco llamaba una \u201cIglesia en salida\u201d, la posibilidad de tener un lugar firme, s\u00f3lido, que ampl\u00ede cada vez m\u00e1s el horizonte de cada uno y nos permita ir al mundo, cada vez m\u00e1s ciertos\u00bb.<\/p>\n","protected":false},"excerpt":{"rendered":"<p>Hace 25 a\u00f1os la Di\u00f3cesis de Roma confi\u00f3 a la Fraternidad San Carlos el centro juvenil de Colle Oppio. En este art\u00edculo rememoramos la historia de estos a\u00f1os. <\/p>\n","protected":false},"author":1,"featured_media":12685,"comment_status":"closed","ping_status":"closed","sticky":false,"template":"","format":"standard","meta":{"_acf_changed":false,"inline_featured_image":false,"slim_seo":{"title":"25 a\u00f1os en el Centro - Fraternidad San Carlos","description":"Hace 25 a\u00f1os la Di\u00f3cesis de Roma confi\u00f3 a la Fraternidad San Carlos el centro juvenil de Colle Oppio. En este art\u00edculo rememoramos la historia de estos a\u00f1os."},"footnotes":""},"categories":[379],"tags":[680,505],"writers":[1242],"regions":[386],"cities":[436],"class_list":["post-13158","post","type-post","status-publish","format-standard","has-post-thumbnail","hentry","category-testimonios","tag-educazione-es","tag-missione-es","writers-alessandro-banfi","regions-italia-es","cities-roma-es"],"acf":[],"_links":{"self":[{"href":"https:\/\/sancarlo.org\/es\/wp-json\/wp\/v2\/posts\/13158","targetHints":{"allow":["GET"]}}],"collection":[{"href":"https:\/\/sancarlo.org\/es\/wp-json\/wp\/v2\/posts"}],"about":[{"href":"https:\/\/sancarlo.org\/es\/wp-json\/wp\/v2\/types\/post"}],"author":[{"embeddable":true,"href":"https:\/\/sancarlo.org\/es\/wp-json\/wp\/v2\/users\/1"}],"replies":[{"embeddable":true,"href":"https:\/\/sancarlo.org\/es\/wp-json\/wp\/v2\/comments?post=13158"}],"version-history":[{"count":1,"href":"https:\/\/sancarlo.org\/es\/wp-json\/wp\/v2\/posts\/13158\/revisions"}],"predecessor-version":[{"id":13160,"href":"https:\/\/sancarlo.org\/es\/wp-json\/wp\/v2\/posts\/13158\/revisions\/13160"}],"wp:featuredmedia":[{"embeddable":true,"href":"https:\/\/sancarlo.org\/es\/wp-json\/wp\/v2\/media\/12685"}],"wp:attachment":[{"href":"https:\/\/sancarlo.org\/es\/wp-json\/wp\/v2\/media?parent=13158"}],"wp:term":[{"taxonomy":"category","embeddable":true,"href":"https:\/\/sancarlo.org\/es\/wp-json\/wp\/v2\/categories?post=13158"},{"taxonomy":"post_tag","embeddable":true,"href":"https:\/\/sancarlo.org\/es\/wp-json\/wp\/v2\/tags?post=13158"},{"taxonomy":"writers","embeddable":true,"href":"https:\/\/sancarlo.org\/es\/wp-json\/wp\/v2\/writers?post=13158"},{"taxonomy":"regions","embeddable":true,"href":"https:\/\/sancarlo.org\/es\/wp-json\/wp\/v2\/regions?post=13158"},{"taxonomy":"cities","embeddable":true,"href":"https:\/\/sancarlo.org\/es\/wp-json\/wp\/v2\/cities?post=13158"}],"curies":[{"name":"wp","href":"https:\/\/api.w.org\/{rel}","templated":true}]}}