{"id":13161,"date":"2025-07-11T20:54:00","date_gmt":"2025-07-11T18:54:00","guid":{"rendered":"https:\/\/sancarlo.org\/?p=13161"},"modified":"2025-07-11T22:59:15","modified_gmt":"2025-07-11T20:59:15","slug":"fiesta-del-centro","status":"publish","type":"post","link":"https:\/\/sancarlo.org\/es\/fiesta-del-centro\/","title":{"rendered":"Fiesta del Centro"},"content":{"rendered":"\n<p>El \u00faltimo fin de semana de junio tuvo lugar la fiesta <a href=\"https:\/\/www.ilcentroroma.it\/\" target=\"_blank\" rel=\"noopener\" title=\"\">del Centro<\/a>, que <a href=\"https:\/\/sancarlo.org\/es\/25-anos-en-el-centro\/\" title=\"25 a\u00f1os en el Centro\">hace veinticinco a\u00f1os<\/a> fue cedido a la Fraternidad San Carlos. La noche del 28 de junio fue la despedida de don Sergio Ghio, gu\u00eda y compa\u00f1\u00eda para la comunidad del Centro durante todos estos a\u00f1os, que ahora se traslada a Perugia.<\/p>\n\n\n<div class=\"wp-block-gallery wp-block-gallery--fnztema gallery\"><div class=\"gallery-inner\"><button class=\"gallery-thumb\" aria-haspopup=\"dialog\" data-modal-trigger=\"modal-d51ebcd2-d7fa-4500-bbb5-11096f4ff512\" data-modal-triggerinfo='{\"position\": 0}' data-index=\"0\" aria-label=\"Abrir galer\u00eda desde la imagen 1\"><picture><source media=\"(min-width: 200px)\" srcset=\"https:\/\/sancarlo.org\/wp-content\/uploads\/2025\/06\/20250628-Navicella-Festa-del-Centro-1-dimensioni-grandi-400x300.jpeg 1x, https:\/\/sancarlo.org\/wp-content\/uploads\/2025\/06\/20250628-Navicella-Festa-del-Centro-1-dimensioni-grandi-800x600.jpeg 2x\"><img decoding=\"async\" src=\"data:image\/gif;base64,R0lGODlhAQABAAAAACH5BAEKAAEALAAAAAABAAEAAAICTAEAOw==\" alt=\"\" class=\"gallery-thumb-image\" aria-hidden=\"true\"><\/picture><\/button><button class=\"gallery-thumb\" aria-haspopup=\"dialog\" data-modal-trigger=\"modal-d51ebcd2-d7fa-4500-bbb5-11096f4ff512\" data-modal-triggerinfo='{\"position\": 1}' data-index=\"1\" aria-label=\"Abrir galer\u00eda desde la imagen 2\"><picture><source media=\"(min-width: 200px)\" srcset=\"https:\/\/sancarlo.org\/wp-content\/uploads\/2025\/06\/20250628-Navicella-Festa-del-Centro-14-dimensioni-grandi-400x300.jpeg 1x, https:\/\/sancarlo.org\/wp-content\/uploads\/2025\/06\/20250628-Navicella-Festa-del-Centro-14-dimensioni-grandi-800x600.jpeg 2x\"><img decoding=\"async\" src=\"data:image\/gif;base64,R0lGODlhAQABAAAAACH5BAEKAAEALAAAAAABAAEAAAICTAEAOw==\" alt=\"\" class=\"gallery-thumb-image\" aria-hidden=\"true\"><\/picture><\/button><button class=\"gallery-thumb\" aria-haspopup=\"dialog\" data-modal-trigger=\"modal-d51ebcd2-d7fa-4500-bbb5-11096f4ff512\" data-modal-triggerinfo='{\"position\": 2}' data-index=\"2\" aria-label=\"Abrir galer\u00eda desde la imagen 3\"><picture><source media=\"(min-width: 200px)\" srcset=\"https:\/\/sancarlo.org\/wp-content\/uploads\/2025\/06\/20250628-Navicella-Festa-del-Centro-2-dimensioni-grandi-400x300.jpeg 1x, https:\/\/sancarlo.org\/wp-content\/uploads\/2025\/06\/20250628-Navicella-Festa-del-Centro-2-dimensioni-grandi-800x600.jpeg 2x\"><img decoding=\"async\" src=\"data:image\/gif;base64,R0lGODlhAQABAAAAACH5BAEKAAEALAAAAAABAAEAAAICTAEAOw==\" alt=\"\" class=\"gallery-thumb-image\" aria-hidden=\"true\"><\/picture><\/button><button class=\"gallery-thumb\" aria-haspopup=\"dialog\" data-modal-trigger=\"modal-d51ebcd2-d7fa-4500-bbb5-11096f4ff512\" data-modal-triggerinfo='{\"position\": 3}' data-index=\"3\" aria-label=\"Abrir galer\u00eda desde la imagen 4\"><picture><source media=\"(min-width: 200px)\" srcset=\"https:\/\/sancarlo.org\/wp-content\/uploads\/2025\/06\/20250628-Navicella-Festa-del-Centro-16-dimensioni-grandi-400x300.jpeg 1x, https:\/\/sancarlo.org\/wp-content\/uploads\/2025\/06\/20250628-Navicella-Festa-del-Centro-16-dimensioni-grandi-800x600.jpeg 2x\"><img decoding=\"async\" src=\"data:image\/gif;base64,R0lGODlhAQABAAAAACH5BAEKAAEALAAAAAABAAEAAAICTAEAOw==\" alt=\"\" class=\"gallery-thumb-image\" aria-hidden=\"true\"><\/picture><\/button><button class=\"gallery-thumb\" aria-haspopup=\"dialog\" data-modal-trigger=\"modal-d51ebcd2-d7fa-4500-bbb5-11096f4ff512\" data-modal-triggerinfo='{\"position\": 4}' data-index=\"4\" aria-label=\"Abrir galer\u00eda desde la imagen 5\"><picture><source media=\"(min-width: 200px)\" srcset=\"https:\/\/sancarlo.org\/wp-content\/uploads\/2025\/06\/20250628-Navicella-Festa-del-Centro-37-dimensioni-grandi-400x300.jpeg 1x, https:\/\/sancarlo.org\/wp-content\/uploads\/2025\/06\/20250628-Navicella-Festa-del-Centro-37-dimensioni-grandi-800x600.jpeg 2x\"><img decoding=\"async\" src=\"data:image\/gif;base64,R0lGODlhAQABAAAAACH5BAEKAAEALAAAAAABAAEAAAICTAEAOw==\" alt=\"\" class=\"gallery-thumb-image\" aria-hidden=\"true\"><\/picture><\/button><button class=\"gallery-thumb\" aria-haspopup=\"dialog\" data-modal-trigger=\"modal-d51ebcd2-d7fa-4500-bbb5-11096f4ff512\" data-modal-triggerinfo='{\"position\": 5}' data-index=\"5\" aria-label=\"Abrir galer\u00eda desde la imagen 6\"><picture><source media=\"(min-width: 200px)\" srcset=\"https:\/\/sancarlo.org\/wp-content\/uploads\/2025\/06\/20250628-Navicella-Festa-del-Centro-36-dimensioni-grandi-400x300.jpeg 1x, https:\/\/sancarlo.org\/wp-content\/uploads\/2025\/06\/20250628-Navicella-Festa-del-Centro-36-dimensioni-grandi-800x600.jpeg 2x\"><img decoding=\"async\" src=\"data:image\/gif;base64,R0lGODlhAQABAAAAACH5BAEKAAEALAAAAAABAAEAAAICTAEAOw==\" alt=\"\" class=\"gallery-thumb-image\" aria-hidden=\"true\"><\/picture><\/button><button class=\"gallery-thumb\" aria-haspopup=\"dialog\" data-modal-trigger=\"modal-d51ebcd2-d7fa-4500-bbb5-11096f4ff512\" data-modal-triggerinfo='{\"position\": 6}' data-index=\"6\" aria-label=\"Abrir galer\u00eda desde la imagen 7\"><picture><source media=\"(min-width: 200px)\" srcset=\"https:\/\/sancarlo.org\/wp-content\/uploads\/2025\/06\/20250628-Navicella-Festa-del-Centro-98-dimensioni-grandi-400x300.jpeg 1x, https:\/\/sancarlo.org\/wp-content\/uploads\/2025\/06\/20250628-Navicella-Festa-del-Centro-98-dimensioni-grandi-800x600.jpeg 2x\"><img decoding=\"async\" src=\"data:image\/gif;base64,R0lGODlhAQABAAAAACH5BAEKAAEALAAAAAABAAEAAAICTAEAOw==\" alt=\"\" class=\"gallery-thumb-image\" aria-hidden=\"true\"><\/picture><\/button><button class=\"gallery-thumb\" aria-haspopup=\"dialog\" data-modal-trigger=\"modal-d51ebcd2-d7fa-4500-bbb5-11096f4ff512\" data-modal-triggerinfo='{\"position\": 7}' data-index=\"7\" aria-label=\"Abrir galer\u00eda desde la imagen 8\"><picture><source media=\"(min-width: 200px)\" srcset=\"https:\/\/sancarlo.org\/wp-content\/uploads\/2025\/06\/20250628-Navicella-Festa-del-Centro-43-dimensioni-grandi-400x300.jpeg 1x, https:\/\/sancarlo.org\/wp-content\/uploads\/2025\/06\/20250628-Navicella-Festa-del-Centro-43-dimensioni-grandi-800x600.jpeg 2x\"><img decoding=\"async\" src=\"data:image\/gif;base64,R0lGODlhAQABAAAAACH5BAEKAAEALAAAAAABAAEAAAICTAEAOw==\" alt=\"\" class=\"gallery-thumb-image\" aria-hidden=\"true\"><\/picture><\/button><button class=\"gallery-thumb\" aria-haspopup=\"dialog\" data-modal-trigger=\"modal-d51ebcd2-d7fa-4500-bbb5-11096f4ff512\" data-modal-triggerinfo='{\"position\": 8}' data-index=\"8\" aria-label=\"Abrir galer\u00eda desde la imagen 9\"><picture><source media=\"(min-width: 200px)\" srcset=\"https:\/\/sancarlo.org\/wp-content\/uploads\/2025\/06\/20250628-Navicella-Festa-del-Centro-63-dimensioni-grandi-400x300.jpeg 1x, https:\/\/sancarlo.org\/wp-content\/uploads\/2025\/06\/20250628-Navicella-Festa-del-Centro-63-dimensioni-grandi-800x600.jpeg 2x\"><img decoding=\"async\" src=\"data:image\/gif;base64,R0lGODlhAQABAAAAACH5BAEKAAEALAAAAAABAAEAAAICTAEAOw==\" alt=\"\" class=\"gallery-thumb-image\" aria-hidden=\"true\"><\/picture><\/button><button class=\"gallery-thumb\" aria-haspopup=\"dialog\" data-modal-trigger=\"modal-d51ebcd2-d7fa-4500-bbb5-11096f4ff512\" data-modal-triggerinfo='{\"position\": 9}' data-index=\"9\" aria-label=\"Abrir galer\u00eda desde la imagen 10\"><picture><source media=\"(min-width: 200px)\" srcset=\"https:\/\/sancarlo.org\/wp-content\/uploads\/2025\/06\/20250628-Navicella-Festa-del-Centro-52-dimensioni-grandi-400x300.jpeg 1x, https:\/\/sancarlo.org\/wp-content\/uploads\/2025\/06\/20250628-Navicella-Festa-del-Centro-52-dimensioni-grandi-800x600.jpeg 2x\"><img decoding=\"async\" src=\"data:image\/gif;base64,R0lGODlhAQABAAAAACH5BAEKAAEALAAAAAABAAEAAAICTAEAOw==\" alt=\"\" class=\"gallery-thumb-image\" aria-hidden=\"true\"><\/picture><\/button><button class=\"gallery-thumb\" aria-haspopup=\"dialog\" data-modal-trigger=\"modal-d51ebcd2-d7fa-4500-bbb5-11096f4ff512\" data-modal-triggerinfo='{\"position\": 10}' data-index=\"10\" aria-label=\"Abrir galer\u00eda desde la imagen 11\"><picture><source media=\"(min-width: 200px)\" srcset=\"https:\/\/sancarlo.org\/wp-content\/uploads\/2025\/06\/20250628-Navicella-Festa-del-Centro-49-dimensioni-grandi-400x300.jpeg 1x, https:\/\/sancarlo.org\/wp-content\/uploads\/2025\/06\/20250628-Navicella-Festa-del-Centro-49-dimensioni-grandi-800x600.jpeg 2x\"><img decoding=\"async\" src=\"data:image\/gif;base64,R0lGODlhAQABAAAAACH5BAEKAAEALAAAAAABAAEAAAICTAEAOw==\" alt=\"\" class=\"gallery-thumb-image\" aria-hidden=\"true\"><\/picture><\/button><button class=\"gallery-thumb\" aria-haspopup=\"dialog\" data-modal-trigger=\"modal-d51ebcd2-d7fa-4500-bbb5-11096f4ff512\" data-modal-triggerinfo='{\"position\": 11}' data-index=\"11\" aria-label=\"Abrir galer\u00eda desde la imagen 12\"><picture><source media=\"(min-width: 200px)\" srcset=\"https:\/\/sancarlo.org\/wp-content\/uploads\/2025\/06\/20250628-Navicella-Festa-del-Centro-65-dimensioni-grandi-400x300.jpeg 1x, https:\/\/sancarlo.org\/wp-content\/uploads\/2025\/06\/20250628-Navicella-Festa-del-Centro-65-dimensioni-grandi-800x600.jpeg 2x\"><img decoding=\"async\" src=\"data:image\/gif;base64,R0lGODlhAQABAAAAACH5BAEKAAEALAAAAAABAAEAAAICTAEAOw==\" alt=\"\" class=\"gallery-thumb-image\" aria-hidden=\"true\"><\/picture><\/button><button class=\"gallery-thumb\" aria-haspopup=\"dialog\" data-modal-trigger=\"modal-d51ebcd2-d7fa-4500-bbb5-11096f4ff512\" data-modal-triggerinfo='{\"position\": 12}' data-index=\"12\" aria-label=\"Abrir galer\u00eda desde la imagen 13\"><picture><source media=\"(min-width: 200px)\" srcset=\"https:\/\/sancarlo.org\/wp-content\/uploads\/2025\/06\/20250628-Navicella-Festa-del-Centro-55-dimensioni-grandi-400x300.jpeg 1x, https:\/\/sancarlo.org\/wp-content\/uploads\/2025\/06\/20250628-Navicella-Festa-del-Centro-55-dimensioni-grandi-800x600.jpeg 2x\"><img decoding=\"async\" src=\"data:image\/gif;base64,R0lGODlhAQABAAAAACH5BAEKAAEALAAAAAABAAEAAAICTAEAOw==\" alt=\"\" class=\"gallery-thumb-image\" aria-hidden=\"true\"><\/picture><\/button><button class=\"gallery-thumb\" aria-haspopup=\"dialog\" data-modal-trigger=\"modal-d51ebcd2-d7fa-4500-bbb5-11096f4ff512\" data-modal-triggerinfo='{\"position\": 13}' data-index=\"13\" aria-label=\"Abrir galer\u00eda desde la imagen 14\"><picture><source media=\"(min-width: 200px)\" srcset=\"https:\/\/sancarlo.org\/wp-content\/uploads\/2025\/06\/20250628-Navicella-Festa-del-Centro-68-dimensioni-grandi-400x300.jpeg 1x, https:\/\/sancarlo.org\/wp-content\/uploads\/2025\/06\/20250628-Navicella-Festa-del-Centro-68-dimensioni-grandi-800x600.jpeg 2x\"><img decoding=\"async\" src=\"data:image\/gif;base64,R0lGODlhAQABAAAAACH5BAEKAAEALAAAAAABAAEAAAICTAEAOw==\" alt=\"\" class=\"gallery-thumb-image\" aria-hidden=\"true\"><\/picture><\/button><button class=\"gallery-thumb\" aria-haspopup=\"dialog\" data-modal-trigger=\"modal-d51ebcd2-d7fa-4500-bbb5-11096f4ff512\" data-modal-triggerinfo='{\"position\": 14}' data-index=\"14\" aria-label=\"Abrir galer\u00eda desde la imagen 15\"><picture><source media=\"(min-width: 200px)\" srcset=\"https:\/\/sancarlo.org\/wp-content\/uploads\/2025\/06\/20250628-Navicella-Festa-del-Centro-86-dimensioni-grandi-400x300.jpeg 1x, https:\/\/sancarlo.org\/wp-content\/uploads\/2025\/06\/20250628-Navicella-Festa-del-Centro-86-dimensioni-grandi-800x600.jpeg 2x\"><img decoding=\"async\" src=\"data:image\/gif;base64,R0lGODlhAQABAAAAACH5BAEKAAEALAAAAAABAAEAAAICTAEAOw==\" alt=\"\" class=\"gallery-thumb-image\" aria-hidden=\"true\"><\/picture><\/button><button class=\"gallery-thumb\" aria-haspopup=\"dialog\" data-modal-trigger=\"modal-d51ebcd2-d7fa-4500-bbb5-11096f4ff512\" data-modal-triggerinfo='{\"position\": 15}' data-index=\"15\" aria-label=\"Abrir galer\u00eda desde la imagen 16\"><picture><source media=\"(min-width: 200px)\" srcset=\"https:\/\/sancarlo.org\/wp-content\/uploads\/2025\/06\/20250628-Navicella-Festa-del-Centro-72-dimensioni-grandi-400x300.jpeg 1x, https:\/\/sancarlo.org\/wp-content\/uploads\/2025\/06\/20250628-Navicella-Festa-del-Centro-72-dimensioni-grandi-800x600.jpeg 2x\"><img decoding=\"async\" src=\"data:image\/gif;base64,R0lGODlhAQABAAAAACH5BAEKAAEALAAAAAABAAEAAAICTAEAOw==\" alt=\"\" class=\"gallery-thumb-image\" aria-hidden=\"true\"><\/picture><\/button><button class=\"gallery-thumb\" aria-haspopup=\"dialog\" data-modal-trigger=\"modal-d51ebcd2-d7fa-4500-bbb5-11096f4ff512\" data-modal-triggerinfo='{\"position\": 16}' data-index=\"16\" aria-label=\"Abrir galer\u00eda desde la imagen 17\"><picture><source media=\"(min-width: 200px)\" srcset=\"https:\/\/sancarlo.org\/wp-content\/uploads\/2025\/06\/20250628-Navicella-Festa-del-Centro-76-dimensioni-grandi-400x300.jpeg 1x, https:\/\/sancarlo.org\/wp-content\/uploads\/2025\/06\/20250628-Navicella-Festa-del-Centro-76-dimensioni-grandi-800x600.jpeg 2x\"><img decoding=\"async\" src=\"data:image\/gif;base64,R0lGODlhAQABAAAAACH5BAEKAAEALAAAAAABAAEAAAICTAEAOw==\" alt=\"\" class=\"gallery-thumb-image\" aria-hidden=\"true\"><\/picture><\/button><button class=\"gallery-thumb\" aria-haspopup=\"dialog\" data-modal-trigger=\"modal-d51ebcd2-d7fa-4500-bbb5-11096f4ff512\" data-modal-triggerinfo='{\"position\": 17}' data-index=\"17\" aria-label=\"Abrir galer\u00eda desde la imagen 18\"><picture><source media=\"(min-width: 200px)\" srcset=\"https:\/\/sancarlo.org\/wp-content\/uploads\/2025\/06\/20250628-Navicella-Festa-del-Centro-81-dimensioni-grandi-400x300.jpeg 1x, https:\/\/sancarlo.org\/wp-content\/uploads\/2025\/06\/20250628-Navicella-Festa-del-Centro-81-dimensioni-grandi-800x600.jpeg 2x\"><img decoding=\"async\" src=\"data:image\/gif;base64,R0lGODlhAQABAAAAACH5BAEKAAEALAAAAAABAAEAAAICTAEAOw==\" alt=\"\" class=\"gallery-thumb-image\" aria-hidden=\"true\"><\/picture><\/button><button class=\"gallery-thumb\" aria-haspopup=\"dialog\" data-modal-trigger=\"modal-d51ebcd2-d7fa-4500-bbb5-11096f4ff512\" data-modal-triggerinfo='{\"position\": 18}' data-index=\"18\" aria-label=\"Abrir galer\u00eda desde la imagen 19\"><picture><source media=\"(min-width: 200px)\" srcset=\"https:\/\/sancarlo.org\/wp-content\/uploads\/2025\/06\/20250628-Navicella-Festa-del-Centro-83-dimensioni-grandi-400x300.jpeg 1x, https:\/\/sancarlo.org\/wp-content\/uploads\/2025\/06\/20250628-Navicella-Festa-del-Centro-83-dimensioni-grandi-800x600.jpeg 2x\"><img decoding=\"async\" src=\"data:image\/gif;base64,R0lGODlhAQABAAAAACH5BAEKAAEALAAAAAABAAEAAAICTAEAOw==\" alt=\"\" class=\"gallery-thumb-image\" aria-hidden=\"true\"><\/picture><\/button><button class=\"gallery-thumb\" aria-haspopup=\"dialog\" data-modal-trigger=\"modal-d51ebcd2-d7fa-4500-bbb5-11096f4ff512\" data-modal-triggerinfo='{\"position\": 19}' data-index=\"19\" aria-label=\"Abrir galer\u00eda desde la imagen 20\"><picture><source media=\"(min-width: 200px)\" srcset=\"https:\/\/sancarlo.org\/wp-content\/uploads\/2025\/06\/20250628-Navicella-Festa-del-Centro-95-dimensioni-grandi-400x300.jpeg 1x, https:\/\/sancarlo.org\/wp-content\/uploads\/2025\/06\/20250628-Navicella-Festa-del-Centro-95-dimensioni-grandi-800x600.jpeg 2x\"><img decoding=\"async\" src=\"data:image\/gif;base64,R0lGODlhAQABAAAAACH5BAEKAAEALAAAAAABAAEAAAICTAEAOw==\" alt=\"\" class=\"gallery-thumb-image\" aria-hidden=\"true\"><\/picture><\/button><div class=\"modal modal--full modal--gallery\" id=\"modal-d51ebcd2-d7fa-4500-bbb5-11096f4ff512\" aria-hidden=\"true\">\n<div class=\"modal-overlay\" tabindex=\"-1\" data-modal-close><div class=\"modal-dialog\" data-component=\"modal_gallery\" role=\"dialog\" aria-modal=\"true\" ><button class=\"modal-close\" aria-label=\"Cerrar\" data-modal-close><\/button><div class=\"modal-content\"><div class=\"gallery-slides\"><div class=\"gallery-slides-inner\"><figure><picture><source media=\"(min-width: 1280px)\" srcset=\"https:\/\/sancarlo.org\/wp-content\/uploads\/2025\/06\/20250628-Navicella-Festa-del-Centro-1-dimensioni-grandi.jpeg 1x, https:\/\/sancarlo.org\/wp-content\/uploads\/2025\/06\/20250628-Navicella-Festa-del-Centro-1-dimensioni-grandi.jpeg 2x\"><source media=\"(min-width: 1024px)\" srcset=\"https:\/\/sancarlo.org\/wp-content\/uploads\/2025\/06\/20250628-Navicella-Festa-del-Centro-1-dimensioni-grandi-1024x682.jpeg 1x, https:\/\/sancarlo.org\/wp-content\/uploads\/2025\/06\/20250628-Navicella-Festa-del-Centro-1-dimensioni-grandi.jpeg 2x\"><source media=\"(min-width: 768px)\" srcset=\"https:\/\/sancarlo.org\/wp-content\/uploads\/2025\/06\/20250628-Navicella-Festa-del-Centro-1-dimensioni-grandi-800x533.jpeg 1x, https:\/\/sancarlo.org\/wp-content\/uploads\/2025\/06\/20250628-Navicella-Festa-del-Centro-1-dimensioni-grandi.jpeg 2x\"><source media=\"(min-width: 200px)\" srcset=\"https:\/\/sancarlo.org\/wp-content\/uploads\/2025\/06\/20250628-Navicella-Festa-del-Centro-1-dimensioni-grandi-500x333.jpeg 1x, https:\/\/sancarlo.org\/wp-content\/uploads\/2025\/06\/20250628-Navicella-Festa-del-Centro-1-dimensioni-grandi-1000x666.jpeg 2x\"><img decoding=\"async\" src=\"data:image\/gif;base64,R0lGODlhAQABAAAAACH5BAEKAAEALAAAAAABAAEAAAICTAEAOw==\" alt=\"\" \/><\/picture><\/figure><figure><picture><source media=\"(min-width: 1280px)\" srcset=\"https:\/\/sancarlo.org\/wp-content\/uploads\/2025\/06\/20250628-Navicella-Festa-del-Centro-14-dimensioni-grandi.jpeg 1x, https:\/\/sancarlo.org\/wp-content\/uploads\/2025\/06\/20250628-Navicella-Festa-del-Centro-14-dimensioni-grandi.jpeg 2x\"><source media=\"(min-width: 1024px)\" srcset=\"https:\/\/sancarlo.org\/wp-content\/uploads\/2025\/06\/20250628-Navicella-Festa-del-Centro-14-dimensioni-grandi-1024x682.jpeg 1x, https:\/\/sancarlo.org\/wp-content\/uploads\/2025\/06\/20250628-Navicella-Festa-del-Centro-14-dimensioni-grandi.jpeg 2x\"><source media=\"(min-width: 768px)\" srcset=\"https:\/\/sancarlo.org\/wp-content\/uploads\/2025\/06\/20250628-Navicella-Festa-del-Centro-14-dimensioni-grandi-800x533.jpeg 1x, https:\/\/sancarlo.org\/wp-content\/uploads\/2025\/06\/20250628-Navicella-Festa-del-Centro-14-dimensioni-grandi.jpeg 2x\"><source media=\"(min-width: 200px)\" srcset=\"https:\/\/sancarlo.org\/wp-content\/uploads\/2025\/06\/20250628-Navicella-Festa-del-Centro-14-dimensioni-grandi-500x333.jpeg 1x, https:\/\/sancarlo.org\/wp-content\/uploads\/2025\/06\/20250628-Navicella-Festa-del-Centro-14-dimensioni-grandi-1000x666.jpeg 2x\"><img decoding=\"async\" src=\"data:image\/gif;base64,R0lGODlhAQABAAAAACH5BAEKAAEALAAAAAABAAEAAAICTAEAOw==\" alt=\"\" \/><\/picture><\/figure><figure><picture><source media=\"(min-width: 1280px)\" srcset=\"https:\/\/sancarlo.org\/wp-content\/uploads\/2025\/06\/20250628-Navicella-Festa-del-Centro-2-dimensioni-grandi.jpeg 1x, https:\/\/sancarlo.org\/wp-content\/uploads\/2025\/06\/20250628-Navicella-Festa-del-Centro-2-dimensioni-grandi.jpeg 2x\"><source media=\"(min-width: 1024px)\" srcset=\"https:\/\/sancarlo.org\/wp-content\/uploads\/2025\/06\/20250628-Navicella-Festa-del-Centro-2-dimensioni-grandi-1024x682.jpeg 1x, https:\/\/sancarlo.org\/wp-content\/uploads\/2025\/06\/20250628-Navicella-Festa-del-Centro-2-dimensioni-grandi.jpeg 2x\"><source media=\"(min-width: 768px)\" srcset=\"https:\/\/sancarlo.org\/wp-content\/uploads\/2025\/06\/20250628-Navicella-Festa-del-Centro-2-dimensioni-grandi-800x533.jpeg 1x, https:\/\/sancarlo.org\/wp-content\/uploads\/2025\/06\/20250628-Navicella-Festa-del-Centro-2-dimensioni-grandi.jpeg 2x\"><source media=\"(min-width: 200px)\" srcset=\"https:\/\/sancarlo.org\/wp-content\/uploads\/2025\/06\/20250628-Navicella-Festa-del-Centro-2-dimensioni-grandi-500x333.jpeg 1x, https:\/\/sancarlo.org\/wp-content\/uploads\/2025\/06\/20250628-Navicella-Festa-del-Centro-2-dimensioni-grandi-1000x666.jpeg 2x\"><img decoding=\"async\" src=\"data:image\/gif;base64,R0lGODlhAQABAAAAACH5BAEKAAEALAAAAAABAAEAAAICTAEAOw==\" alt=\"\" \/><\/picture><\/figure><figure><picture><source media=\"(min-width: 1280px)\" srcset=\"https:\/\/sancarlo.org\/wp-content\/uploads\/2025\/06\/20250628-Navicella-Festa-del-Centro-16-dimensioni-grandi.jpeg 1x, https:\/\/sancarlo.org\/wp-content\/uploads\/2025\/06\/20250628-Navicella-Festa-del-Centro-16-dimensioni-grandi.jpeg 2x\"><source media=\"(min-width: 1024px)\" srcset=\"https:\/\/sancarlo.org\/wp-content\/uploads\/2025\/06\/20250628-Navicella-Festa-del-Centro-16-dimensioni-grandi-1024x682.jpeg 1x, https:\/\/sancarlo.org\/wp-content\/uploads\/2025\/06\/20250628-Navicella-Festa-del-Centro-16-dimensioni-grandi.jpeg 2x\"><source media=\"(min-width: 768px)\" srcset=\"https:\/\/sancarlo.org\/wp-content\/uploads\/2025\/06\/20250628-Navicella-Festa-del-Centro-16-dimensioni-grandi-800x533.jpeg 1x, https:\/\/sancarlo.org\/wp-content\/uploads\/2025\/06\/20250628-Navicella-Festa-del-Centro-16-dimensioni-grandi.jpeg 2x\"><source media=\"(min-width: 200px)\" srcset=\"https:\/\/sancarlo.org\/wp-content\/uploads\/2025\/06\/20250628-Navicella-Festa-del-Centro-16-dimensioni-grandi-500x333.jpeg 1x, https:\/\/sancarlo.org\/wp-content\/uploads\/2025\/06\/20250628-Navicella-Festa-del-Centro-16-dimensioni-grandi-1000x666.jpeg 2x\"><img decoding=\"async\" src=\"data:image\/gif;base64,R0lGODlhAQABAAAAACH5BAEKAAEALAAAAAABAAEAAAICTAEAOw==\" alt=\"\" \/><\/picture><\/figure><figure><picture><source media=\"(min-width: 1280px)\" srcset=\"https:\/\/sancarlo.org\/wp-content\/uploads\/2025\/06\/20250628-Navicella-Festa-del-Centro-37-dimensioni-grandi.jpeg 1x, https:\/\/sancarlo.org\/wp-content\/uploads\/2025\/06\/20250628-Navicella-Festa-del-Centro-37-dimensioni-grandi.jpeg 2x\"><source media=\"(min-width: 1024px)\" srcset=\"https:\/\/sancarlo.org\/wp-content\/uploads\/2025\/06\/20250628-Navicella-Festa-del-Centro-37-dimensioni-grandi-1024x682.jpeg 1x, https:\/\/sancarlo.org\/wp-content\/uploads\/2025\/06\/20250628-Navicella-Festa-del-Centro-37-dimensioni-grandi.jpeg 2x\"><source media=\"(min-width: 768px)\" srcset=\"https:\/\/sancarlo.org\/wp-content\/uploads\/2025\/06\/20250628-Navicella-Festa-del-Centro-37-dimensioni-grandi-800x533.jpeg 1x, https:\/\/sancarlo.org\/wp-content\/uploads\/2025\/06\/20250628-Navicella-Festa-del-Centro-37-dimensioni-grandi.jpeg 2x\"><source media=\"(min-width: 200px)\" srcset=\"https:\/\/sancarlo.org\/wp-content\/uploads\/2025\/06\/20250628-Navicella-Festa-del-Centro-37-dimensioni-grandi-500x333.jpeg 1x, https:\/\/sancarlo.org\/wp-content\/uploads\/2025\/06\/20250628-Navicella-Festa-del-Centro-37-dimensioni-grandi-1000x666.jpeg 2x\"><img decoding=\"async\" src=\"data:image\/gif;base64,R0lGODlhAQABAAAAACH5BAEKAAEALAAAAAABAAEAAAICTAEAOw==\" alt=\"\" \/><\/picture><\/figure><figure><picture><source media=\"(min-width: 1280px)\" srcset=\"https:\/\/sancarlo.org\/wp-content\/uploads\/2025\/06\/20250628-Navicella-Festa-del-Centro-36-dimensioni-grandi.jpeg 1x, https:\/\/sancarlo.org\/wp-content\/uploads\/2025\/06\/20250628-Navicella-Festa-del-Centro-36-dimensioni-grandi.jpeg 2x\"><source media=\"(min-width: 1024px)\" srcset=\"https:\/\/sancarlo.org\/wp-content\/uploads\/2025\/06\/20250628-Navicella-Festa-del-Centro-36-dimensioni-grandi-1024x682.jpeg 1x, https:\/\/sancarlo.org\/wp-content\/uploads\/2025\/06\/20250628-Navicella-Festa-del-Centro-36-dimensioni-grandi.jpeg 2x\"><source media=\"(min-width: 768px)\" srcset=\"https:\/\/sancarlo.org\/wp-content\/uploads\/2025\/06\/20250628-Navicella-Festa-del-Centro-36-dimensioni-grandi-800x533.jpeg 1x, https:\/\/sancarlo.org\/wp-content\/uploads\/2025\/06\/20250628-Navicella-Festa-del-Centro-36-dimensioni-grandi.jpeg 2x\"><source media=\"(min-width: 200px)\" srcset=\"https:\/\/sancarlo.org\/wp-content\/uploads\/2025\/06\/20250628-Navicella-Festa-del-Centro-36-dimensioni-grandi-500x333.jpeg 1x, https:\/\/sancarlo.org\/wp-content\/uploads\/2025\/06\/20250628-Navicella-Festa-del-Centro-36-dimensioni-grandi-1000x666.jpeg 2x\"><img decoding=\"async\" src=\"data:image\/gif;base64,R0lGODlhAQABAAAAACH5BAEKAAEALAAAAAABAAEAAAICTAEAOw==\" alt=\"\" \/><\/picture><\/figure><figure><picture><source media=\"(min-width: 1280px)\" srcset=\"https:\/\/sancarlo.org\/wp-content\/uploads\/2025\/06\/20250628-Navicella-Festa-del-Centro-98-dimensioni-grandi.jpeg 1x, https:\/\/sancarlo.org\/wp-content\/uploads\/2025\/06\/20250628-Navicella-Festa-del-Centro-98-dimensioni-grandi.jpeg 2x\"><source media=\"(min-width: 1024px)\" srcset=\"https:\/\/sancarlo.org\/wp-content\/uploads\/2025\/06\/20250628-Navicella-Festa-del-Centro-98-dimensioni-grandi-1024x682.jpeg 1x, https:\/\/sancarlo.org\/wp-content\/uploads\/2025\/06\/20250628-Navicella-Festa-del-Centro-98-dimensioni-grandi.jpeg 2x\"><source media=\"(min-width: 768px)\" srcset=\"https:\/\/sancarlo.org\/wp-content\/uploads\/2025\/06\/20250628-Navicella-Festa-del-Centro-98-dimensioni-grandi-800x533.jpeg 1x, https:\/\/sancarlo.org\/wp-content\/uploads\/2025\/06\/20250628-Navicella-Festa-del-Centro-98-dimensioni-grandi.jpeg 2x\"><source media=\"(min-width: 200px)\" srcset=\"https:\/\/sancarlo.org\/wp-content\/uploads\/2025\/06\/20250628-Navicella-Festa-del-Centro-98-dimensioni-grandi-500x333.jpeg 1x, https:\/\/sancarlo.org\/wp-content\/uploads\/2025\/06\/20250628-Navicella-Festa-del-Centro-98-dimensioni-grandi-1000x666.jpeg 2x\"><img decoding=\"async\" src=\"data:image\/gif;base64,R0lGODlhAQABAAAAACH5BAEKAAEALAAAAAABAAEAAAICTAEAOw==\" alt=\"\" \/><\/picture><\/figure><figure><picture><source media=\"(min-width: 1280px)\" srcset=\"https:\/\/sancarlo.org\/wp-content\/uploads\/2025\/06\/20250628-Navicella-Festa-del-Centro-43-dimensioni-grandi.jpeg 1x, https:\/\/sancarlo.org\/wp-content\/uploads\/2025\/06\/20250628-Navicella-Festa-del-Centro-43-dimensioni-grandi.jpeg 2x\"><source media=\"(min-width: 1024px)\" srcset=\"https:\/\/sancarlo.org\/wp-content\/uploads\/2025\/06\/20250628-Navicella-Festa-del-Centro-43-dimensioni-grandi-1024x682.jpeg 1x, https:\/\/sancarlo.org\/wp-content\/uploads\/2025\/06\/20250628-Navicella-Festa-del-Centro-43-dimensioni-grandi.jpeg 2x\"><source media=\"(min-width: 768px)\" srcset=\"https:\/\/sancarlo.org\/wp-content\/uploads\/2025\/06\/20250628-Navicella-Festa-del-Centro-43-dimensioni-grandi-800x533.jpeg 1x, https:\/\/sancarlo.org\/wp-content\/uploads\/2025\/06\/20250628-Navicella-Festa-del-Centro-43-dimensioni-grandi.jpeg 2x\"><source media=\"(min-width: 200px)\" srcset=\"https:\/\/sancarlo.org\/wp-content\/uploads\/2025\/06\/20250628-Navicella-Festa-del-Centro-43-dimensioni-grandi-500x333.jpeg 1x, https:\/\/sancarlo.org\/wp-content\/uploads\/2025\/06\/20250628-Navicella-Festa-del-Centro-43-dimensioni-grandi-1000x666.jpeg 2x\"><img decoding=\"async\" src=\"data:image\/gif;base64,R0lGODlhAQABAAAAACH5BAEKAAEALAAAAAABAAEAAAICTAEAOw==\" alt=\"\" \/><\/picture><\/figure><figure><picture><source media=\"(min-width: 1280px)\" srcset=\"https:\/\/sancarlo.org\/wp-content\/uploads\/2025\/06\/20250628-Navicella-Festa-del-Centro-63-dimensioni-grandi.jpeg 1x, https:\/\/sancarlo.org\/wp-content\/uploads\/2025\/06\/20250628-Navicella-Festa-del-Centro-63-dimensioni-grandi.jpeg 2x\"><source media=\"(min-width: 1024px)\" srcset=\"https:\/\/sancarlo.org\/wp-content\/uploads\/2025\/06\/20250628-Navicella-Festa-del-Centro-63-dimensioni-grandi-1024x682.jpeg 1x, https:\/\/sancarlo.org\/wp-content\/uploads\/2025\/06\/20250628-Navicella-Festa-del-Centro-63-dimensioni-grandi.jpeg 2x\"><source media=\"(min-width: 768px)\" srcset=\"https:\/\/sancarlo.org\/wp-content\/uploads\/2025\/06\/20250628-Navicella-Festa-del-Centro-63-dimensioni-grandi-800x533.jpeg 1x, https:\/\/sancarlo.org\/wp-content\/uploads\/2025\/06\/20250628-Navicella-Festa-del-Centro-63-dimensioni-grandi.jpeg 2x\"><source media=\"(min-width: 200px)\" srcset=\"https:\/\/sancarlo.org\/wp-content\/uploads\/2025\/06\/20250628-Navicella-Festa-del-Centro-63-dimensioni-grandi-500x333.jpeg 1x, https:\/\/sancarlo.org\/wp-content\/uploads\/2025\/06\/20250628-Navicella-Festa-del-Centro-63-dimensioni-grandi-1000x666.jpeg 2x\"><img decoding=\"async\" src=\"data:image\/gif;base64,R0lGODlhAQABAAAAACH5BAEKAAEALAAAAAABAAEAAAICTAEAOw==\" alt=\"\" \/><\/picture><\/figure><figure><picture><source media=\"(min-width: 1280px)\" srcset=\"https:\/\/sancarlo.org\/wp-content\/uploads\/2025\/06\/20250628-Navicella-Festa-del-Centro-52-dimensioni-grandi.jpeg 1x, https:\/\/sancarlo.org\/wp-content\/uploads\/2025\/06\/20250628-Navicella-Festa-del-Centro-52-dimensioni-grandi.jpeg 2x\"><source media=\"(min-width: 1024px)\" srcset=\"https:\/\/sancarlo.org\/wp-content\/uploads\/2025\/06\/20250628-Navicella-Festa-del-Centro-52-dimensioni-grandi-1024x682.jpeg 1x, https:\/\/sancarlo.org\/wp-content\/uploads\/2025\/06\/20250628-Navicella-Festa-del-Centro-52-dimensioni-grandi.jpeg 2x\"><source media=\"(min-width: 768px)\" srcset=\"https:\/\/sancarlo.org\/wp-content\/uploads\/2025\/06\/20250628-Navicella-Festa-del-Centro-52-dimensioni-grandi-800x533.jpeg 1x, https:\/\/sancarlo.org\/wp-content\/uploads\/2025\/06\/20250628-Navicella-Festa-del-Centro-52-dimensioni-grandi.jpeg 2x\"><source media=\"(min-width: 200px)\" srcset=\"https:\/\/sancarlo.org\/wp-content\/uploads\/2025\/06\/20250628-Navicella-Festa-del-Centro-52-dimensioni-grandi-500x333.jpeg 1x, https:\/\/sancarlo.org\/wp-content\/uploads\/2025\/06\/20250628-Navicella-Festa-del-Centro-52-dimensioni-grandi-1000x666.jpeg 2x\"><img decoding=\"async\" src=\"data:image\/gif;base64,R0lGODlhAQABAAAAACH5BAEKAAEALAAAAAABAAEAAAICTAEAOw==\" alt=\"\" \/><\/picture><\/figure><figure><picture><source media=\"(min-width: 1280px)\" srcset=\"https:\/\/sancarlo.org\/wp-content\/uploads\/2025\/06\/20250628-Navicella-Festa-del-Centro-49-dimensioni-grandi.jpeg 1x, https:\/\/sancarlo.org\/wp-content\/uploads\/2025\/06\/20250628-Navicella-Festa-del-Centro-49-dimensioni-grandi.jpeg 2x\"><source media=\"(min-width: 1024px)\" srcset=\"https:\/\/sancarlo.org\/wp-content\/uploads\/2025\/06\/20250628-Navicella-Festa-del-Centro-49-dimensioni-grandi-1024x682.jpeg 1x, https:\/\/sancarlo.org\/wp-content\/uploads\/2025\/06\/20250628-Navicella-Festa-del-Centro-49-dimensioni-grandi.jpeg 2x\"><source media=\"(min-width: 768px)\" srcset=\"https:\/\/sancarlo.org\/wp-content\/uploads\/2025\/06\/20250628-Navicella-Festa-del-Centro-49-dimensioni-grandi-800x533.jpeg 1x, https:\/\/sancarlo.org\/wp-content\/uploads\/2025\/06\/20250628-Navicella-Festa-del-Centro-49-dimensioni-grandi.jpeg 2x\"><source media=\"(min-width: 200px)\" srcset=\"https:\/\/sancarlo.org\/wp-content\/uploads\/2025\/06\/20250628-Navicella-Festa-del-Centro-49-dimensioni-grandi-500x333.jpeg 1x, https:\/\/sancarlo.org\/wp-content\/uploads\/2025\/06\/20250628-Navicella-Festa-del-Centro-49-dimensioni-grandi-1000x666.jpeg 2x\"><img decoding=\"async\" src=\"data:image\/gif;base64,R0lGODlhAQABAAAAACH5BAEKAAEALAAAAAABAAEAAAICTAEAOw==\" alt=\"\" \/><\/picture><\/figure><figure><picture><source media=\"(min-width: 1280px)\" srcset=\"https:\/\/sancarlo.org\/wp-content\/uploads\/2025\/06\/20250628-Navicella-Festa-del-Centro-65-dimensioni-grandi.jpeg 1x, https:\/\/sancarlo.org\/wp-content\/uploads\/2025\/06\/20250628-Navicella-Festa-del-Centro-65-dimensioni-grandi.jpeg 2x\"><source media=\"(min-width: 1024px)\" srcset=\"https:\/\/sancarlo.org\/wp-content\/uploads\/2025\/06\/20250628-Navicella-Festa-del-Centro-65-dimensioni-grandi-1024x682.jpeg 1x, https:\/\/sancarlo.org\/wp-content\/uploads\/2025\/06\/20250628-Navicella-Festa-del-Centro-65-dimensioni-grandi.jpeg 2x\"><source media=\"(min-width: 768px)\" srcset=\"https:\/\/sancarlo.org\/wp-content\/uploads\/2025\/06\/20250628-Navicella-Festa-del-Centro-65-dimensioni-grandi-800x533.jpeg 1x, https:\/\/sancarlo.org\/wp-content\/uploads\/2025\/06\/20250628-Navicella-Festa-del-Centro-65-dimensioni-grandi.jpeg 2x\"><source media=\"(min-width: 200px)\" srcset=\"https:\/\/sancarlo.org\/wp-content\/uploads\/2025\/06\/20250628-Navicella-Festa-del-Centro-65-dimensioni-grandi-500x333.jpeg 1x, https:\/\/sancarlo.org\/wp-content\/uploads\/2025\/06\/20250628-Navicella-Festa-del-Centro-65-dimensioni-grandi-1000x666.jpeg 2x\"><img decoding=\"async\" src=\"data:image\/gif;base64,R0lGODlhAQABAAAAACH5BAEKAAEALAAAAAABAAEAAAICTAEAOw==\" alt=\"\" \/><\/picture><\/figure><figure><picture><source media=\"(min-width: 1280px)\" srcset=\"https:\/\/sancarlo.org\/wp-content\/uploads\/2025\/06\/20250628-Navicella-Festa-del-Centro-55-dimensioni-grandi.jpeg 1x, https:\/\/sancarlo.org\/wp-content\/uploads\/2025\/06\/20250628-Navicella-Festa-del-Centro-55-dimensioni-grandi.jpeg 2x\"><source media=\"(min-width: 1024px)\" srcset=\"https:\/\/sancarlo.org\/wp-content\/uploads\/2025\/06\/20250628-Navicella-Festa-del-Centro-55-dimensioni-grandi-1024x682.jpeg 1x, https:\/\/sancarlo.org\/wp-content\/uploads\/2025\/06\/20250628-Navicella-Festa-del-Centro-55-dimensioni-grandi.jpeg 2x\"><source media=\"(min-width: 768px)\" srcset=\"https:\/\/sancarlo.org\/wp-content\/uploads\/2025\/06\/20250628-Navicella-Festa-del-Centro-55-dimensioni-grandi-800x533.jpeg 1x, https:\/\/sancarlo.org\/wp-content\/uploads\/2025\/06\/20250628-Navicella-Festa-del-Centro-55-dimensioni-grandi.jpeg 2x\"><source media=\"(min-width: 200px)\" srcset=\"https:\/\/sancarlo.org\/wp-content\/uploads\/2025\/06\/20250628-Navicella-Festa-del-Centro-55-dimensioni-grandi-500x333.jpeg 1x, https:\/\/sancarlo.org\/wp-content\/uploads\/2025\/06\/20250628-Navicella-Festa-del-Centro-55-dimensioni-grandi-1000x666.jpeg 2x\"><img decoding=\"async\" src=\"data:image\/gif;base64,R0lGODlhAQABAAAAACH5BAEKAAEALAAAAAABAAEAAAICTAEAOw==\" alt=\"\" \/><\/picture><\/figure><figure><picture><source media=\"(min-width: 1280px)\" srcset=\"https:\/\/sancarlo.org\/wp-content\/uploads\/2025\/06\/20250628-Navicella-Festa-del-Centro-68-dimensioni-grandi.jpeg 1x, https:\/\/sancarlo.org\/wp-content\/uploads\/2025\/06\/20250628-Navicella-Festa-del-Centro-68-dimensioni-grandi.jpeg 2x\"><source media=\"(min-width: 1024px)\" srcset=\"https:\/\/sancarlo.org\/wp-content\/uploads\/2025\/06\/20250628-Navicella-Festa-del-Centro-68-dimensioni-grandi-1024x682.jpeg 1x, https:\/\/sancarlo.org\/wp-content\/uploads\/2025\/06\/20250628-Navicella-Festa-del-Centro-68-dimensioni-grandi.jpeg 2x\"><source media=\"(min-width: 768px)\" srcset=\"https:\/\/sancarlo.org\/wp-content\/uploads\/2025\/06\/20250628-Navicella-Festa-del-Centro-68-dimensioni-grandi-800x533.jpeg 1x, https:\/\/sancarlo.org\/wp-content\/uploads\/2025\/06\/20250628-Navicella-Festa-del-Centro-68-dimensioni-grandi.jpeg 2x\"><source media=\"(min-width: 200px)\" srcset=\"https:\/\/sancarlo.org\/wp-content\/uploads\/2025\/06\/20250628-Navicella-Festa-del-Centro-68-dimensioni-grandi-500x333.jpeg 1x, https:\/\/sancarlo.org\/wp-content\/uploads\/2025\/06\/20250628-Navicella-Festa-del-Centro-68-dimensioni-grandi-1000x666.jpeg 2x\"><img decoding=\"async\" src=\"data:image\/gif;base64,R0lGODlhAQABAAAAACH5BAEKAAEALAAAAAABAAEAAAICTAEAOw==\" alt=\"\" \/><\/picture><\/figure><figure><picture><source media=\"(min-width: 1280px)\" srcset=\"https:\/\/sancarlo.org\/wp-content\/uploads\/2025\/06\/20250628-Navicella-Festa-del-Centro-86-dimensioni-grandi.jpeg 1x, https:\/\/sancarlo.org\/wp-content\/uploads\/2025\/06\/20250628-Navicella-Festa-del-Centro-86-dimensioni-grandi.jpeg 2x\"><source media=\"(min-width: 1024px)\" srcset=\"https:\/\/sancarlo.org\/wp-content\/uploads\/2025\/06\/20250628-Navicella-Festa-del-Centro-86-dimensioni-grandi-1024x682.jpeg 1x, https:\/\/sancarlo.org\/wp-content\/uploads\/2025\/06\/20250628-Navicella-Festa-del-Centro-86-dimensioni-grandi.jpeg 2x\"><source media=\"(min-width: 768px)\" srcset=\"https:\/\/sancarlo.org\/wp-content\/uploads\/2025\/06\/20250628-Navicella-Festa-del-Centro-86-dimensioni-grandi-800x533.jpeg 1x, https:\/\/sancarlo.org\/wp-content\/uploads\/2025\/06\/20250628-Navicella-Festa-del-Centro-86-dimensioni-grandi.jpeg 2x\"><source media=\"(min-width: 200px)\" srcset=\"https:\/\/sancarlo.org\/wp-content\/uploads\/2025\/06\/20250628-Navicella-Festa-del-Centro-86-dimensioni-grandi-500x333.jpeg 1x, https:\/\/sancarlo.org\/wp-content\/uploads\/2025\/06\/20250628-Navicella-Festa-del-Centro-86-dimensioni-grandi-1000x666.jpeg 2x\"><img decoding=\"async\" src=\"data:image\/gif;base64,R0lGODlhAQABAAAAACH5BAEKAAEALAAAAAABAAEAAAICTAEAOw==\" alt=\"\" \/><\/picture><\/figure><figure><picture><source media=\"(min-width: 1280px)\" srcset=\"https:\/\/sancarlo.org\/wp-content\/uploads\/2025\/06\/20250628-Navicella-Festa-del-Centro-72-dimensioni-grandi.jpeg 1x, https:\/\/sancarlo.org\/wp-content\/uploads\/2025\/06\/20250628-Navicella-Festa-del-Centro-72-dimensioni-grandi.jpeg 2x\"><source media=\"(min-width: 1024px)\" srcset=\"https:\/\/sancarlo.org\/wp-content\/uploads\/2025\/06\/20250628-Navicella-Festa-del-Centro-72-dimensioni-grandi-1024x682.jpeg 1x, https:\/\/sancarlo.org\/wp-content\/uploads\/2025\/06\/20250628-Navicella-Festa-del-Centro-72-dimensioni-grandi.jpeg 2x\"><source media=\"(min-width: 768px)\" srcset=\"https:\/\/sancarlo.org\/wp-content\/uploads\/2025\/06\/20250628-Navicella-Festa-del-Centro-72-dimensioni-grandi-800x533.jpeg 1x, https:\/\/sancarlo.org\/wp-content\/uploads\/2025\/06\/20250628-Navicella-Festa-del-Centro-72-dimensioni-grandi.jpeg 2x\"><source media=\"(min-width: 200px)\" srcset=\"https:\/\/sancarlo.org\/wp-content\/uploads\/2025\/06\/20250628-Navicella-Festa-del-Centro-72-dimensioni-grandi-500x333.jpeg 1x, https:\/\/sancarlo.org\/wp-content\/uploads\/2025\/06\/20250628-Navicella-Festa-del-Centro-72-dimensioni-grandi-1000x666.jpeg 2x\"><img decoding=\"async\" src=\"data:image\/gif;base64,R0lGODlhAQABAAAAACH5BAEKAAEALAAAAAABAAEAAAICTAEAOw==\" alt=\"\" \/><\/picture><\/figure><figure><picture><source media=\"(min-width: 1280px)\" srcset=\"https:\/\/sancarlo.org\/wp-content\/uploads\/2025\/06\/20250628-Navicella-Festa-del-Centro-76-dimensioni-grandi.jpeg 1x, https:\/\/sancarlo.org\/wp-content\/uploads\/2025\/06\/20250628-Navicella-Festa-del-Centro-76-dimensioni-grandi.jpeg 2x\"><source media=\"(min-width: 1024px)\" srcset=\"https:\/\/sancarlo.org\/wp-content\/uploads\/2025\/06\/20250628-Navicella-Festa-del-Centro-76-dimensioni-grandi-1024x682.jpeg 1x, https:\/\/sancarlo.org\/wp-content\/uploads\/2025\/06\/20250628-Navicella-Festa-del-Centro-76-dimensioni-grandi.jpeg 2x\"><source media=\"(min-width: 768px)\" srcset=\"https:\/\/sancarlo.org\/wp-content\/uploads\/2025\/06\/20250628-Navicella-Festa-del-Centro-76-dimensioni-grandi-800x533.jpeg 1x, https:\/\/sancarlo.org\/wp-content\/uploads\/2025\/06\/20250628-Navicella-Festa-del-Centro-76-dimensioni-grandi.jpeg 2x\"><source media=\"(min-width: 200px)\" srcset=\"https:\/\/sancarlo.org\/wp-content\/uploads\/2025\/06\/20250628-Navicella-Festa-del-Centro-76-dimensioni-grandi-500x333.jpeg 1x, https:\/\/sancarlo.org\/wp-content\/uploads\/2025\/06\/20250628-Navicella-Festa-del-Centro-76-dimensioni-grandi-1000x666.jpeg 2x\"><img decoding=\"async\" src=\"data:image\/gif;base64,R0lGODlhAQABAAAAACH5BAEKAAEALAAAAAABAAEAAAICTAEAOw==\" alt=\"\" \/><\/picture><\/figure><figure><picture><source media=\"(min-width: 1280px)\" srcset=\"https:\/\/sancarlo.org\/wp-content\/uploads\/2025\/06\/20250628-Navicella-Festa-del-Centro-81-dimensioni-grandi.jpeg 1x, https:\/\/sancarlo.org\/wp-content\/uploads\/2025\/06\/20250628-Navicella-Festa-del-Centro-81-dimensioni-grandi.jpeg 2x\"><source media=\"(min-width: 1024px)\" srcset=\"https:\/\/sancarlo.org\/wp-content\/uploads\/2025\/06\/20250628-Navicella-Festa-del-Centro-81-dimensioni-grandi-1024x682.jpeg 1x, https:\/\/sancarlo.org\/wp-content\/uploads\/2025\/06\/20250628-Navicella-Festa-del-Centro-81-dimensioni-grandi.jpeg 2x\"><source media=\"(min-width: 768px)\" srcset=\"https:\/\/sancarlo.org\/wp-content\/uploads\/2025\/06\/20250628-Navicella-Festa-del-Centro-81-dimensioni-grandi-800x533.jpeg 1x, https:\/\/sancarlo.org\/wp-content\/uploads\/2025\/06\/20250628-Navicella-Festa-del-Centro-81-dimensioni-grandi.jpeg 2x\"><source media=\"(min-width: 200px)\" srcset=\"https:\/\/sancarlo.org\/wp-content\/uploads\/2025\/06\/20250628-Navicella-Festa-del-Centro-81-dimensioni-grandi-500x333.jpeg 1x, https:\/\/sancarlo.org\/wp-content\/uploads\/2025\/06\/20250628-Navicella-Festa-del-Centro-81-dimensioni-grandi-1000x666.jpeg 2x\"><img decoding=\"async\" src=\"data:image\/gif;base64,R0lGODlhAQABAAAAACH5BAEKAAEALAAAAAABAAEAAAICTAEAOw==\" alt=\"\" \/><\/picture><\/figure><figure><picture><source media=\"(min-width: 1280px)\" srcset=\"https:\/\/sancarlo.org\/wp-content\/uploads\/2025\/06\/20250628-Navicella-Festa-del-Centro-83-dimensioni-grandi.jpeg 1x, https:\/\/sancarlo.org\/wp-content\/uploads\/2025\/06\/20250628-Navicella-Festa-del-Centro-83-dimensioni-grandi.jpeg 2x\"><source media=\"(min-width: 1024px)\" srcset=\"https:\/\/sancarlo.org\/wp-content\/uploads\/2025\/06\/20250628-Navicella-Festa-del-Centro-83-dimensioni-grandi-1024x682.jpeg 1x, https:\/\/sancarlo.org\/wp-content\/uploads\/2025\/06\/20250628-Navicella-Festa-del-Centro-83-dimensioni-grandi.jpeg 2x\"><source media=\"(min-width: 768px)\" srcset=\"https:\/\/sancarlo.org\/wp-content\/uploads\/2025\/06\/20250628-Navicella-Festa-del-Centro-83-dimensioni-grandi-800x533.jpeg 1x, https:\/\/sancarlo.org\/wp-content\/uploads\/2025\/06\/20250628-Navicella-Festa-del-Centro-83-dimensioni-grandi.jpeg 2x\"><source media=\"(min-width: 200px)\" srcset=\"https:\/\/sancarlo.org\/wp-content\/uploads\/2025\/06\/20250628-Navicella-Festa-del-Centro-83-dimensioni-grandi-500x333.jpeg 1x, https:\/\/sancarlo.org\/wp-content\/uploads\/2025\/06\/20250628-Navicella-Festa-del-Centro-83-dimensioni-grandi-1000x666.jpeg 2x\"><img decoding=\"async\" src=\"data:image\/gif;base64,R0lGODlhAQABAAAAACH5BAEKAAEALAAAAAABAAEAAAICTAEAOw==\" alt=\"\" \/><\/picture><\/figure><figure><picture><source media=\"(min-width: 1280px)\" srcset=\"https:\/\/sancarlo.org\/wp-content\/uploads\/2025\/06\/20250628-Navicella-Festa-del-Centro-95-dimensioni-grandi.jpeg 1x, https:\/\/sancarlo.org\/wp-content\/uploads\/2025\/06\/20250628-Navicella-Festa-del-Centro-95-dimensioni-grandi.jpeg 2x\"><source media=\"(min-width: 1024px)\" srcset=\"https:\/\/sancarlo.org\/wp-content\/uploads\/2025\/06\/20250628-Navicella-Festa-del-Centro-95-dimensioni-grandi-1024x682.jpeg 1x, https:\/\/sancarlo.org\/wp-content\/uploads\/2025\/06\/20250628-Navicella-Festa-del-Centro-95-dimensioni-grandi.jpeg 2x\"><source media=\"(min-width: 768px)\" srcset=\"https:\/\/sancarlo.org\/wp-content\/uploads\/2025\/06\/20250628-Navicella-Festa-del-Centro-95-dimensioni-grandi-800x533.jpeg 1x, https:\/\/sancarlo.org\/wp-content\/uploads\/2025\/06\/20250628-Navicella-Festa-del-Centro-95-dimensioni-grandi.jpeg 2x\"><source media=\"(min-width: 200px)\" srcset=\"https:\/\/sancarlo.org\/wp-content\/uploads\/2025\/06\/20250628-Navicella-Festa-del-Centro-95-dimensioni-grandi-500x333.jpeg 1x, https:\/\/sancarlo.org\/wp-content\/uploads\/2025\/06\/20250628-Navicella-Festa-del-Centro-95-dimensioni-grandi-1000x666.jpeg 2x\"><img decoding=\"async\" src=\"data:image\/gif;base64,R0lGODlhAQABAAAAACH5BAEKAAEALAAAAAABAAEAAAICTAEAOw==\" alt=\"\" \/><\/picture><\/figure><\/div><\/div><\/div><\/div><\/div>\n<\/div><\/div><\/div>","protected":false},"excerpt":{"rendered":"<p>La fiesta del centro y los saludos a Don Sergio Ghio, partiendo de un nuevo destino.<\/p>\n","protected":false},"author":1,"featured_media":13075,"comment_status":"closed","ping_status":"closed","sticky":false,"template":"","format":"standard","meta":{"_acf_changed":false,"inline_featured_image":false,"slim_seo":{"title":"Fiesta del Centro - Fraternidad San Carlos","description":"La fiesta del centro y los saludos a Don Sergio Ghio, partiendo de un nuevo destino."},"footnotes":""},"categories":[373],"tags":[363,713,1016,697],"writers":[],"regions":[386],"cities":[436],"class_list":["post-13161","post","type-post","status-publish","format-standard","has-post-thumbnail","hentry","category-eventos","tag-amicizia-es","tag-cena-es","tag-comunita-es","tag-festa-es","regions-italia-es","cities-roma-es"],"acf":[],"_links":{"self":[{"href":"https:\/\/sancarlo.org\/es\/wp-json\/wp\/v2\/posts\/13161","targetHints":{"allow":["GET"]}}],"collection":[{"href":"https:\/\/sancarlo.org\/es\/wp-json\/wp\/v2\/posts"}],"about":[{"href":"https:\/\/sancarlo.org\/es\/wp-json\/wp\/v2\/types\/post"}],"author":[{"embeddable":true,"href":"https:\/\/sancarlo.org\/es\/wp-json\/wp\/v2\/users\/1"}],"replies":[{"embeddable":true,"href":"https:\/\/sancarlo.org\/es\/wp-json\/wp\/v2\/comments?post=13161"}],"version-history":[{"count":2,"href":"https:\/\/sancarlo.org\/es\/wp-json\/wp\/v2\/posts\/13161\/revisions"}],"predecessor-version":[{"id":13163,"href":"https:\/\/sancarlo.org\/es\/wp-json\/wp\/v2\/posts\/13161\/revisions\/13163"}],"wp:featuredmedia":[{"embeddable":true,"href":"https:\/\/sancarlo.org\/es\/wp-json\/wp\/v2\/media\/13075"}],"wp:attachment":[{"href":"https:\/\/sancarlo.org\/es\/wp-json\/wp\/v2\/media?parent=13161"}],"wp:term":[{"taxonomy":"category","embeddable":true,"href":"https:\/\/sancarlo.org\/es\/wp-json\/wp\/v2\/categories?post=13161"},{"taxonomy":"post_tag","embeddable":true,"href":"https:\/\/sancarlo.org\/es\/wp-json\/wp\/v2\/tags?post=13161"},{"taxonomy":"writers","embeddable":true,"href":"https:\/\/sancarlo.org\/es\/wp-json\/wp\/v2\/writers?post=13161"},{"taxonomy":"regions","embeddable":true,"href":"https:\/\/sancarlo.org\/es\/wp-json\/wp\/v2\/regions?post=13161"},{"taxonomy":"cities","embeddable":true,"href":"https:\/\/sancarlo.org\/es\/wp-json\/wp\/v2\/cities?post=13161"}],"curies":[{"name":"wp","href":"https:\/\/api.w.org\/{rel}","templated":true}]}}