{"id":15083,"date":"2025-11-28T15:50:08","date_gmt":"2025-11-28T14:50:08","guid":{"rendered":"https:\/\/sancarlo.org\/?p=15083"},"modified":"2025-11-28T15:50:11","modified_gmt":"2025-11-28T14:50:11","slug":"40o-aniversario-en-maria-inmaculada","status":"publish","type":"post","link":"https:\/\/sancarlo.org\/es\/40o-aniversario-en-maria-inmaculada\/","title":{"rendered":"40\u00ba aniversario en Mar\u00eda Inmaculada"},"content":{"rendered":"\n<p>El domingo 9 de noviembre, la parroquia Mar\u00eda Inmaculada de Ciudad de M\u00e9xico celebr\u00f3 el 40\u00ba aniversario de la fundaci\u00f3n de la Fraternidad San Carlos. Para la ocasi\u00f3n, se invit\u00f3 a don Luis Miguel Hern\u00e1ndez, misionero en Boston, a dar un testimonio.<\/p>\n\n\n<div class=\"wp-block-gallery wp-block-gallery--fnztema gallery\"><div class=\"gallery-inner\"><button class=\"gallery-thumb\" aria-haspopup=\"dialog\" data-modal-trigger=\"modal-1ad4e52d-ae8f-435c-9b2a-8c378f90387c\" data-modal-triggerinfo='{\"position\": 0}' data-index=\"0\" aria-label=\"Abrir galer\u00eda desde la imagen 1\"><picture><source media=\"(min-width: 200px)\" srcset=\"https:\/\/sancarlo.org\/wp-content\/uploads\/2025\/11\/20251108-Citta-del-Messico-Festa-San-Carlo-12-dimensioni-grandi-400x300.jpeg 1x, https:\/\/sancarlo.org\/wp-content\/uploads\/2025\/11\/20251108-Citta-del-Messico-Festa-San-Carlo-12-dimensioni-grandi-800x600.jpeg 2x\"><img decoding=\"async\" src=\"data:image\/gif;base64,R0lGODlhAQABAAAAACH5BAEKAAEALAAAAAABAAEAAAICTAEAOw==\" alt=\"\" class=\"gallery-thumb-image\" aria-hidden=\"true\"><\/picture><\/button><button class=\"gallery-thumb\" aria-haspopup=\"dialog\" data-modal-trigger=\"modal-1ad4e52d-ae8f-435c-9b2a-8c378f90387c\" data-modal-triggerinfo='{\"position\": 1}' data-index=\"1\" aria-label=\"Abrir galer\u00eda desde la imagen 2\"><picture><source media=\"(min-width: 200px)\" srcset=\"https:\/\/sancarlo.org\/wp-content\/uploads\/2025\/11\/20251108-Citta-del-Messico-Festa-San-Carlo-15-dimensioni-grandi-400x300.jpeg 1x, https:\/\/sancarlo.org\/wp-content\/uploads\/2025\/11\/20251108-Citta-del-Messico-Festa-San-Carlo-15-dimensioni-grandi-800x600.jpeg 2x\"><img decoding=\"async\" src=\"data:image\/gif;base64,R0lGODlhAQABAAAAACH5BAEKAAEALAAAAAABAAEAAAICTAEAOw==\" alt=\"\" class=\"gallery-thumb-image\" aria-hidden=\"true\"><\/picture><\/button><button class=\"gallery-thumb\" aria-haspopup=\"dialog\" data-modal-trigger=\"modal-1ad4e52d-ae8f-435c-9b2a-8c378f90387c\" data-modal-triggerinfo='{\"position\": 2}' data-index=\"2\" aria-label=\"Abrir galer\u00eda desde la imagen 3\"><picture><source media=\"(min-width: 200px)\" srcset=\"https:\/\/sancarlo.org\/wp-content\/uploads\/2025\/11\/20251108-Citta-del-Messico-Festa-San-Carlo-29-dimensioni-grandi-400x300.jpeg 1x, https:\/\/sancarlo.org\/wp-content\/uploads\/2025\/11\/20251108-Citta-del-Messico-Festa-San-Carlo-29-dimensioni-grandi-800x600.jpeg 2x\"><img decoding=\"async\" src=\"data:image\/gif;base64,R0lGODlhAQABAAAAACH5BAEKAAEALAAAAAABAAEAAAICTAEAOw==\" alt=\"\" class=\"gallery-thumb-image\" aria-hidden=\"true\"><\/picture><\/button><button class=\"gallery-thumb\" aria-haspopup=\"dialog\" data-modal-trigger=\"modal-1ad4e52d-ae8f-435c-9b2a-8c378f90387c\" data-modal-triggerinfo='{\"position\": 3}' data-index=\"3\" aria-label=\"Abrir galer\u00eda desde la imagen 4\"><picture><source media=\"(min-width: 200px)\" srcset=\"https:\/\/sancarlo.org\/wp-content\/uploads\/2025\/11\/20251108-Citta-del-Messico-Festa-San-Carlo-32-dimensioni-grandi-400x300.jpeg 1x, https:\/\/sancarlo.org\/wp-content\/uploads\/2025\/11\/20251108-Citta-del-Messico-Festa-San-Carlo-32-dimensioni-grandi-800x600.jpeg 2x\"><img decoding=\"async\" src=\"data:image\/gif;base64,R0lGODlhAQABAAAAACH5BAEKAAEALAAAAAABAAEAAAICTAEAOw==\" alt=\"\" class=\"gallery-thumb-image\" aria-hidden=\"true\"><\/picture><\/button><button class=\"gallery-thumb\" aria-haspopup=\"dialog\" data-modal-trigger=\"modal-1ad4e52d-ae8f-435c-9b2a-8c378f90387c\" data-modal-triggerinfo='{\"position\": 4}' data-index=\"4\" aria-label=\"Abrir galer\u00eda desde la imagen 5\"><picture><source media=\"(min-width: 200px)\" srcset=\"https:\/\/sancarlo.org\/wp-content\/uploads\/2025\/11\/20251108-Citta-del-Messico-Festa-San-Carlo-40-dimensioni-grandi-400x300.jpeg 1x, https:\/\/sancarlo.org\/wp-content\/uploads\/2025\/11\/20251108-Citta-del-Messico-Festa-San-Carlo-40-dimensioni-grandi-800x600.jpeg 2x\"><img decoding=\"async\" src=\"data:image\/gif;base64,R0lGODlhAQABAAAAACH5BAEKAAEALAAAAAABAAEAAAICTAEAOw==\" alt=\"\" class=\"gallery-thumb-image\" aria-hidden=\"true\"><\/picture><\/button><button class=\"gallery-thumb\" aria-haspopup=\"dialog\" data-modal-trigger=\"modal-1ad4e52d-ae8f-435c-9b2a-8c378f90387c\" data-modal-triggerinfo='{\"position\": 5}' data-index=\"5\" aria-label=\"Abrir galer\u00eda desde la imagen 6\"><picture><source media=\"(min-width: 200px)\" srcset=\"https:\/\/sancarlo.org\/wp-content\/uploads\/2025\/11\/20251108-Citta-del-Messico-Festa-San-Carlo-44-dimensioni-grandi-400x300.jpeg 1x, https:\/\/sancarlo.org\/wp-content\/uploads\/2025\/11\/20251108-Citta-del-Messico-Festa-San-Carlo-44-dimensioni-grandi-800x600.jpeg 2x\"><img decoding=\"async\" src=\"data:image\/gif;base64,R0lGODlhAQABAAAAACH5BAEKAAEALAAAAAABAAEAAAICTAEAOw==\" alt=\"\" class=\"gallery-thumb-image\" aria-hidden=\"true\"><\/picture><\/button><button class=\"gallery-thumb\" aria-haspopup=\"dialog\" data-modal-trigger=\"modal-1ad4e52d-ae8f-435c-9b2a-8c378f90387c\" data-modal-triggerinfo='{\"position\": 6}' data-index=\"6\" aria-label=\"Abrir galer\u00eda desde la imagen 7\"><picture><source media=\"(min-width: 200px)\" srcset=\"https:\/\/sancarlo.org\/wp-content\/uploads\/2025\/11\/20251108-Citta-del-Messico-Festa-San-Carlo-86-dimensioni-grandi-400x300.jpeg 1x, https:\/\/sancarlo.org\/wp-content\/uploads\/2025\/11\/20251108-Citta-del-Messico-Festa-San-Carlo-86-dimensioni-grandi-800x600.jpeg 2x\"><img decoding=\"async\" src=\"data:image\/gif;base64,R0lGODlhAQABAAAAACH5BAEKAAEALAAAAAABAAEAAAICTAEAOw==\" alt=\"\" class=\"gallery-thumb-image\" aria-hidden=\"true\"><\/picture><\/button><button class=\"gallery-thumb\" aria-haspopup=\"dialog\" data-modal-trigger=\"modal-1ad4e52d-ae8f-435c-9b2a-8c378f90387c\" data-modal-triggerinfo='{\"position\": 7}' data-index=\"7\" aria-label=\"Abrir galer\u00eda desde la imagen 8\"><picture><source media=\"(min-width: 200px)\" srcset=\"https:\/\/sancarlo.org\/wp-content\/uploads\/2025\/11\/20251108-Citta-del-Messico-Festa-San-Carlo-47-dimensioni-grandi-400x300.jpeg 1x, https:\/\/sancarlo.org\/wp-content\/uploads\/2025\/11\/20251108-Citta-del-Messico-Festa-San-Carlo-47-dimensioni-grandi-800x600.jpeg 2x\"><img decoding=\"async\" src=\"data:image\/gif;base64,R0lGODlhAQABAAAAACH5BAEKAAEALAAAAAABAAEAAAICTAEAOw==\" alt=\"\" class=\"gallery-thumb-image\" aria-hidden=\"true\"><\/picture><\/button><button class=\"gallery-thumb\" aria-haspopup=\"dialog\" data-modal-trigger=\"modal-1ad4e52d-ae8f-435c-9b2a-8c378f90387c\" data-modal-triggerinfo='{\"position\": 8}' data-index=\"8\" aria-label=\"Abrir galer\u00eda desde la imagen 9\"><picture><source media=\"(min-width: 200px)\" srcset=\"https:\/\/sancarlo.org\/wp-content\/uploads\/2025\/11\/20251108-Citta-del-Messico-Festa-San-Carlo-49-dimensioni-grandi-400x300.jpeg 1x, https:\/\/sancarlo.org\/wp-content\/uploads\/2025\/11\/20251108-Citta-del-Messico-Festa-San-Carlo-49-dimensioni-grandi-800x600.jpeg 2x\"><img decoding=\"async\" src=\"data:image\/gif;base64,R0lGODlhAQABAAAAACH5BAEKAAEALAAAAAABAAEAAAICTAEAOw==\" alt=\"\" class=\"gallery-thumb-image\" aria-hidden=\"true\"><\/picture><\/button><button class=\"gallery-thumb\" aria-haspopup=\"dialog\" data-modal-trigger=\"modal-1ad4e52d-ae8f-435c-9b2a-8c378f90387c\" data-modal-triggerinfo='{\"position\": 9}' data-index=\"9\" aria-label=\"Abrir galer\u00eda desde la imagen 10\"><picture><source media=\"(min-width: 200px)\" srcset=\"https:\/\/sancarlo.org\/wp-content\/uploads\/2025\/11\/20251108-Citta-del-Messico-Festa-San-Carlo-61-dimensioni-grandi-400x300.jpeg 1x, https:\/\/sancarlo.org\/wp-content\/uploads\/2025\/11\/20251108-Citta-del-Messico-Festa-San-Carlo-61-dimensioni-grandi-800x600.jpeg 2x\"><img decoding=\"async\" src=\"data:image\/gif;base64,R0lGODlhAQABAAAAACH5BAEKAAEALAAAAAABAAEAAAICTAEAOw==\" alt=\"\" class=\"gallery-thumb-image\" aria-hidden=\"true\"><\/picture><\/button><button class=\"gallery-thumb\" aria-haspopup=\"dialog\" data-modal-trigger=\"modal-1ad4e52d-ae8f-435c-9b2a-8c378f90387c\" data-modal-triggerinfo='{\"position\": 10}' data-index=\"10\" aria-label=\"Abrir galer\u00eda desde la imagen 11\"><picture><source media=\"(min-width: 200px)\" srcset=\"https:\/\/sancarlo.org\/wp-content\/uploads\/2025\/11\/20251108-Citta-del-Messico-Festa-San-Carlo-65-dimensioni-grandi-400x300.jpeg 1x, https:\/\/sancarlo.org\/wp-content\/uploads\/2025\/11\/20251108-Citta-del-Messico-Festa-San-Carlo-65-dimensioni-grandi-800x600.jpeg 2x\"><img decoding=\"async\" src=\"data:image\/gif;base64,R0lGODlhAQABAAAAACH5BAEKAAEALAAAAAABAAEAAAICTAEAOw==\" alt=\"\" class=\"gallery-thumb-image\" aria-hidden=\"true\"><\/picture><\/button><button class=\"gallery-thumb\" aria-haspopup=\"dialog\" data-modal-trigger=\"modal-1ad4e52d-ae8f-435c-9b2a-8c378f90387c\" data-modal-triggerinfo='{\"position\": 11}' data-index=\"11\" aria-label=\"Abrir galer\u00eda desde la imagen 12\"><picture><source media=\"(min-width: 200px)\" srcset=\"https:\/\/sancarlo.org\/wp-content\/uploads\/2025\/11\/20251108-Citta-del-Messico-Festa-San-Carlo-62-dimensioni-grandi-400x300.jpeg 1x, https:\/\/sancarlo.org\/wp-content\/uploads\/2025\/11\/20251108-Citta-del-Messico-Festa-San-Carlo-62-dimensioni-grandi-800x600.jpeg 2x\"><img decoding=\"async\" src=\"data:image\/gif;base64,R0lGODlhAQABAAAAACH5BAEKAAEALAAAAAABAAEAAAICTAEAOw==\" alt=\"\" class=\"gallery-thumb-image\" aria-hidden=\"true\"><\/picture><\/button><button class=\"gallery-thumb\" aria-haspopup=\"dialog\" data-modal-trigger=\"modal-1ad4e52d-ae8f-435c-9b2a-8c378f90387c\" data-modal-triggerinfo='{\"position\": 12}' data-index=\"12\" aria-label=\"Abrir galer\u00eda desde la imagen 13\"><picture><source media=\"(min-width: 200px)\" srcset=\"https:\/\/sancarlo.org\/wp-content\/uploads\/2025\/11\/20251108-Citta-del-Messico-Festa-San-Carlo-10-dimensioni-grandi-400x300.jpeg 1x, https:\/\/sancarlo.org\/wp-content\/uploads\/2025\/11\/20251108-Citta-del-Messico-Festa-San-Carlo-10-dimensioni-grandi-800x600.jpeg 2x\"><img decoding=\"async\" src=\"data:image\/gif;base64,R0lGODlhAQABAAAAACH5BAEKAAEALAAAAAABAAEAAAICTAEAOw==\" alt=\"\" class=\"gallery-thumb-image\" aria-hidden=\"true\"><\/picture><\/button><button class=\"gallery-thumb\" aria-haspopup=\"dialog\" data-modal-trigger=\"modal-1ad4e52d-ae8f-435c-9b2a-8c378f90387c\" data-modal-triggerinfo='{\"position\": 13}' data-index=\"13\" aria-label=\"Abrir galer\u00eda desde la imagen 14\"><picture><source media=\"(min-width: 200px)\" srcset=\"https:\/\/sancarlo.org\/wp-content\/uploads\/2025\/11\/20251108-Citta-del-Messico-Festa-San-Carlo-20-dimensioni-grandi-400x300.jpeg 1x, https:\/\/sancarlo.org\/wp-content\/uploads\/2025\/11\/20251108-Citta-del-Messico-Festa-San-Carlo-20-dimensioni-grandi-800x600.jpeg 2x\"><img decoding=\"async\" src=\"data:image\/gif;base64,R0lGODlhAQABAAAAACH5BAEKAAEALAAAAAABAAEAAAICTAEAOw==\" alt=\"\" class=\"gallery-thumb-image\" aria-hidden=\"true\"><\/picture><\/button><button class=\"gallery-thumb\" aria-haspopup=\"dialog\" data-modal-trigger=\"modal-1ad4e52d-ae8f-435c-9b2a-8c378f90387c\" data-modal-triggerinfo='{\"position\": 14}' data-index=\"14\" aria-label=\"Abrir galer\u00eda desde la imagen 15\"><picture><source media=\"(min-width: 200px)\" srcset=\"https:\/\/sancarlo.org\/wp-content\/uploads\/2025\/11\/20251108-Citta-del-Messico-Festa-San-Carlo-66-dimensioni-grandi-400x300.jpeg 1x, https:\/\/sancarlo.org\/wp-content\/uploads\/2025\/11\/20251108-Citta-del-Messico-Festa-San-Carlo-66-dimensioni-grandi-800x600.jpeg 2x\"><img decoding=\"async\" src=\"data:image\/gif;base64,R0lGODlhAQABAAAAACH5BAEKAAEALAAAAAABAAEAAAICTAEAOw==\" alt=\"\" class=\"gallery-thumb-image\" aria-hidden=\"true\"><\/picture><\/button><button class=\"gallery-thumb\" aria-haspopup=\"dialog\" data-modal-trigger=\"modal-1ad4e52d-ae8f-435c-9b2a-8c378f90387c\" data-modal-triggerinfo='{\"position\": 15}' data-index=\"15\" aria-label=\"Abrir galer\u00eda desde la imagen 16\"><picture><source media=\"(min-width: 200px)\" srcset=\"https:\/\/sancarlo.org\/wp-content\/uploads\/2025\/11\/20251108-Citta-del-Messico-Festa-San-Carlo-26-dimensioni-grandi-400x300.jpeg 1x, https:\/\/sancarlo.org\/wp-content\/uploads\/2025\/11\/20251108-Citta-del-Messico-Festa-San-Carlo-26-dimensioni-grandi-800x600.jpeg 2x\"><img decoding=\"async\" src=\"data:image\/gif;base64,R0lGODlhAQABAAAAACH5BAEKAAEALAAAAAABAAEAAAICTAEAOw==\" alt=\"\" class=\"gallery-thumb-image\" aria-hidden=\"true\"><\/picture><\/button><button class=\"gallery-thumb\" aria-haspopup=\"dialog\" data-modal-trigger=\"modal-1ad4e52d-ae8f-435c-9b2a-8c378f90387c\" data-modal-triggerinfo='{\"position\": 16}' data-index=\"16\" aria-label=\"Abrir galer\u00eda desde la imagen 17\"><picture><source media=\"(min-width: 200px)\" srcset=\"https:\/\/sancarlo.org\/wp-content\/uploads\/2025\/11\/20251108-Citta-del-Messico-Festa-San-Carlo-67-dimensioni-grandi-400x300.jpeg 1x, https:\/\/sancarlo.org\/wp-content\/uploads\/2025\/11\/20251108-Citta-del-Messico-Festa-San-Carlo-67-dimensioni-grandi-800x600.jpeg 2x\"><img decoding=\"async\" src=\"data:image\/gif;base64,R0lGODlhAQABAAAAACH5BAEKAAEALAAAAAABAAEAAAICTAEAOw==\" alt=\"\" class=\"gallery-thumb-image\" aria-hidden=\"true\"><\/picture><\/button><button class=\"gallery-thumb\" aria-haspopup=\"dialog\" data-modal-trigger=\"modal-1ad4e52d-ae8f-435c-9b2a-8c378f90387c\" data-modal-triggerinfo='{\"position\": 17}' data-index=\"17\" aria-label=\"Abrir galer\u00eda desde la imagen 18\"><picture><source media=\"(min-width: 200px)\" srcset=\"https:\/\/sancarlo.org\/wp-content\/uploads\/2025\/11\/20251108-Citta-del-Messico-Festa-San-Carlo-68-dimensioni-grandi-400x300.jpeg 1x, https:\/\/sancarlo.org\/wp-content\/uploads\/2025\/11\/20251108-Citta-del-Messico-Festa-San-Carlo-68-dimensioni-grandi-800x600.jpeg 2x\"><img decoding=\"async\" src=\"data:image\/gif;base64,R0lGODlhAQABAAAAACH5BAEKAAEALAAAAAABAAEAAAICTAEAOw==\" alt=\"\" class=\"gallery-thumb-image\" aria-hidden=\"true\"><\/picture><\/button><button class=\"gallery-thumb\" aria-haspopup=\"dialog\" data-modal-trigger=\"modal-1ad4e52d-ae8f-435c-9b2a-8c378f90387c\" data-modal-triggerinfo='{\"position\": 18}' data-index=\"18\" aria-label=\"Abrir galer\u00eda desde la imagen 19\"><picture><source media=\"(min-width: 200px)\" srcset=\"https:\/\/sancarlo.org\/wp-content\/uploads\/2025\/11\/20251108-Citta-del-Messico-Festa-San-Carlo-74-dimensioni-grandi-400x300.jpeg 1x, https:\/\/sancarlo.org\/wp-content\/uploads\/2025\/11\/20251108-Citta-del-Messico-Festa-San-Carlo-74-dimensioni-grandi-800x600.jpeg 2x\"><img decoding=\"async\" src=\"data:image\/gif;base64,R0lGODlhAQABAAAAACH5BAEKAAEALAAAAAABAAEAAAICTAEAOw==\" alt=\"\" class=\"gallery-thumb-image\" aria-hidden=\"true\"><\/picture><\/button><button class=\"gallery-thumb\" aria-haspopup=\"dialog\" data-modal-trigger=\"modal-1ad4e52d-ae8f-435c-9b2a-8c378f90387c\" data-modal-triggerinfo='{\"position\": 19}' data-index=\"19\" aria-label=\"Abrir galer\u00eda desde la imagen 20\"><picture><source media=\"(min-width: 200px)\" srcset=\"https:\/\/sancarlo.org\/wp-content\/uploads\/2025\/11\/20251108-Citta-del-Messico-Festa-San-Carlo-69-dimensioni-grandi-400x300.jpeg 1x, https:\/\/sancarlo.org\/wp-content\/uploads\/2025\/11\/20251108-Citta-del-Messico-Festa-San-Carlo-69-dimensioni-grandi-800x600.jpeg 2x\"><img decoding=\"async\" src=\"data:image\/gif;base64,R0lGODlhAQABAAAAACH5BAEKAAEALAAAAAABAAEAAAICTAEAOw==\" alt=\"\" class=\"gallery-thumb-image\" aria-hidden=\"true\"><\/picture><\/button><button class=\"gallery-thumb\" aria-haspopup=\"dialog\" data-modal-trigger=\"modal-1ad4e52d-ae8f-435c-9b2a-8c378f90387c\" data-modal-triggerinfo='{\"position\": 20}' data-index=\"20\" aria-label=\"Abrir galer\u00eda desde la imagen 21\"><picture><source media=\"(min-width: 200px)\" srcset=\"https:\/\/sancarlo.org\/wp-content\/uploads\/2025\/11\/20251108-Citta-del-Messico-Festa-San-Carlo-73-dimensioni-grandi-400x300.jpeg 1x, https:\/\/sancarlo.org\/wp-content\/uploads\/2025\/11\/20251108-Citta-del-Messico-Festa-San-Carlo-73-dimensioni-grandi-800x600.jpeg 2x\"><img decoding=\"async\" src=\"data:image\/gif;base64,R0lGODlhAQABAAAAACH5BAEKAAEALAAAAAABAAEAAAICTAEAOw==\" alt=\"\" class=\"gallery-thumb-image\" aria-hidden=\"true\"><\/picture><\/button><button class=\"gallery-thumb\" aria-haspopup=\"dialog\" data-modal-trigger=\"modal-1ad4e52d-ae8f-435c-9b2a-8c378f90387c\" data-modal-triggerinfo='{\"position\": 21}' data-index=\"21\" aria-label=\"Abrir galer\u00eda desde la imagen 22\"><picture><source media=\"(min-width: 200px)\" srcset=\"https:\/\/sancarlo.org\/wp-content\/uploads\/2025\/11\/20251108-Citta-del-Messico-Festa-San-Carlo-64-dimensioni-grandi-400x300.jpeg 1x, https:\/\/sancarlo.org\/wp-content\/uploads\/2025\/11\/20251108-Citta-del-Messico-Festa-San-Carlo-64-dimensioni-grandi-800x600.jpeg 2x\"><img decoding=\"async\" src=\"data:image\/gif;base64,R0lGODlhAQABAAAAACH5BAEKAAEALAAAAAABAAEAAAICTAEAOw==\" alt=\"\" class=\"gallery-thumb-image\" aria-hidden=\"true\"><\/picture><\/button><div class=\"modal modal--full modal--gallery\" id=\"modal-1ad4e52d-ae8f-435c-9b2a-8c378f90387c\" aria-hidden=\"true\">\n<div class=\"modal-overlay\" tabindex=\"-1\" data-modal-close><div class=\"modal-dialog\" data-component=\"modal_gallery\" role=\"dialog\" aria-modal=\"true\" ><button class=\"modal-close\" aria-label=\"Cerrar\" data-modal-close><\/button><div class=\"modal-content\"><div class=\"gallery-slides\"><div class=\"gallery-slides-inner\"><figure><picture><source media=\"(min-width: 1280px)\" srcset=\"https:\/\/sancarlo.org\/wp-content\/uploads\/2025\/11\/20251108-Citta-del-Messico-Festa-San-Carlo-12-dimensioni-grandi.jpeg 1x, https:\/\/sancarlo.org\/wp-content\/uploads\/2025\/11\/20251108-Citta-del-Messico-Festa-San-Carlo-12-dimensioni-grandi.jpeg 2x\"><source media=\"(min-width: 1024px)\" srcset=\"https:\/\/sancarlo.org\/wp-content\/uploads\/2025\/11\/20251108-Citta-del-Messico-Festa-San-Carlo-12-dimensioni-grandi-1024x682.jpeg 1x, https:\/\/sancarlo.org\/wp-content\/uploads\/2025\/11\/20251108-Citta-del-Messico-Festa-San-Carlo-12-dimensioni-grandi.jpeg 2x\"><source media=\"(min-width: 768px)\" srcset=\"https:\/\/sancarlo.org\/wp-content\/uploads\/2025\/11\/20251108-Citta-del-Messico-Festa-San-Carlo-12-dimensioni-grandi-800x533.jpeg 1x, https:\/\/sancarlo.org\/wp-content\/uploads\/2025\/11\/20251108-Citta-del-Messico-Festa-San-Carlo-12-dimensioni-grandi.jpeg 2x\"><source media=\"(min-width: 200px)\" srcset=\"https:\/\/sancarlo.org\/wp-content\/uploads\/2025\/11\/20251108-Citta-del-Messico-Festa-San-Carlo-12-dimensioni-grandi-500x333.jpeg 1x, https:\/\/sancarlo.org\/wp-content\/uploads\/2025\/11\/20251108-Citta-del-Messico-Festa-San-Carlo-12-dimensioni-grandi-1000x666.jpeg 2x\"><img decoding=\"async\" src=\"data:image\/gif;base64,R0lGODlhAQABAAAAACH5BAEKAAEALAAAAAABAAEAAAICTAEAOw==\" alt=\"\" \/><\/picture><\/figure><figure><picture><source media=\"(min-width: 1280px)\" srcset=\"https:\/\/sancarlo.org\/wp-content\/uploads\/2025\/11\/20251108-Citta-del-Messico-Festa-San-Carlo-15-dimensioni-grandi.jpeg 1x, https:\/\/sancarlo.org\/wp-content\/uploads\/2025\/11\/20251108-Citta-del-Messico-Festa-San-Carlo-15-dimensioni-grandi.jpeg 2x\"><source media=\"(min-width: 1024px)\" srcset=\"https:\/\/sancarlo.org\/wp-content\/uploads\/2025\/11\/20251108-Citta-del-Messico-Festa-San-Carlo-15-dimensioni-grandi-1024x682.jpeg 1x, https:\/\/sancarlo.org\/wp-content\/uploads\/2025\/11\/20251108-Citta-del-Messico-Festa-San-Carlo-15-dimensioni-grandi.jpeg 2x\"><source media=\"(min-width: 768px)\" srcset=\"https:\/\/sancarlo.org\/wp-content\/uploads\/2025\/11\/20251108-Citta-del-Messico-Festa-San-Carlo-15-dimensioni-grandi-800x533.jpeg 1x, https:\/\/sancarlo.org\/wp-content\/uploads\/2025\/11\/20251108-Citta-del-Messico-Festa-San-Carlo-15-dimensioni-grandi.jpeg 2x\"><source media=\"(min-width: 200px)\" srcset=\"https:\/\/sancarlo.org\/wp-content\/uploads\/2025\/11\/20251108-Citta-del-Messico-Festa-San-Carlo-15-dimensioni-grandi-500x333.jpeg 1x, https:\/\/sancarlo.org\/wp-content\/uploads\/2025\/11\/20251108-Citta-del-Messico-Festa-San-Carlo-15-dimensioni-grandi-1000x666.jpeg 2x\"><img decoding=\"async\" src=\"data:image\/gif;base64,R0lGODlhAQABAAAAACH5BAEKAAEALAAAAAABAAEAAAICTAEAOw==\" alt=\"\" \/><\/picture><\/figure><figure><picture><source media=\"(min-width: 1280px)\" srcset=\"https:\/\/sancarlo.org\/wp-content\/uploads\/2025\/11\/20251108-Citta-del-Messico-Festa-San-Carlo-29-dimensioni-grandi.jpeg 1x, https:\/\/sancarlo.org\/wp-content\/uploads\/2025\/11\/20251108-Citta-del-Messico-Festa-San-Carlo-29-dimensioni-grandi.jpeg 2x\"><source media=\"(min-width: 1024px)\" srcset=\"https:\/\/sancarlo.org\/wp-content\/uploads\/2025\/11\/20251108-Citta-del-Messico-Festa-San-Carlo-29-dimensioni-grandi-1024x682.jpeg 1x, https:\/\/sancarlo.org\/wp-content\/uploads\/2025\/11\/20251108-Citta-del-Messico-Festa-San-Carlo-29-dimensioni-grandi.jpeg 2x\"><source media=\"(min-width: 768px)\" srcset=\"https:\/\/sancarlo.org\/wp-content\/uploads\/2025\/11\/20251108-Citta-del-Messico-Festa-San-Carlo-29-dimensioni-grandi-800x533.jpeg 1x, https:\/\/sancarlo.org\/wp-content\/uploads\/2025\/11\/20251108-Citta-del-Messico-Festa-San-Carlo-29-dimensioni-grandi.jpeg 2x\"><source media=\"(min-width: 200px)\" srcset=\"https:\/\/sancarlo.org\/wp-content\/uploads\/2025\/11\/20251108-Citta-del-Messico-Festa-San-Carlo-29-dimensioni-grandi-500x333.jpeg 1x, https:\/\/sancarlo.org\/wp-content\/uploads\/2025\/11\/20251108-Citta-del-Messico-Festa-San-Carlo-29-dimensioni-grandi-1000x666.jpeg 2x\"><img decoding=\"async\" src=\"data:image\/gif;base64,R0lGODlhAQABAAAAACH5BAEKAAEALAAAAAABAAEAAAICTAEAOw==\" alt=\"\" \/><\/picture><\/figure><figure><picture><source media=\"(min-width: 1280px)\" srcset=\"https:\/\/sancarlo.org\/wp-content\/uploads\/2025\/11\/20251108-Citta-del-Messico-Festa-San-Carlo-32-dimensioni-grandi.jpeg 1x, https:\/\/sancarlo.org\/wp-content\/uploads\/2025\/11\/20251108-Citta-del-Messico-Festa-San-Carlo-32-dimensioni-grandi.jpeg 2x\"><source media=\"(min-width: 1024px)\" srcset=\"https:\/\/sancarlo.org\/wp-content\/uploads\/2025\/11\/20251108-Citta-del-Messico-Festa-San-Carlo-32-dimensioni-grandi-1024x682.jpeg 1x, https:\/\/sancarlo.org\/wp-content\/uploads\/2025\/11\/20251108-Citta-del-Messico-Festa-San-Carlo-32-dimensioni-grandi.jpeg 2x\"><source media=\"(min-width: 768px)\" srcset=\"https:\/\/sancarlo.org\/wp-content\/uploads\/2025\/11\/20251108-Citta-del-Messico-Festa-San-Carlo-32-dimensioni-grandi-800x533.jpeg 1x, https:\/\/sancarlo.org\/wp-content\/uploads\/2025\/11\/20251108-Citta-del-Messico-Festa-San-Carlo-32-dimensioni-grandi.jpeg 2x\"><source media=\"(min-width: 200px)\" srcset=\"https:\/\/sancarlo.org\/wp-content\/uploads\/2025\/11\/20251108-Citta-del-Messico-Festa-San-Carlo-32-dimensioni-grandi-500x333.jpeg 1x, https:\/\/sancarlo.org\/wp-content\/uploads\/2025\/11\/20251108-Citta-del-Messico-Festa-San-Carlo-32-dimensioni-grandi-1000x666.jpeg 2x\"><img decoding=\"async\" src=\"data:image\/gif;base64,R0lGODlhAQABAAAAACH5BAEKAAEALAAAAAABAAEAAAICTAEAOw==\" alt=\"\" \/><\/picture><\/figure><figure><picture><source media=\"(min-width: 1280px)\" srcset=\"https:\/\/sancarlo.org\/wp-content\/uploads\/2025\/11\/20251108-Citta-del-Messico-Festa-San-Carlo-40-dimensioni-grandi.jpeg 1x, https:\/\/sancarlo.org\/wp-content\/uploads\/2025\/11\/20251108-Citta-del-Messico-Festa-San-Carlo-40-dimensioni-grandi.jpeg 2x\"><source media=\"(min-width: 1024px)\" srcset=\"https:\/\/sancarlo.org\/wp-content\/uploads\/2025\/11\/20251108-Citta-del-Messico-Festa-San-Carlo-40-dimensioni-grandi-1024x576.jpeg 1x, https:\/\/sancarlo.org\/wp-content\/uploads\/2025\/11\/20251108-Citta-del-Messico-Festa-San-Carlo-40-dimensioni-grandi.jpeg 2x\"><source media=\"(min-width: 768px)\" srcset=\"https:\/\/sancarlo.org\/wp-content\/uploads\/2025\/11\/20251108-Citta-del-Messico-Festa-San-Carlo-40-dimensioni-grandi-800x450.jpeg 1x, https:\/\/sancarlo.org\/wp-content\/uploads\/2025\/11\/20251108-Citta-del-Messico-Festa-San-Carlo-40-dimensioni-grandi.jpeg 2x\"><source media=\"(min-width: 200px)\" srcset=\"https:\/\/sancarlo.org\/wp-content\/uploads\/2025\/11\/20251108-Citta-del-Messico-Festa-San-Carlo-40-dimensioni-grandi-500x281.jpeg 1x, https:\/\/sancarlo.org\/wp-content\/uploads\/2025\/11\/20251108-Citta-del-Messico-Festa-San-Carlo-40-dimensioni-grandi-1000x563.jpeg 2x\"><img decoding=\"async\" src=\"data:image\/gif;base64,R0lGODlhAQABAAAAACH5BAEKAAEALAAAAAABAAEAAAICTAEAOw==\" alt=\"\" \/><\/picture><\/figure><figure><picture><source media=\"(min-width: 1280px)\" srcset=\"https:\/\/sancarlo.org\/wp-content\/uploads\/2025\/11\/20251108-Citta-del-Messico-Festa-San-Carlo-44-dimensioni-grandi.jpeg 1x, https:\/\/sancarlo.org\/wp-content\/uploads\/2025\/11\/20251108-Citta-del-Messico-Festa-San-Carlo-44-dimensioni-grandi.jpeg 2x\"><source media=\"(min-width: 1024px)\" srcset=\"https:\/\/sancarlo.org\/wp-content\/uploads\/2025\/11\/20251108-Citta-del-Messico-Festa-San-Carlo-44-dimensioni-grandi-1024x682.jpeg 1x, https:\/\/sancarlo.org\/wp-content\/uploads\/2025\/11\/20251108-Citta-del-Messico-Festa-San-Carlo-44-dimensioni-grandi.jpeg 2x\"><source media=\"(min-width: 768px)\" srcset=\"https:\/\/sancarlo.org\/wp-content\/uploads\/2025\/11\/20251108-Citta-del-Messico-Festa-San-Carlo-44-dimensioni-grandi-800x533.jpeg 1x, https:\/\/sancarlo.org\/wp-content\/uploads\/2025\/11\/20251108-Citta-del-Messico-Festa-San-Carlo-44-dimensioni-grandi.jpeg 2x\"><source media=\"(min-width: 200px)\" srcset=\"https:\/\/sancarlo.org\/wp-content\/uploads\/2025\/11\/20251108-Citta-del-Messico-Festa-San-Carlo-44-dimensioni-grandi-500x333.jpeg 1x, https:\/\/sancarlo.org\/wp-content\/uploads\/2025\/11\/20251108-Citta-del-Messico-Festa-San-Carlo-44-dimensioni-grandi-1000x666.jpeg 2x\"><img decoding=\"async\" src=\"data:image\/gif;base64,R0lGODlhAQABAAAAACH5BAEKAAEALAAAAAABAAEAAAICTAEAOw==\" alt=\"\" \/><\/picture><\/figure><figure><picture><source media=\"(min-width: 1280px)\" srcset=\"https:\/\/sancarlo.org\/wp-content\/uploads\/2025\/11\/20251108-Citta-del-Messico-Festa-San-Carlo-86-dimensioni-grandi.jpeg 1x, https:\/\/sancarlo.org\/wp-content\/uploads\/2025\/11\/20251108-Citta-del-Messico-Festa-San-Carlo-86-dimensioni-grandi.jpeg 2x\"><source media=\"(min-width: 1024px)\" srcset=\"https:\/\/sancarlo.org\/wp-content\/uploads\/2025\/11\/20251108-Citta-del-Messico-Festa-San-Carlo-86-dimensioni-grandi-1024x682.jpeg 1x, https:\/\/sancarlo.org\/wp-content\/uploads\/2025\/11\/20251108-Citta-del-Messico-Festa-San-Carlo-86-dimensioni-grandi.jpeg 2x\"><source media=\"(min-width: 768px)\" srcset=\"https:\/\/sancarlo.org\/wp-content\/uploads\/2025\/11\/20251108-Citta-del-Messico-Festa-San-Carlo-86-dimensioni-grandi-800x533.jpeg 1x, https:\/\/sancarlo.org\/wp-content\/uploads\/2025\/11\/20251108-Citta-del-Messico-Festa-San-Carlo-86-dimensioni-grandi.jpeg 2x\"><source media=\"(min-width: 200px)\" srcset=\"https:\/\/sancarlo.org\/wp-content\/uploads\/2025\/11\/20251108-Citta-del-Messico-Festa-San-Carlo-86-dimensioni-grandi-500x333.jpeg 1x, https:\/\/sancarlo.org\/wp-content\/uploads\/2025\/11\/20251108-Citta-del-Messico-Festa-San-Carlo-86-dimensioni-grandi-1000x666.jpeg 2x\"><img decoding=\"async\" src=\"data:image\/gif;base64,R0lGODlhAQABAAAAACH5BAEKAAEALAAAAAABAAEAAAICTAEAOw==\" alt=\"\" \/><\/picture><\/figure><figure><picture><source media=\"(min-width: 1280px)\" srcset=\"https:\/\/sancarlo.org\/wp-content\/uploads\/2025\/11\/20251108-Citta-del-Messico-Festa-San-Carlo-47-dimensioni-grandi.jpeg 1x, https:\/\/sancarlo.org\/wp-content\/uploads\/2025\/11\/20251108-Citta-del-Messico-Festa-San-Carlo-47-dimensioni-grandi.jpeg 2x\"><source media=\"(min-width: 1024px)\" srcset=\"https:\/\/sancarlo.org\/wp-content\/uploads\/2025\/11\/20251108-Citta-del-Messico-Festa-San-Carlo-47-dimensioni-grandi-1024x682.jpeg 1x, https:\/\/sancarlo.org\/wp-content\/uploads\/2025\/11\/20251108-Citta-del-Messico-Festa-San-Carlo-47-dimensioni-grandi.jpeg 2x\"><source media=\"(min-width: 768px)\" srcset=\"https:\/\/sancarlo.org\/wp-content\/uploads\/2025\/11\/20251108-Citta-del-Messico-Festa-San-Carlo-47-dimensioni-grandi-800x533.jpeg 1x, https:\/\/sancarlo.org\/wp-content\/uploads\/2025\/11\/20251108-Citta-del-Messico-Festa-San-Carlo-47-dimensioni-grandi.jpeg 2x\"><source media=\"(min-width: 200px)\" srcset=\"https:\/\/sancarlo.org\/wp-content\/uploads\/2025\/11\/20251108-Citta-del-Messico-Festa-San-Carlo-47-dimensioni-grandi-500x333.jpeg 1x, https:\/\/sancarlo.org\/wp-content\/uploads\/2025\/11\/20251108-Citta-del-Messico-Festa-San-Carlo-47-dimensioni-grandi-1000x666.jpeg 2x\"><img decoding=\"async\" src=\"data:image\/gif;base64,R0lGODlhAQABAAAAACH5BAEKAAEALAAAAAABAAEAAAICTAEAOw==\" alt=\"\" \/><\/picture><\/figure><figure><picture><source media=\"(min-width: 1280px)\" srcset=\"https:\/\/sancarlo.org\/wp-content\/uploads\/2025\/11\/20251108-Citta-del-Messico-Festa-San-Carlo-49-dimensioni-grandi.jpeg 1x, https:\/\/sancarlo.org\/wp-content\/uploads\/2025\/11\/20251108-Citta-del-Messico-Festa-San-Carlo-49-dimensioni-grandi.jpeg 2x\"><source media=\"(min-width: 1024px)\" srcset=\"https:\/\/sancarlo.org\/wp-content\/uploads\/2025\/11\/20251108-Citta-del-Messico-Festa-San-Carlo-49-dimensioni-grandi-1024x682.jpeg 1x, https:\/\/sancarlo.org\/wp-content\/uploads\/2025\/11\/20251108-Citta-del-Messico-Festa-San-Carlo-49-dimensioni-grandi.jpeg 2x\"><source media=\"(min-width: 768px)\" srcset=\"https:\/\/sancarlo.org\/wp-content\/uploads\/2025\/11\/20251108-Citta-del-Messico-Festa-San-Carlo-49-dimensioni-grandi-800x533.jpeg 1x, https:\/\/sancarlo.org\/wp-content\/uploads\/2025\/11\/20251108-Citta-del-Messico-Festa-San-Carlo-49-dimensioni-grandi.jpeg 2x\"><source media=\"(min-width: 200px)\" srcset=\"https:\/\/sancarlo.org\/wp-content\/uploads\/2025\/11\/20251108-Citta-del-Messico-Festa-San-Carlo-49-dimensioni-grandi-500x333.jpeg 1x, https:\/\/sancarlo.org\/wp-content\/uploads\/2025\/11\/20251108-Citta-del-Messico-Festa-San-Carlo-49-dimensioni-grandi-1000x666.jpeg 2x\"><img decoding=\"async\" src=\"data:image\/gif;base64,R0lGODlhAQABAAAAACH5BAEKAAEALAAAAAABAAEAAAICTAEAOw==\" alt=\"\" \/><\/picture><\/figure><figure><picture><source media=\"(min-width: 1280px)\" srcset=\"https:\/\/sancarlo.org\/wp-content\/uploads\/2025\/11\/20251108-Citta-del-Messico-Festa-San-Carlo-61-dimensioni-grandi.jpeg 1x, https:\/\/sancarlo.org\/wp-content\/uploads\/2025\/11\/20251108-Citta-del-Messico-Festa-San-Carlo-61-dimensioni-grandi.jpeg 2x\"><source media=\"(min-width: 1024px)\" srcset=\"https:\/\/sancarlo.org\/wp-content\/uploads\/2025\/11\/20251108-Citta-del-Messico-Festa-San-Carlo-61-dimensioni-grandi-1024x682.jpeg 1x, https:\/\/sancarlo.org\/wp-content\/uploads\/2025\/11\/20251108-Citta-del-Messico-Festa-San-Carlo-61-dimensioni-grandi.jpeg 2x\"><source media=\"(min-width: 768px)\" srcset=\"https:\/\/sancarlo.org\/wp-content\/uploads\/2025\/11\/20251108-Citta-del-Messico-Festa-San-Carlo-61-dimensioni-grandi-800x533.jpeg 1x, https:\/\/sancarlo.org\/wp-content\/uploads\/2025\/11\/20251108-Citta-del-Messico-Festa-San-Carlo-61-dimensioni-grandi.jpeg 2x\"><source media=\"(min-width: 200px)\" srcset=\"https:\/\/sancarlo.org\/wp-content\/uploads\/2025\/11\/20251108-Citta-del-Messico-Festa-San-Carlo-61-dimensioni-grandi-500x333.jpeg 1x, https:\/\/sancarlo.org\/wp-content\/uploads\/2025\/11\/20251108-Citta-del-Messico-Festa-San-Carlo-61-dimensioni-grandi-1000x666.jpeg 2x\"><img decoding=\"async\" src=\"data:image\/gif;base64,R0lGODlhAQABAAAAACH5BAEKAAEALAAAAAABAAEAAAICTAEAOw==\" alt=\"\" \/><\/picture><\/figure><figure><picture><source media=\"(min-width: 1280px)\" srcset=\"https:\/\/sancarlo.org\/wp-content\/uploads\/2025\/11\/20251108-Citta-del-Messico-Festa-San-Carlo-65-dimensioni-grandi.jpeg 1x, https:\/\/sancarlo.org\/wp-content\/uploads\/2025\/11\/20251108-Citta-del-Messico-Festa-San-Carlo-65-dimensioni-grandi.jpeg 2x\"><source media=\"(min-width: 1024px)\" srcset=\"https:\/\/sancarlo.org\/wp-content\/uploads\/2025\/11\/20251108-Citta-del-Messico-Festa-San-Carlo-65-dimensioni-grandi-1024x682.jpeg 1x, https:\/\/sancarlo.org\/wp-content\/uploads\/2025\/11\/20251108-Citta-del-Messico-Festa-San-Carlo-65-dimensioni-grandi.jpeg 2x\"><source media=\"(min-width: 768px)\" srcset=\"https:\/\/sancarlo.org\/wp-content\/uploads\/2025\/11\/20251108-Citta-del-Messico-Festa-San-Carlo-65-dimensioni-grandi-800x533.jpeg 1x, https:\/\/sancarlo.org\/wp-content\/uploads\/2025\/11\/20251108-Citta-del-Messico-Festa-San-Carlo-65-dimensioni-grandi.jpeg 2x\"><source media=\"(min-width: 200px)\" srcset=\"https:\/\/sancarlo.org\/wp-content\/uploads\/2025\/11\/20251108-Citta-del-Messico-Festa-San-Carlo-65-dimensioni-grandi-500x333.jpeg 1x, https:\/\/sancarlo.org\/wp-content\/uploads\/2025\/11\/20251108-Citta-del-Messico-Festa-San-Carlo-65-dimensioni-grandi-1000x666.jpeg 2x\"><img decoding=\"async\" src=\"data:image\/gif;base64,R0lGODlhAQABAAAAACH5BAEKAAEALAAAAAABAAEAAAICTAEAOw==\" alt=\"\" \/><\/picture><\/figure><figure><picture><source media=\"(min-width: 1280px)\" srcset=\"https:\/\/sancarlo.org\/wp-content\/uploads\/2025\/11\/20251108-Citta-del-Messico-Festa-San-Carlo-62-dimensioni-grandi.jpeg 1x, https:\/\/sancarlo.org\/wp-content\/uploads\/2025\/11\/20251108-Citta-del-Messico-Festa-San-Carlo-62-dimensioni-grandi.jpeg 2x\"><source media=\"(min-width: 1024px)\" srcset=\"https:\/\/sancarlo.org\/wp-content\/uploads\/2025\/11\/20251108-Citta-del-Messico-Festa-San-Carlo-62-dimensioni-grandi-1024x682.jpeg 1x, https:\/\/sancarlo.org\/wp-content\/uploads\/2025\/11\/20251108-Citta-del-Messico-Festa-San-Carlo-62-dimensioni-grandi.jpeg 2x\"><source media=\"(min-width: 768px)\" srcset=\"https:\/\/sancarlo.org\/wp-content\/uploads\/2025\/11\/20251108-Citta-del-Messico-Festa-San-Carlo-62-dimensioni-grandi-800x533.jpeg 1x, https:\/\/sancarlo.org\/wp-content\/uploads\/2025\/11\/20251108-Citta-del-Messico-Festa-San-Carlo-62-dimensioni-grandi.jpeg 2x\"><source media=\"(min-width: 200px)\" srcset=\"https:\/\/sancarlo.org\/wp-content\/uploads\/2025\/11\/20251108-Citta-del-Messico-Festa-San-Carlo-62-dimensioni-grandi-500x333.jpeg 1x, https:\/\/sancarlo.org\/wp-content\/uploads\/2025\/11\/20251108-Citta-del-Messico-Festa-San-Carlo-62-dimensioni-grandi-1000x666.jpeg 2x\"><img decoding=\"async\" src=\"data:image\/gif;base64,R0lGODlhAQABAAAAACH5BAEKAAEALAAAAAABAAEAAAICTAEAOw==\" alt=\"\" \/><\/picture><\/figure><figure><picture><source media=\"(min-width: 1280px)\" srcset=\"https:\/\/sancarlo.org\/wp-content\/uploads\/2025\/11\/20251108-Citta-del-Messico-Festa-San-Carlo-10-dimensioni-grandi.jpeg 1x, https:\/\/sancarlo.org\/wp-content\/uploads\/2025\/11\/20251108-Citta-del-Messico-Festa-San-Carlo-10-dimensioni-grandi.jpeg 2x\"><source media=\"(min-width: 1024px)\" srcset=\"https:\/\/sancarlo.org\/wp-content\/uploads\/2025\/11\/20251108-Citta-del-Messico-Festa-San-Carlo-10-dimensioni-grandi-1024x682.jpeg 1x, https:\/\/sancarlo.org\/wp-content\/uploads\/2025\/11\/20251108-Citta-del-Messico-Festa-San-Carlo-10-dimensioni-grandi.jpeg 2x\"><source media=\"(min-width: 768px)\" srcset=\"https:\/\/sancarlo.org\/wp-content\/uploads\/2025\/11\/20251108-Citta-del-Messico-Festa-San-Carlo-10-dimensioni-grandi-800x533.jpeg 1x, https:\/\/sancarlo.org\/wp-content\/uploads\/2025\/11\/20251108-Citta-del-Messico-Festa-San-Carlo-10-dimensioni-grandi.jpeg 2x\"><source media=\"(min-width: 200px)\" srcset=\"https:\/\/sancarlo.org\/wp-content\/uploads\/2025\/11\/20251108-Citta-del-Messico-Festa-San-Carlo-10-dimensioni-grandi-500x333.jpeg 1x, https:\/\/sancarlo.org\/wp-content\/uploads\/2025\/11\/20251108-Citta-del-Messico-Festa-San-Carlo-10-dimensioni-grandi-1000x666.jpeg 2x\"><img decoding=\"async\" src=\"data:image\/gif;base64,R0lGODlhAQABAAAAACH5BAEKAAEALAAAAAABAAEAAAICTAEAOw==\" alt=\"\" \/><\/picture><\/figure><figure><picture><source media=\"(min-width: 1280px)\" srcset=\"https:\/\/sancarlo.org\/wp-content\/uploads\/2025\/11\/20251108-Citta-del-Messico-Festa-San-Carlo-20-dimensioni-grandi.jpeg 1x, https:\/\/sancarlo.org\/wp-content\/uploads\/2025\/11\/20251108-Citta-del-Messico-Festa-San-Carlo-20-dimensioni-grandi.jpeg 2x\"><source media=\"(min-width: 1024px)\" srcset=\"https:\/\/sancarlo.org\/wp-content\/uploads\/2025\/11\/20251108-Citta-del-Messico-Festa-San-Carlo-20-dimensioni-grandi-1024x682.jpeg 1x, https:\/\/sancarlo.org\/wp-content\/uploads\/2025\/11\/20251108-Citta-del-Messico-Festa-San-Carlo-20-dimensioni-grandi.jpeg 2x\"><source media=\"(min-width: 768px)\" srcset=\"https:\/\/sancarlo.org\/wp-content\/uploads\/2025\/11\/20251108-Citta-del-Messico-Festa-San-Carlo-20-dimensioni-grandi-800x533.jpeg 1x, https:\/\/sancarlo.org\/wp-content\/uploads\/2025\/11\/20251108-Citta-del-Messico-Festa-San-Carlo-20-dimensioni-grandi.jpeg 2x\"><source media=\"(min-width: 200px)\" srcset=\"https:\/\/sancarlo.org\/wp-content\/uploads\/2025\/11\/20251108-Citta-del-Messico-Festa-San-Carlo-20-dimensioni-grandi-500x333.jpeg 1x, https:\/\/sancarlo.org\/wp-content\/uploads\/2025\/11\/20251108-Citta-del-Messico-Festa-San-Carlo-20-dimensioni-grandi-1000x666.jpeg 2x\"><img decoding=\"async\" src=\"data:image\/gif;base64,R0lGODlhAQABAAAAACH5BAEKAAEALAAAAAABAAEAAAICTAEAOw==\" alt=\"\" \/><\/picture><\/figure><figure><picture><source media=\"(min-width: 1280px)\" srcset=\"https:\/\/sancarlo.org\/wp-content\/uploads\/2025\/11\/20251108-Citta-del-Messico-Festa-San-Carlo-66-dimensioni-grandi.jpeg 1x, https:\/\/sancarlo.org\/wp-content\/uploads\/2025\/11\/20251108-Citta-del-Messico-Festa-San-Carlo-66-dimensioni-grandi.jpeg 2x\"><source media=\"(min-width: 1024px)\" srcset=\"https:\/\/sancarlo.org\/wp-content\/uploads\/2025\/11\/20251108-Citta-del-Messico-Festa-San-Carlo-66-dimensioni-grandi-1024x682.jpeg 1x, https:\/\/sancarlo.org\/wp-content\/uploads\/2025\/11\/20251108-Citta-del-Messico-Festa-San-Carlo-66-dimensioni-grandi.jpeg 2x\"><source media=\"(min-width: 768px)\" srcset=\"https:\/\/sancarlo.org\/wp-content\/uploads\/2025\/11\/20251108-Citta-del-Messico-Festa-San-Carlo-66-dimensioni-grandi-800x533.jpeg 1x, https:\/\/sancarlo.org\/wp-content\/uploads\/2025\/11\/20251108-Citta-del-Messico-Festa-San-Carlo-66-dimensioni-grandi.jpeg 2x\"><source media=\"(min-width: 200px)\" srcset=\"https:\/\/sancarlo.org\/wp-content\/uploads\/2025\/11\/20251108-Citta-del-Messico-Festa-San-Carlo-66-dimensioni-grandi-500x333.jpeg 1x, https:\/\/sancarlo.org\/wp-content\/uploads\/2025\/11\/20251108-Citta-del-Messico-Festa-San-Carlo-66-dimensioni-grandi-1000x666.jpeg 2x\"><img decoding=\"async\" src=\"data:image\/gif;base64,R0lGODlhAQABAAAAACH5BAEKAAEALAAAAAABAAEAAAICTAEAOw==\" alt=\"\" \/><\/picture><\/figure><figure><picture><source media=\"(min-width: 1280px)\" srcset=\"https:\/\/sancarlo.org\/wp-content\/uploads\/2025\/11\/20251108-Citta-del-Messico-Festa-San-Carlo-26-dimensioni-grandi.jpeg 1x, https:\/\/sancarlo.org\/wp-content\/uploads\/2025\/11\/20251108-Citta-del-Messico-Festa-San-Carlo-26-dimensioni-grandi.jpeg 2x\"><source media=\"(min-width: 1024px)\" srcset=\"https:\/\/sancarlo.org\/wp-content\/uploads\/2025\/11\/20251108-Citta-del-Messico-Festa-San-Carlo-26-dimensioni-grandi-1024x682.jpeg 1x, https:\/\/sancarlo.org\/wp-content\/uploads\/2025\/11\/20251108-Citta-del-Messico-Festa-San-Carlo-26-dimensioni-grandi.jpeg 2x\"><source media=\"(min-width: 768px)\" srcset=\"https:\/\/sancarlo.org\/wp-content\/uploads\/2025\/11\/20251108-Citta-del-Messico-Festa-San-Carlo-26-dimensioni-grandi-800x533.jpeg 1x, https:\/\/sancarlo.org\/wp-content\/uploads\/2025\/11\/20251108-Citta-del-Messico-Festa-San-Carlo-26-dimensioni-grandi.jpeg 2x\"><source media=\"(min-width: 200px)\" srcset=\"https:\/\/sancarlo.org\/wp-content\/uploads\/2025\/11\/20251108-Citta-del-Messico-Festa-San-Carlo-26-dimensioni-grandi-500x333.jpeg 1x, https:\/\/sancarlo.org\/wp-content\/uploads\/2025\/11\/20251108-Citta-del-Messico-Festa-San-Carlo-26-dimensioni-grandi-1000x666.jpeg 2x\"><img decoding=\"async\" src=\"data:image\/gif;base64,R0lGODlhAQABAAAAACH5BAEKAAEALAAAAAABAAEAAAICTAEAOw==\" alt=\"\" \/><\/picture><\/figure><figure><picture><source media=\"(min-width: 1280px)\" srcset=\"https:\/\/sancarlo.org\/wp-content\/uploads\/2025\/11\/20251108-Citta-del-Messico-Festa-San-Carlo-67-dimensioni-grandi.jpeg 1x, https:\/\/sancarlo.org\/wp-content\/uploads\/2025\/11\/20251108-Citta-del-Messico-Festa-San-Carlo-67-dimensioni-grandi.jpeg 2x\"><source media=\"(min-width: 1024px)\" srcset=\"https:\/\/sancarlo.org\/wp-content\/uploads\/2025\/11\/20251108-Citta-del-Messico-Festa-San-Carlo-67-dimensioni-grandi-1024x682.jpeg 1x, https:\/\/sancarlo.org\/wp-content\/uploads\/2025\/11\/20251108-Citta-del-Messico-Festa-San-Carlo-67-dimensioni-grandi.jpeg 2x\"><source media=\"(min-width: 768px)\" srcset=\"https:\/\/sancarlo.org\/wp-content\/uploads\/2025\/11\/20251108-Citta-del-Messico-Festa-San-Carlo-67-dimensioni-grandi-800x533.jpeg 1x, https:\/\/sancarlo.org\/wp-content\/uploads\/2025\/11\/20251108-Citta-del-Messico-Festa-San-Carlo-67-dimensioni-grandi.jpeg 2x\"><source media=\"(min-width: 200px)\" srcset=\"https:\/\/sancarlo.org\/wp-content\/uploads\/2025\/11\/20251108-Citta-del-Messico-Festa-San-Carlo-67-dimensioni-grandi-500x333.jpeg 1x, https:\/\/sancarlo.org\/wp-content\/uploads\/2025\/11\/20251108-Citta-del-Messico-Festa-San-Carlo-67-dimensioni-grandi-1000x666.jpeg 2x\"><img decoding=\"async\" src=\"data:image\/gif;base64,R0lGODlhAQABAAAAACH5BAEKAAEALAAAAAABAAEAAAICTAEAOw==\" alt=\"\" \/><\/picture><\/figure><figure><picture><source media=\"(min-width: 1280px)\" srcset=\"https:\/\/sancarlo.org\/wp-content\/uploads\/2025\/11\/20251108-Citta-del-Messico-Festa-San-Carlo-68-dimensioni-grandi.jpeg 1x, https:\/\/sancarlo.org\/wp-content\/uploads\/2025\/11\/20251108-Citta-del-Messico-Festa-San-Carlo-68-dimensioni-grandi.jpeg 2x\"><source media=\"(min-width: 1024px)\" srcset=\"https:\/\/sancarlo.org\/wp-content\/uploads\/2025\/11\/20251108-Citta-del-Messico-Festa-San-Carlo-68-dimensioni-grandi-1024x682.jpeg 1x, https:\/\/sancarlo.org\/wp-content\/uploads\/2025\/11\/20251108-Citta-del-Messico-Festa-San-Carlo-68-dimensioni-grandi.jpeg 2x\"><source media=\"(min-width: 768px)\" srcset=\"https:\/\/sancarlo.org\/wp-content\/uploads\/2025\/11\/20251108-Citta-del-Messico-Festa-San-Carlo-68-dimensioni-grandi-800x533.jpeg 1x, https:\/\/sancarlo.org\/wp-content\/uploads\/2025\/11\/20251108-Citta-del-Messico-Festa-San-Carlo-68-dimensioni-grandi.jpeg 2x\"><source media=\"(min-width: 200px)\" srcset=\"https:\/\/sancarlo.org\/wp-content\/uploads\/2025\/11\/20251108-Citta-del-Messico-Festa-San-Carlo-68-dimensioni-grandi-500x333.jpeg 1x, https:\/\/sancarlo.org\/wp-content\/uploads\/2025\/11\/20251108-Citta-del-Messico-Festa-San-Carlo-68-dimensioni-grandi-1000x666.jpeg 2x\"><img decoding=\"async\" src=\"data:image\/gif;base64,R0lGODlhAQABAAAAACH5BAEKAAEALAAAAAABAAEAAAICTAEAOw==\" alt=\"\" \/><\/picture><\/figure><figure><picture><source media=\"(min-width: 1280px)\" srcset=\"https:\/\/sancarlo.org\/wp-content\/uploads\/2025\/11\/20251108-Citta-del-Messico-Festa-San-Carlo-74-dimensioni-grandi.jpeg 1x, https:\/\/sancarlo.org\/wp-content\/uploads\/2025\/11\/20251108-Citta-del-Messico-Festa-San-Carlo-74-dimensioni-grandi.jpeg 2x\"><source media=\"(min-width: 1024px)\" srcset=\"https:\/\/sancarlo.org\/wp-content\/uploads\/2025\/11\/20251108-Citta-del-Messico-Festa-San-Carlo-74-dimensioni-grandi-1024x682.jpeg 1x, https:\/\/sancarlo.org\/wp-content\/uploads\/2025\/11\/20251108-Citta-del-Messico-Festa-San-Carlo-74-dimensioni-grandi.jpeg 2x\"><source media=\"(min-width: 768px)\" srcset=\"https:\/\/sancarlo.org\/wp-content\/uploads\/2025\/11\/20251108-Citta-del-Messico-Festa-San-Carlo-74-dimensioni-grandi-800x533.jpeg 1x, https:\/\/sancarlo.org\/wp-content\/uploads\/2025\/11\/20251108-Citta-del-Messico-Festa-San-Carlo-74-dimensioni-grandi.jpeg 2x\"><source media=\"(min-width: 200px)\" srcset=\"https:\/\/sancarlo.org\/wp-content\/uploads\/2025\/11\/20251108-Citta-del-Messico-Festa-San-Carlo-74-dimensioni-grandi-500x333.jpeg 1x, https:\/\/sancarlo.org\/wp-content\/uploads\/2025\/11\/20251108-Citta-del-Messico-Festa-San-Carlo-74-dimensioni-grandi-1000x666.jpeg 2x\"><img decoding=\"async\" src=\"data:image\/gif;base64,R0lGODlhAQABAAAAACH5BAEKAAEALAAAAAABAAEAAAICTAEAOw==\" alt=\"\" \/><\/picture><\/figure><figure><picture><source media=\"(min-width: 1280px)\" srcset=\"https:\/\/sancarlo.org\/wp-content\/uploads\/2025\/11\/20251108-Citta-del-Messico-Festa-San-Carlo-69-dimensioni-grandi.jpeg 1x, https:\/\/sancarlo.org\/wp-content\/uploads\/2025\/11\/20251108-Citta-del-Messico-Festa-San-Carlo-69-dimensioni-grandi.jpeg 2x\"><source media=\"(min-width: 1024px)\" srcset=\"https:\/\/sancarlo.org\/wp-content\/uploads\/2025\/11\/20251108-Citta-del-Messico-Festa-San-Carlo-69-dimensioni-grandi-1024x682.jpeg 1x, https:\/\/sancarlo.org\/wp-content\/uploads\/2025\/11\/20251108-Citta-del-Messico-Festa-San-Carlo-69-dimensioni-grandi.jpeg 2x\"><source media=\"(min-width: 768px)\" srcset=\"https:\/\/sancarlo.org\/wp-content\/uploads\/2025\/11\/20251108-Citta-del-Messico-Festa-San-Carlo-69-dimensioni-grandi-800x533.jpeg 1x, https:\/\/sancarlo.org\/wp-content\/uploads\/2025\/11\/20251108-Citta-del-Messico-Festa-San-Carlo-69-dimensioni-grandi.jpeg 2x\"><source media=\"(min-width: 200px)\" srcset=\"https:\/\/sancarlo.org\/wp-content\/uploads\/2025\/11\/20251108-Citta-del-Messico-Festa-San-Carlo-69-dimensioni-grandi-500x333.jpeg 1x, https:\/\/sancarlo.org\/wp-content\/uploads\/2025\/11\/20251108-Citta-del-Messico-Festa-San-Carlo-69-dimensioni-grandi-1000x666.jpeg 2x\"><img decoding=\"async\" src=\"data:image\/gif;base64,R0lGODlhAQABAAAAACH5BAEKAAEALAAAAAABAAEAAAICTAEAOw==\" alt=\"\" \/><\/picture><\/figure><figure><picture><source media=\"(min-width: 1280px)\" srcset=\"https:\/\/sancarlo.org\/wp-content\/uploads\/2025\/11\/20251108-Citta-del-Messico-Festa-San-Carlo-73-dimensioni-grandi.jpeg 1x, https:\/\/sancarlo.org\/wp-content\/uploads\/2025\/11\/20251108-Citta-del-Messico-Festa-San-Carlo-73-dimensioni-grandi.jpeg 2x\"><source media=\"(min-width: 1024px)\" srcset=\"https:\/\/sancarlo.org\/wp-content\/uploads\/2025\/11\/20251108-Citta-del-Messico-Festa-San-Carlo-73-dimensioni-grandi-1024x682.jpeg 1x, https:\/\/sancarlo.org\/wp-content\/uploads\/2025\/11\/20251108-Citta-del-Messico-Festa-San-Carlo-73-dimensioni-grandi.jpeg 2x\"><source media=\"(min-width: 768px)\" srcset=\"https:\/\/sancarlo.org\/wp-content\/uploads\/2025\/11\/20251108-Citta-del-Messico-Festa-San-Carlo-73-dimensioni-grandi-800x533.jpeg 1x, https:\/\/sancarlo.org\/wp-content\/uploads\/2025\/11\/20251108-Citta-del-Messico-Festa-San-Carlo-73-dimensioni-grandi.jpeg 2x\"><source media=\"(min-width: 200px)\" srcset=\"https:\/\/sancarlo.org\/wp-content\/uploads\/2025\/11\/20251108-Citta-del-Messico-Festa-San-Carlo-73-dimensioni-grandi-500x333.jpeg 1x, https:\/\/sancarlo.org\/wp-content\/uploads\/2025\/11\/20251108-Citta-del-Messico-Festa-San-Carlo-73-dimensioni-grandi-1000x666.jpeg 2x\"><img decoding=\"async\" src=\"data:image\/gif;base64,R0lGODlhAQABAAAAACH5BAEKAAEALAAAAAABAAEAAAICTAEAOw==\" alt=\"\" \/><\/picture><\/figure><figure><picture><source media=\"(min-width: 1280px)\" srcset=\"https:\/\/sancarlo.org\/wp-content\/uploads\/2025\/11\/20251108-Citta-del-Messico-Festa-San-Carlo-64-dimensioni-grandi.jpeg 1x, https:\/\/sancarlo.org\/wp-content\/uploads\/2025\/11\/20251108-Citta-del-Messico-Festa-San-Carlo-64-dimensioni-grandi.jpeg 2x\"><source media=\"(min-width: 1024px)\" srcset=\"https:\/\/sancarlo.org\/wp-content\/uploads\/2025\/11\/20251108-Citta-del-Messico-Festa-San-Carlo-64-dimensioni-grandi-1024x682.jpeg 1x, https:\/\/sancarlo.org\/wp-content\/uploads\/2025\/11\/20251108-Citta-del-Messico-Festa-San-Carlo-64-dimensioni-grandi.jpeg 2x\"><source media=\"(min-width: 768px)\" srcset=\"https:\/\/sancarlo.org\/wp-content\/uploads\/2025\/11\/20251108-Citta-del-Messico-Festa-San-Carlo-64-dimensioni-grandi-800x533.jpeg 1x, https:\/\/sancarlo.org\/wp-content\/uploads\/2025\/11\/20251108-Citta-del-Messico-Festa-San-Carlo-64-dimensioni-grandi.jpeg 2x\"><source media=\"(min-width: 200px)\" srcset=\"https:\/\/sancarlo.org\/wp-content\/uploads\/2025\/11\/20251108-Citta-del-Messico-Festa-San-Carlo-64-dimensioni-grandi-500x333.jpeg 1x, https:\/\/sancarlo.org\/wp-content\/uploads\/2025\/11\/20251108-Citta-del-Messico-Festa-San-Carlo-64-dimensioni-grandi-1000x666.jpeg 2x\"><img decoding=\"async\" src=\"data:image\/gif;base64,R0lGODlhAQABAAAAACH5BAEKAAEALAAAAAABAAEAAAICTAEAOw==\" alt=\"\" \/><\/picture><\/figure><\/div><\/div><\/div><\/div><\/div>\n<\/div><\/div><\/div>","protected":false},"excerpt":{"rendered":"<p>En Ciudad de M\u00e9xico, la Parroquia Mar\u00eda Inmaculada celebra el 40 aniversario de la fundaci\u00f3n de la Fraternidad San Carlos.<\/p>\n","protected":false},"author":1,"featured_media":14845,"comment_status":"closed","ping_status":"closed","sticky":false,"template":"","format":"standard","meta":{"_acf_changed":false,"inline_featured_image":false,"slim_seo":{"title":"40\u00ba aniversario en Mar\u00eda Inmaculada - Fraternidad San Carlos","description":"En Ciudad de M\u00e9xico, la Parroquia Mar\u00eda Inmaculada celebra el 40 aniversario de la fundaci\u00f3n de la Fraternidad San Carlos."},"footnotes":""},"categories":[373],"tags":[757,697,715,700],"writers":[],"regions":[388],"cities":[1247],"class_list":["post-15083","post","type-post","status-publish","format-standard","has-post-thumbnail","hentry","category-eventos","tag-anniversario-es","tag-festa-es","tag-parrocchia-es","tag-testimonianza-es","regions-america-del-norte","cities-citta-del-messico-es"],"acf":[],"_links":{"self":[{"href":"https:\/\/sancarlo.org\/es\/wp-json\/wp\/v2\/posts\/15083","targetHints":{"allow":["GET"]}}],"collection":[{"href":"https:\/\/sancarlo.org\/es\/wp-json\/wp\/v2\/posts"}],"about":[{"href":"https:\/\/sancarlo.org\/es\/wp-json\/wp\/v2\/types\/post"}],"author":[{"embeddable":true,"href":"https:\/\/sancarlo.org\/es\/wp-json\/wp\/v2\/users\/1"}],"replies":[{"embeddable":true,"href":"https:\/\/sancarlo.org\/es\/wp-json\/wp\/v2\/comments?post=15083"}],"version-history":[{"count":1,"href":"https:\/\/sancarlo.org\/es\/wp-json\/wp\/v2\/posts\/15083\/revisions"}],"predecessor-version":[{"id":15084,"href":"https:\/\/sancarlo.org\/es\/wp-json\/wp\/v2\/posts\/15083\/revisions\/15084"}],"wp:featuredmedia":[{"embeddable":true,"href":"https:\/\/sancarlo.org\/es\/wp-json\/wp\/v2\/media\/14845"}],"wp:attachment":[{"href":"https:\/\/sancarlo.org\/es\/wp-json\/wp\/v2\/media?parent=15083"}],"wp:term":[{"taxonomy":"category","embeddable":true,"href":"https:\/\/sancarlo.org\/es\/wp-json\/wp\/v2\/categories?post=15083"},{"taxonomy":"post_tag","embeddable":true,"href":"https:\/\/sancarlo.org\/es\/wp-json\/wp\/v2\/tags?post=15083"},{"taxonomy":"writers","embeddable":true,"href":"https:\/\/sancarlo.org\/es\/wp-json\/wp\/v2\/writers?post=15083"},{"taxonomy":"regions","embeddable":true,"href":"https:\/\/sancarlo.org\/es\/wp-json\/wp\/v2\/regions?post=15083"},{"taxonomy":"cities","embeddable":true,"href":"https:\/\/sancarlo.org\/es\/wp-json\/wp\/v2\/cities?post=15083"}],"curies":[{"name":"wp","href":"https:\/\/api.w.org\/{rel}","templated":true}]}}