{"id":15085,"date":"2025-11-28T15:54:10","date_gmt":"2025-11-28T14:54:10","guid":{"rendered":"https:\/\/sancarlo.org\/?p=15085"},"modified":"2025-11-28T15:54:12","modified_gmt":"2025-11-28T14:54:12","slug":"40o-aniversario-en-las-aguas","status":"publish","type":"post","link":"https:\/\/sancarlo.org\/es\/40o-aniversario-en-las-aguas\/","title":{"rendered":"40\u00ba Aniversario en Las Aguas"},"content":{"rendered":"\n<p>El pasado mes de octubre, en la parroquia de Las Aguas, en Bogot\u00e1 (Colombia), se celebraron los 40 a\u00f1os de historia de la Fraternidad San Carlos. El programa de la celebraci\u00f3n incluy\u00f3 un concierto de m\u00fasica latinoamericana, la Santa Misa, el testimonio de don Simone Gulmini y, por \u00faltimo, una fiesta en la plaza, con juegos, canciones y pasta al rag\u00fa. Durante todo el d\u00eda se pudo ver en el sal\u00f3n parroquial una exposici\u00f3n sobre san Jos\u00e9 Gregorio Hern\u00e1ndez, canonizado precisamente ese d\u00eda. Fue presentada por los universitarios de Comuni\u00f3n y Liberaci\u00f3n.<\/p>\n\n\n<div class=\"wp-block-gallery wp-block-gallery--fnztema gallery\"><div class=\"gallery-inner\"><button class=\"gallery-thumb\" aria-haspopup=\"dialog\" data-modal-trigger=\"modal-00947074-ee6a-4a8b-be97-824acee70f81\" data-modal-triggerinfo='{\"position\": 0}' data-index=\"0\" aria-label=\"Abrir galer\u00eda desde la imagen 1\"><picture><source media=\"(min-width: 200px)\" srcset=\"https:\/\/sancarlo.org\/wp-content\/uploads\/2025\/11\/20251009-Bogota-Festa-San-Carlo-11-dimensioni-grandi-400x300.jpeg 1x, https:\/\/sancarlo.org\/wp-content\/uploads\/2025\/11\/20251009-Bogota-Festa-San-Carlo-11-dimensioni-grandi-800x600.jpeg 2x\"><img decoding=\"async\" src=\"data:image\/gif;base64,R0lGODlhAQABAAAAACH5BAEKAAEALAAAAAABAAEAAAICTAEAOw==\" alt=\"\" class=\"gallery-thumb-image\" aria-hidden=\"true\"><\/picture><\/button><button class=\"gallery-thumb\" aria-haspopup=\"dialog\" data-modal-trigger=\"modal-00947074-ee6a-4a8b-be97-824acee70f81\" data-modal-triggerinfo='{\"position\": 1}' data-index=\"1\" aria-label=\"Abrir galer\u00eda desde la imagen 2\"><picture><source media=\"(min-width: 200px)\" srcset=\"https:\/\/sancarlo.org\/wp-content\/uploads\/2025\/11\/20251009-Bogota-Festa-San-Carlo-16-dimensioni-grandi-400x300.jpeg 1x, https:\/\/sancarlo.org\/wp-content\/uploads\/2025\/11\/20251009-Bogota-Festa-San-Carlo-16-dimensioni-grandi-800x600.jpeg 2x\"><img decoding=\"async\" src=\"data:image\/gif;base64,R0lGODlhAQABAAAAACH5BAEKAAEALAAAAAABAAEAAAICTAEAOw==\" alt=\"\" class=\"gallery-thumb-image\" aria-hidden=\"true\"><\/picture><\/button><button class=\"gallery-thumb\" aria-haspopup=\"dialog\" data-modal-trigger=\"modal-00947074-ee6a-4a8b-be97-824acee70f81\" data-modal-triggerinfo='{\"position\": 2}' data-index=\"2\" aria-label=\"Abrir galer\u00eda desde la imagen 3\"><picture><source media=\"(min-width: 200px)\" srcset=\"https:\/\/sancarlo.org\/wp-content\/uploads\/2025\/11\/20251009-Bogota-Festa-San-Carlo-19-dimensioni-grandi-400x300.jpeg 1x, https:\/\/sancarlo.org\/wp-content\/uploads\/2025\/11\/20251009-Bogota-Festa-San-Carlo-19-dimensioni-grandi-800x600.jpeg 2x\"><img decoding=\"async\" src=\"data:image\/gif;base64,R0lGODlhAQABAAAAACH5BAEKAAEALAAAAAABAAEAAAICTAEAOw==\" alt=\"\" class=\"gallery-thumb-image\" aria-hidden=\"true\"><\/picture><\/button><button class=\"gallery-thumb\" aria-haspopup=\"dialog\" data-modal-trigger=\"modal-00947074-ee6a-4a8b-be97-824acee70f81\" data-modal-triggerinfo='{\"position\": 3}' data-index=\"3\" aria-label=\"Abrir galer\u00eda desde la imagen 4\"><picture><source media=\"(min-width: 200px)\" srcset=\"https:\/\/sancarlo.org\/wp-content\/uploads\/2025\/11\/20251009-Bogota-Festa-San-Carlo-21-dimensioni-grandi-400x300.jpeg 1x, https:\/\/sancarlo.org\/wp-content\/uploads\/2025\/11\/20251009-Bogota-Festa-San-Carlo-21-dimensioni-grandi-800x600.jpeg 2x\"><img decoding=\"async\" src=\"data:image\/gif;base64,R0lGODlhAQABAAAAACH5BAEKAAEALAAAAAABAAEAAAICTAEAOw==\" alt=\"\" class=\"gallery-thumb-image\" aria-hidden=\"true\"><\/picture><\/button><button class=\"gallery-thumb\" aria-haspopup=\"dialog\" data-modal-trigger=\"modal-00947074-ee6a-4a8b-be97-824acee70f81\" data-modal-triggerinfo='{\"position\": 4}' data-index=\"4\" aria-label=\"Abrir galer\u00eda desde la imagen 5\"><picture><source media=\"(min-width: 200px)\" srcset=\"https:\/\/sancarlo.org\/wp-content\/uploads\/2025\/11\/20251009-Bogota-Festa-San-Carlo-1-dimensioni-grandi-400x300.jpeg 1x, https:\/\/sancarlo.org\/wp-content\/uploads\/2025\/11\/20251009-Bogota-Festa-San-Carlo-1-dimensioni-grandi-800x600.jpeg 2x\"><img decoding=\"async\" src=\"data:image\/gif;base64,R0lGODlhAQABAAAAACH5BAEKAAEALAAAAAABAAEAAAICTAEAOw==\" alt=\"\" class=\"gallery-thumb-image\" aria-hidden=\"true\"><\/picture><\/button><button class=\"gallery-thumb\" aria-haspopup=\"dialog\" data-modal-trigger=\"modal-00947074-ee6a-4a8b-be97-824acee70f81\" data-modal-triggerinfo='{\"position\": 5}' data-index=\"5\" aria-label=\"Abrir galer\u00eda desde la imagen 6\"><picture><source media=\"(min-width: 200px)\" srcset=\"https:\/\/sancarlo.org\/wp-content\/uploads\/2025\/11\/20251009-Bogota-Festa-San-Carlo-24-dimensioni-grandi-400x300.jpeg 1x, https:\/\/sancarlo.org\/wp-content\/uploads\/2025\/11\/20251009-Bogota-Festa-San-Carlo-24-dimensioni-grandi-800x600.jpeg 2x\"><img decoding=\"async\" src=\"data:image\/gif;base64,R0lGODlhAQABAAAAACH5BAEKAAEALAAAAAABAAEAAAICTAEAOw==\" alt=\"\" class=\"gallery-thumb-image\" aria-hidden=\"true\"><\/picture><\/button><button class=\"gallery-thumb\" aria-haspopup=\"dialog\" data-modal-trigger=\"modal-00947074-ee6a-4a8b-be97-824acee70f81\" data-modal-triggerinfo='{\"position\": 6}' data-index=\"6\" aria-label=\"Abrir galer\u00eda desde la imagen 7\"><picture><source media=\"(min-width: 200px)\" srcset=\"https:\/\/sancarlo.org\/wp-content\/uploads\/2025\/11\/20251009-Bogota-Festa-San-Carlo-31-dimensioni-grandi-400x300.jpeg 1x, https:\/\/sancarlo.org\/wp-content\/uploads\/2025\/11\/20251009-Bogota-Festa-San-Carlo-31-dimensioni-grandi-800x600.jpeg 2x\"><img decoding=\"async\" src=\"data:image\/gif;base64,R0lGODlhAQABAAAAACH5BAEKAAEALAAAAAABAAEAAAICTAEAOw==\" alt=\"\" class=\"gallery-thumb-image\" aria-hidden=\"true\"><\/picture><\/button><button class=\"gallery-thumb\" aria-haspopup=\"dialog\" data-modal-trigger=\"modal-00947074-ee6a-4a8b-be97-824acee70f81\" data-modal-triggerinfo='{\"position\": 7}' data-index=\"7\" aria-label=\"Abrir galer\u00eda desde la imagen 8\"><picture><source media=\"(min-width: 200px)\" srcset=\"https:\/\/sancarlo.org\/wp-content\/uploads\/2025\/11\/20251009-Bogota-Festa-San-Carlo-29-dimensioni-grandi-400x300.jpeg 1x, https:\/\/sancarlo.org\/wp-content\/uploads\/2025\/11\/20251009-Bogota-Festa-San-Carlo-29-dimensioni-grandi-800x600.jpeg 2x\"><img decoding=\"async\" src=\"data:image\/gif;base64,R0lGODlhAQABAAAAACH5BAEKAAEALAAAAAABAAEAAAICTAEAOw==\" alt=\"\" class=\"gallery-thumb-image\" aria-hidden=\"true\"><\/picture><\/button><button class=\"gallery-thumb\" aria-haspopup=\"dialog\" data-modal-trigger=\"modal-00947074-ee6a-4a8b-be97-824acee70f81\" data-modal-triggerinfo='{\"position\": 8}' data-index=\"8\" aria-label=\"Abrir galer\u00eda desde la imagen 9\"><picture><source media=\"(min-width: 200px)\" srcset=\"https:\/\/sancarlo.org\/wp-content\/uploads\/2025\/11\/20251009-Bogota-Festa-San-Carlo-35-dimensioni-grandi-400x300.jpeg 1x, https:\/\/sancarlo.org\/wp-content\/uploads\/2025\/11\/20251009-Bogota-Festa-San-Carlo-35-dimensioni-grandi-800x600.jpeg 2x\"><img decoding=\"async\" src=\"data:image\/gif;base64,R0lGODlhAQABAAAAACH5BAEKAAEALAAAAAABAAEAAAICTAEAOw==\" alt=\"\" class=\"gallery-thumb-image\" aria-hidden=\"true\"><\/picture><\/button><button class=\"gallery-thumb\" aria-haspopup=\"dialog\" data-modal-trigger=\"modal-00947074-ee6a-4a8b-be97-824acee70f81\" data-modal-triggerinfo='{\"position\": 9}' data-index=\"9\" aria-label=\"Abrir galer\u00eda desde la imagen 10\"><picture><source media=\"(min-width: 200px)\" srcset=\"https:\/\/sancarlo.org\/wp-content\/uploads\/2025\/11\/20251009-Bogota-Festa-San-Carlo-90-dimensioni-grandi-400x300.jpeg 1x, https:\/\/sancarlo.org\/wp-content\/uploads\/2025\/11\/20251009-Bogota-Festa-San-Carlo-90-dimensioni-grandi-800x600.jpeg 2x\"><img decoding=\"async\" src=\"data:image\/gif;base64,R0lGODlhAQABAAAAACH5BAEKAAEALAAAAAABAAEAAAICTAEAOw==\" alt=\"\" class=\"gallery-thumb-image\" aria-hidden=\"true\"><\/picture><\/button><button class=\"gallery-thumb\" aria-haspopup=\"dialog\" data-modal-trigger=\"modal-00947074-ee6a-4a8b-be97-824acee70f81\" data-modal-triggerinfo='{\"position\": 10}' data-index=\"10\" aria-label=\"Abrir galer\u00eda desde la imagen 11\"><picture><source media=\"(min-width: 200px)\" srcset=\"https:\/\/sancarlo.org\/wp-content\/uploads\/2025\/11\/20251009-Bogota-Festa-San-Carlo-33-dimensioni-grandi-400x300.jpeg 1x, https:\/\/sancarlo.org\/wp-content\/uploads\/2025\/11\/20251009-Bogota-Festa-San-Carlo-33-dimensioni-grandi-800x600.jpeg 2x\"><img decoding=\"async\" src=\"data:image\/gif;base64,R0lGODlhAQABAAAAACH5BAEKAAEALAAAAAABAAEAAAICTAEAOw==\" alt=\"\" class=\"gallery-thumb-image\" aria-hidden=\"true\"><\/picture><\/button><button class=\"gallery-thumb\" aria-haspopup=\"dialog\" data-modal-trigger=\"modal-00947074-ee6a-4a8b-be97-824acee70f81\" data-modal-triggerinfo='{\"position\": 11}' data-index=\"11\" aria-label=\"Abrir galer\u00eda desde la imagen 12\"><picture><source media=\"(min-width: 200px)\" srcset=\"https:\/\/sancarlo.org\/wp-content\/uploads\/2025\/11\/20251009-Bogota-Festa-San-Carlo-43-dimensioni-grandi-400x300.jpeg 1x, https:\/\/sancarlo.org\/wp-content\/uploads\/2025\/11\/20251009-Bogota-Festa-San-Carlo-43-dimensioni-grandi-800x600.jpeg 2x\"><img decoding=\"async\" src=\"data:image\/gif;base64,R0lGODlhAQABAAAAACH5BAEKAAEALAAAAAABAAEAAAICTAEAOw==\" alt=\"\" class=\"gallery-thumb-image\" aria-hidden=\"true\"><\/picture><\/button><button class=\"gallery-thumb\" aria-haspopup=\"dialog\" data-modal-trigger=\"modal-00947074-ee6a-4a8b-be97-824acee70f81\" data-modal-triggerinfo='{\"position\": 12}' data-index=\"12\" aria-label=\"Abrir galer\u00eda desde la imagen 13\"><picture><source media=\"(min-width: 200px)\" srcset=\"https:\/\/sancarlo.org\/wp-content\/uploads\/2025\/11\/20251009-Bogota-Festa-San-Carlo-46-dimensioni-grandi-400x300.jpeg 1x, https:\/\/sancarlo.org\/wp-content\/uploads\/2025\/11\/20251009-Bogota-Festa-San-Carlo-46-dimensioni-grandi-800x600.jpeg 2x\"><img decoding=\"async\" src=\"data:image\/gif;base64,R0lGODlhAQABAAAAACH5BAEKAAEALAAAAAABAAEAAAICTAEAOw==\" alt=\"\" class=\"gallery-thumb-image\" aria-hidden=\"true\"><\/picture><\/button><button class=\"gallery-thumb\" aria-haspopup=\"dialog\" data-modal-trigger=\"modal-00947074-ee6a-4a8b-be97-824acee70f81\" data-modal-triggerinfo='{\"position\": 13}' data-index=\"13\" aria-label=\"Abrir galer\u00eda desde la imagen 14\"><picture><source media=\"(min-width: 200px)\" srcset=\"https:\/\/sancarlo.org\/wp-content\/uploads\/2025\/11\/20251009-Bogota-Festa-San-Carlo-48-dimensioni-grandi-400x300.jpeg 1x, https:\/\/sancarlo.org\/wp-content\/uploads\/2025\/11\/20251009-Bogota-Festa-San-Carlo-48-dimensioni-grandi-800x600.jpeg 2x\"><img decoding=\"async\" src=\"data:image\/gif;base64,R0lGODlhAQABAAAAACH5BAEKAAEALAAAAAABAAEAAAICTAEAOw==\" alt=\"\" class=\"gallery-thumb-image\" aria-hidden=\"true\"><\/picture><\/button><button class=\"gallery-thumb\" aria-haspopup=\"dialog\" data-modal-trigger=\"modal-00947074-ee6a-4a8b-be97-824acee70f81\" data-modal-triggerinfo='{\"position\": 14}' data-index=\"14\" aria-label=\"Abrir galer\u00eda desde la imagen 15\"><picture><source media=\"(min-width: 200px)\" srcset=\"https:\/\/sancarlo.org\/wp-content\/uploads\/2025\/11\/20251009-Bogota-Festa-San-Carlo-51-dimensioni-grandi-400x300.jpeg 1x, https:\/\/sancarlo.org\/wp-content\/uploads\/2025\/11\/20251009-Bogota-Festa-San-Carlo-51-dimensioni-grandi-800x600.jpeg 2x\"><img decoding=\"async\" src=\"data:image\/gif;base64,R0lGODlhAQABAAAAACH5BAEKAAEALAAAAAABAAEAAAICTAEAOw==\" alt=\"\" class=\"gallery-thumb-image\" aria-hidden=\"true\"><\/picture><\/button><button class=\"gallery-thumb\" aria-haspopup=\"dialog\" data-modal-trigger=\"modal-00947074-ee6a-4a8b-be97-824acee70f81\" data-modal-triggerinfo='{\"position\": 15}' data-index=\"15\" aria-label=\"Abrir galer\u00eda desde la imagen 16\"><picture><source media=\"(min-width: 200px)\" srcset=\"https:\/\/sancarlo.org\/wp-content\/uploads\/2025\/11\/20251009-Bogota-Festa-San-Carlo-68-dimensioni-grandi-400x300.jpeg 1x, https:\/\/sancarlo.org\/wp-content\/uploads\/2025\/11\/20251009-Bogota-Festa-San-Carlo-68-dimensioni-grandi-800x600.jpeg 2x\"><img decoding=\"async\" src=\"data:image\/gif;base64,R0lGODlhAQABAAAAACH5BAEKAAEALAAAAAABAAEAAAICTAEAOw==\" alt=\"\" class=\"gallery-thumb-image\" aria-hidden=\"true\"><\/picture><\/button><button class=\"gallery-thumb\" aria-haspopup=\"dialog\" data-modal-trigger=\"modal-00947074-ee6a-4a8b-be97-824acee70f81\" data-modal-triggerinfo='{\"position\": 16}' data-index=\"16\" aria-label=\"Abrir galer\u00eda desde la imagen 17\"><picture><source media=\"(min-width: 200px)\" srcset=\"https:\/\/sancarlo.org\/wp-content\/uploads\/2025\/11\/20251009-Bogota-Festa-San-Carlo-56-dimensioni-grandi-400x300.jpeg 1x, https:\/\/sancarlo.org\/wp-content\/uploads\/2025\/11\/20251009-Bogota-Festa-San-Carlo-56-dimensioni-grandi-800x600.jpeg 2x\"><img decoding=\"async\" src=\"data:image\/gif;base64,R0lGODlhAQABAAAAACH5BAEKAAEALAAAAAABAAEAAAICTAEAOw==\" alt=\"\" class=\"gallery-thumb-image\" aria-hidden=\"true\"><\/picture><\/button><button class=\"gallery-thumb\" aria-haspopup=\"dialog\" data-modal-trigger=\"modal-00947074-ee6a-4a8b-be97-824acee70f81\" data-modal-triggerinfo='{\"position\": 17}' data-index=\"17\" aria-label=\"Abrir galer\u00eda desde la imagen 18\"><picture><source media=\"(min-width: 200px)\" srcset=\"https:\/\/sancarlo.org\/wp-content\/uploads\/2025\/11\/20251009-Bogota-Festa-San-Carlo-84-dimensioni-grandi-400x300.jpeg 1x, https:\/\/sancarlo.org\/wp-content\/uploads\/2025\/11\/20251009-Bogota-Festa-San-Carlo-84-dimensioni-grandi-800x600.jpeg 2x\"><img decoding=\"async\" src=\"data:image\/gif;base64,R0lGODlhAQABAAAAACH5BAEKAAEALAAAAAABAAEAAAICTAEAOw==\" alt=\"\" class=\"gallery-thumb-image\" aria-hidden=\"true\"><\/picture><\/button><button class=\"gallery-thumb\" aria-haspopup=\"dialog\" data-modal-trigger=\"modal-00947074-ee6a-4a8b-be97-824acee70f81\" data-modal-triggerinfo='{\"position\": 18}' data-index=\"18\" aria-label=\"Abrir galer\u00eda desde la imagen 19\"><picture><source media=\"(min-width: 200px)\" srcset=\"https:\/\/sancarlo.org\/wp-content\/uploads\/2025\/11\/20251009-Bogota-Festa-San-Carlo-77-dimensioni-grandi-400x300.jpeg 1x, https:\/\/sancarlo.org\/wp-content\/uploads\/2025\/11\/20251009-Bogota-Festa-San-Carlo-77-dimensioni-grandi-800x600.jpeg 2x\"><img decoding=\"async\" src=\"data:image\/gif;base64,R0lGODlhAQABAAAAACH5BAEKAAEALAAAAAABAAEAAAICTAEAOw==\" alt=\"\" class=\"gallery-thumb-image\" aria-hidden=\"true\"><\/picture><\/button><button class=\"gallery-thumb\" aria-haspopup=\"dialog\" data-modal-trigger=\"modal-00947074-ee6a-4a8b-be97-824acee70f81\" data-modal-triggerinfo='{\"position\": 19}' data-index=\"19\" aria-label=\"Abrir galer\u00eda desde la imagen 20\"><picture><source media=\"(min-width: 200px)\" srcset=\"https:\/\/sancarlo.org\/wp-content\/uploads\/2025\/11\/20251009-Bogota-Festa-San-Carlo-80-dimensioni-grandi-400x300.jpeg 1x, https:\/\/sancarlo.org\/wp-content\/uploads\/2025\/11\/20251009-Bogota-Festa-San-Carlo-80-dimensioni-grandi-800x600.jpeg 2x\"><img decoding=\"async\" src=\"data:image\/gif;base64,R0lGODlhAQABAAAAACH5BAEKAAEALAAAAAABAAEAAAICTAEAOw==\" alt=\"\" class=\"gallery-thumb-image\" aria-hidden=\"true\"><\/picture><\/button><button class=\"gallery-thumb\" aria-haspopup=\"dialog\" data-modal-trigger=\"modal-00947074-ee6a-4a8b-be97-824acee70f81\" data-modal-triggerinfo='{\"position\": 20}' data-index=\"20\" aria-label=\"Abrir galer\u00eda desde la imagen 21\"><picture><source media=\"(min-width: 200px)\" srcset=\"https:\/\/sancarlo.org\/wp-content\/uploads\/2025\/11\/20251009-Bogota-Festa-San-Carlo-88-dimensioni-grandi-400x300.jpeg 1x, https:\/\/sancarlo.org\/wp-content\/uploads\/2025\/11\/20251009-Bogota-Festa-San-Carlo-88-dimensioni-grandi-800x600.jpeg 2x\"><img decoding=\"async\" src=\"data:image\/gif;base64,R0lGODlhAQABAAAAACH5BAEKAAEALAAAAAABAAEAAAICTAEAOw==\" alt=\"\" class=\"gallery-thumb-image\" aria-hidden=\"true\"><\/picture><\/button><div class=\"modal modal--full modal--gallery\" id=\"modal-00947074-ee6a-4a8b-be97-824acee70f81\" aria-hidden=\"true\">\n<div class=\"modal-overlay\" tabindex=\"-1\" data-modal-close><div class=\"modal-dialog\" data-component=\"modal_gallery\" role=\"dialog\" aria-modal=\"true\" ><button class=\"modal-close\" aria-label=\"Cerrar\" data-modal-close><\/button><div class=\"modal-content\"><div class=\"gallery-slides\"><div class=\"gallery-slides-inner\"><figure><picture><source media=\"(min-width: 1280px)\" srcset=\"https:\/\/sancarlo.org\/wp-content\/uploads\/2025\/11\/20251009-Bogota-Festa-San-Carlo-11-dimensioni-grandi.jpeg 1x, https:\/\/sancarlo.org\/wp-content\/uploads\/2025\/11\/20251009-Bogota-Festa-San-Carlo-11-dimensioni-grandi.jpeg 2x\"><source media=\"(min-width: 1024px)\" srcset=\"https:\/\/sancarlo.org\/wp-content\/uploads\/2025\/11\/20251009-Bogota-Festa-San-Carlo-11-dimensioni-grandi-1024x682.jpeg 1x, https:\/\/sancarlo.org\/wp-content\/uploads\/2025\/11\/20251009-Bogota-Festa-San-Carlo-11-dimensioni-grandi.jpeg 2x\"><source media=\"(min-width: 768px)\" srcset=\"https:\/\/sancarlo.org\/wp-content\/uploads\/2025\/11\/20251009-Bogota-Festa-San-Carlo-11-dimensioni-grandi-800x533.jpeg 1x, https:\/\/sancarlo.org\/wp-content\/uploads\/2025\/11\/20251009-Bogota-Festa-San-Carlo-11-dimensioni-grandi.jpeg 2x\"><source media=\"(min-width: 200px)\" srcset=\"https:\/\/sancarlo.org\/wp-content\/uploads\/2025\/11\/20251009-Bogota-Festa-San-Carlo-11-dimensioni-grandi-500x333.jpeg 1x, https:\/\/sancarlo.org\/wp-content\/uploads\/2025\/11\/20251009-Bogota-Festa-San-Carlo-11-dimensioni-grandi-1000x666.jpeg 2x\"><img decoding=\"async\" src=\"data:image\/gif;base64,R0lGODlhAQABAAAAACH5BAEKAAEALAAAAAABAAEAAAICTAEAOw==\" alt=\"\" \/><\/picture><\/figure><figure><picture><source media=\"(min-width: 1280px)\" srcset=\"https:\/\/sancarlo.org\/wp-content\/uploads\/2025\/11\/20251009-Bogota-Festa-San-Carlo-16-dimensioni-grandi.jpeg 1x, https:\/\/sancarlo.org\/wp-content\/uploads\/2025\/11\/20251009-Bogota-Festa-San-Carlo-16-dimensioni-grandi.jpeg 2x\"><source media=\"(min-width: 1024px)\" srcset=\"https:\/\/sancarlo.org\/wp-content\/uploads\/2025\/11\/20251009-Bogota-Festa-San-Carlo-16-dimensioni-grandi-1024x682.jpeg 1x, https:\/\/sancarlo.org\/wp-content\/uploads\/2025\/11\/20251009-Bogota-Festa-San-Carlo-16-dimensioni-grandi.jpeg 2x\"><source media=\"(min-width: 768px)\" srcset=\"https:\/\/sancarlo.org\/wp-content\/uploads\/2025\/11\/20251009-Bogota-Festa-San-Carlo-16-dimensioni-grandi-800x533.jpeg 1x, https:\/\/sancarlo.org\/wp-content\/uploads\/2025\/11\/20251009-Bogota-Festa-San-Carlo-16-dimensioni-grandi.jpeg 2x\"><source media=\"(min-width: 200px)\" srcset=\"https:\/\/sancarlo.org\/wp-content\/uploads\/2025\/11\/20251009-Bogota-Festa-San-Carlo-16-dimensioni-grandi-500x333.jpeg 1x, https:\/\/sancarlo.org\/wp-content\/uploads\/2025\/11\/20251009-Bogota-Festa-San-Carlo-16-dimensioni-grandi-1000x666.jpeg 2x\"><img decoding=\"async\" src=\"data:image\/gif;base64,R0lGODlhAQABAAAAACH5BAEKAAEALAAAAAABAAEAAAICTAEAOw==\" alt=\"\" \/><\/picture><\/figure><figure><picture><source media=\"(min-width: 1280px)\" srcset=\"https:\/\/sancarlo.org\/wp-content\/uploads\/2025\/11\/20251009-Bogota-Festa-San-Carlo-19-dimensioni-grandi.jpeg 1x, https:\/\/sancarlo.org\/wp-content\/uploads\/2025\/11\/20251009-Bogota-Festa-San-Carlo-19-dimensioni-grandi.jpeg 2x\"><source media=\"(min-width: 1024px)\" srcset=\"https:\/\/sancarlo.org\/wp-content\/uploads\/2025\/11\/20251009-Bogota-Festa-San-Carlo-19-dimensioni-grandi-1024x682.jpeg 1x, https:\/\/sancarlo.org\/wp-content\/uploads\/2025\/11\/20251009-Bogota-Festa-San-Carlo-19-dimensioni-grandi.jpeg 2x\"><source media=\"(min-width: 768px)\" srcset=\"https:\/\/sancarlo.org\/wp-content\/uploads\/2025\/11\/20251009-Bogota-Festa-San-Carlo-19-dimensioni-grandi-800x533.jpeg 1x, https:\/\/sancarlo.org\/wp-content\/uploads\/2025\/11\/20251009-Bogota-Festa-San-Carlo-19-dimensioni-grandi.jpeg 2x\"><source media=\"(min-width: 200px)\" srcset=\"https:\/\/sancarlo.org\/wp-content\/uploads\/2025\/11\/20251009-Bogota-Festa-San-Carlo-19-dimensioni-grandi-500x333.jpeg 1x, https:\/\/sancarlo.org\/wp-content\/uploads\/2025\/11\/20251009-Bogota-Festa-San-Carlo-19-dimensioni-grandi-1000x666.jpeg 2x\"><img decoding=\"async\" src=\"data:image\/gif;base64,R0lGODlhAQABAAAAACH5BAEKAAEALAAAAAABAAEAAAICTAEAOw==\" alt=\"\" \/><\/picture><\/figure><figure><picture><source media=\"(min-width: 1280px)\" srcset=\"https:\/\/sancarlo.org\/wp-content\/uploads\/2025\/11\/20251009-Bogota-Festa-San-Carlo-21-dimensioni-grandi.jpeg 1x, https:\/\/sancarlo.org\/wp-content\/uploads\/2025\/11\/20251009-Bogota-Festa-San-Carlo-21-dimensioni-grandi.jpeg 2x\"><source media=\"(min-width: 1024px)\" srcset=\"https:\/\/sancarlo.org\/wp-content\/uploads\/2025\/11\/20251009-Bogota-Festa-San-Carlo-21-dimensioni-grandi-1024x682.jpeg 1x, https:\/\/sancarlo.org\/wp-content\/uploads\/2025\/11\/20251009-Bogota-Festa-San-Carlo-21-dimensioni-grandi.jpeg 2x\"><source media=\"(min-width: 768px)\" srcset=\"https:\/\/sancarlo.org\/wp-content\/uploads\/2025\/11\/20251009-Bogota-Festa-San-Carlo-21-dimensioni-grandi-800x533.jpeg 1x, https:\/\/sancarlo.org\/wp-content\/uploads\/2025\/11\/20251009-Bogota-Festa-San-Carlo-21-dimensioni-grandi.jpeg 2x\"><source media=\"(min-width: 200px)\" srcset=\"https:\/\/sancarlo.org\/wp-content\/uploads\/2025\/11\/20251009-Bogota-Festa-San-Carlo-21-dimensioni-grandi-500x333.jpeg 1x, https:\/\/sancarlo.org\/wp-content\/uploads\/2025\/11\/20251009-Bogota-Festa-San-Carlo-21-dimensioni-grandi-1000x666.jpeg 2x\"><img decoding=\"async\" src=\"data:image\/gif;base64,R0lGODlhAQABAAAAACH5BAEKAAEALAAAAAABAAEAAAICTAEAOw==\" alt=\"\" \/><\/picture><\/figure><figure><picture><source media=\"(min-width: 1280px)\" srcset=\"https:\/\/sancarlo.org\/wp-content\/uploads\/2025\/11\/20251009-Bogota-Festa-San-Carlo-1-dimensioni-grandi.jpeg 1x, https:\/\/sancarlo.org\/wp-content\/uploads\/2025\/11\/20251009-Bogota-Festa-San-Carlo-1-dimensioni-grandi.jpeg 2x\"><source media=\"(min-width: 1024px)\" srcset=\"https:\/\/sancarlo.org\/wp-content\/uploads\/2025\/11\/20251009-Bogota-Festa-San-Carlo-1-dimensioni-grandi-1024x682.jpeg 1x, https:\/\/sancarlo.org\/wp-content\/uploads\/2025\/11\/20251009-Bogota-Festa-San-Carlo-1-dimensioni-grandi.jpeg 2x\"><source media=\"(min-width: 768px)\" srcset=\"https:\/\/sancarlo.org\/wp-content\/uploads\/2025\/11\/20251009-Bogota-Festa-San-Carlo-1-dimensioni-grandi-800x533.jpeg 1x, https:\/\/sancarlo.org\/wp-content\/uploads\/2025\/11\/20251009-Bogota-Festa-San-Carlo-1-dimensioni-grandi.jpeg 2x\"><source media=\"(min-width: 200px)\" srcset=\"https:\/\/sancarlo.org\/wp-content\/uploads\/2025\/11\/20251009-Bogota-Festa-San-Carlo-1-dimensioni-grandi-500x333.jpeg 1x, https:\/\/sancarlo.org\/wp-content\/uploads\/2025\/11\/20251009-Bogota-Festa-San-Carlo-1-dimensioni-grandi-1000x666.jpeg 2x\"><img decoding=\"async\" src=\"data:image\/gif;base64,R0lGODlhAQABAAAAACH5BAEKAAEALAAAAAABAAEAAAICTAEAOw==\" alt=\"\" \/><\/picture><\/figure><figure><picture><source media=\"(min-width: 1280px)\" srcset=\"https:\/\/sancarlo.org\/wp-content\/uploads\/2025\/11\/20251009-Bogota-Festa-San-Carlo-24-dimensioni-grandi.jpeg 1x, https:\/\/sancarlo.org\/wp-content\/uploads\/2025\/11\/20251009-Bogota-Festa-San-Carlo-24-dimensioni-grandi.jpeg 2x\"><source media=\"(min-width: 1024px)\" srcset=\"https:\/\/sancarlo.org\/wp-content\/uploads\/2025\/11\/20251009-Bogota-Festa-San-Carlo-24-dimensioni-grandi-1024x682.jpeg 1x, https:\/\/sancarlo.org\/wp-content\/uploads\/2025\/11\/20251009-Bogota-Festa-San-Carlo-24-dimensioni-grandi.jpeg 2x\"><source media=\"(min-width: 768px)\" srcset=\"https:\/\/sancarlo.org\/wp-content\/uploads\/2025\/11\/20251009-Bogota-Festa-San-Carlo-24-dimensioni-grandi-800x533.jpeg 1x, https:\/\/sancarlo.org\/wp-content\/uploads\/2025\/11\/20251009-Bogota-Festa-San-Carlo-24-dimensioni-grandi.jpeg 2x\"><source media=\"(min-width: 200px)\" srcset=\"https:\/\/sancarlo.org\/wp-content\/uploads\/2025\/11\/20251009-Bogota-Festa-San-Carlo-24-dimensioni-grandi-500x333.jpeg 1x, https:\/\/sancarlo.org\/wp-content\/uploads\/2025\/11\/20251009-Bogota-Festa-San-Carlo-24-dimensioni-grandi-1000x666.jpeg 2x\"><img decoding=\"async\" src=\"data:image\/gif;base64,R0lGODlhAQABAAAAACH5BAEKAAEALAAAAAABAAEAAAICTAEAOw==\" alt=\"\" \/><\/picture><\/figure><figure><picture><source media=\"(min-width: 1280px)\" srcset=\"https:\/\/sancarlo.org\/wp-content\/uploads\/2025\/11\/20251009-Bogota-Festa-San-Carlo-31-dimensioni-grandi.jpeg 1x, https:\/\/sancarlo.org\/wp-content\/uploads\/2025\/11\/20251009-Bogota-Festa-San-Carlo-31-dimensioni-grandi.jpeg 2x\"><source media=\"(min-width: 1024px)\" srcset=\"https:\/\/sancarlo.org\/wp-content\/uploads\/2025\/11\/20251009-Bogota-Festa-San-Carlo-31-dimensioni-grandi-1024x682.jpeg 1x, https:\/\/sancarlo.org\/wp-content\/uploads\/2025\/11\/20251009-Bogota-Festa-San-Carlo-31-dimensioni-grandi.jpeg 2x\"><source media=\"(min-width: 768px)\" srcset=\"https:\/\/sancarlo.org\/wp-content\/uploads\/2025\/11\/20251009-Bogota-Festa-San-Carlo-31-dimensioni-grandi-800x533.jpeg 1x, https:\/\/sancarlo.org\/wp-content\/uploads\/2025\/11\/20251009-Bogota-Festa-San-Carlo-31-dimensioni-grandi.jpeg 2x\"><source media=\"(min-width: 200px)\" srcset=\"https:\/\/sancarlo.org\/wp-content\/uploads\/2025\/11\/20251009-Bogota-Festa-San-Carlo-31-dimensioni-grandi-500x333.jpeg 1x, https:\/\/sancarlo.org\/wp-content\/uploads\/2025\/11\/20251009-Bogota-Festa-San-Carlo-31-dimensioni-grandi-1000x666.jpeg 2x\"><img decoding=\"async\" src=\"data:image\/gif;base64,R0lGODlhAQABAAAAACH5BAEKAAEALAAAAAABAAEAAAICTAEAOw==\" alt=\"\" \/><\/picture><\/figure><figure><picture><source media=\"(min-width: 1280px)\" srcset=\"https:\/\/sancarlo.org\/wp-content\/uploads\/2025\/11\/20251009-Bogota-Festa-San-Carlo-29-dimensioni-grandi.jpeg 1x, https:\/\/sancarlo.org\/wp-content\/uploads\/2025\/11\/20251009-Bogota-Festa-San-Carlo-29-dimensioni-grandi.jpeg 2x\"><source media=\"(min-width: 1024px)\" srcset=\"https:\/\/sancarlo.org\/wp-content\/uploads\/2025\/11\/20251009-Bogota-Festa-San-Carlo-29-dimensioni-grandi-1024x690.jpeg 1x, https:\/\/sancarlo.org\/wp-content\/uploads\/2025\/11\/20251009-Bogota-Festa-San-Carlo-29-dimensioni-grandi.jpeg 2x\"><source media=\"(min-width: 768px)\" srcset=\"https:\/\/sancarlo.org\/wp-content\/uploads\/2025\/11\/20251009-Bogota-Festa-San-Carlo-29-dimensioni-grandi-800x539.jpeg 1x, https:\/\/sancarlo.org\/wp-content\/uploads\/2025\/11\/20251009-Bogota-Festa-San-Carlo-29-dimensioni-grandi.jpeg 2x\"><source media=\"(min-width: 200px)\" srcset=\"https:\/\/sancarlo.org\/wp-content\/uploads\/2025\/11\/20251009-Bogota-Festa-San-Carlo-29-dimensioni-grandi-500x337.jpeg 1x, https:\/\/sancarlo.org\/wp-content\/uploads\/2025\/11\/20251009-Bogota-Festa-San-Carlo-29-dimensioni-grandi-1000x673.jpeg 2x\"><img decoding=\"async\" src=\"data:image\/gif;base64,R0lGODlhAQABAAAAACH5BAEKAAEALAAAAAABAAEAAAICTAEAOw==\" alt=\"\" \/><\/picture><\/figure><figure><picture><source media=\"(min-width: 1280px)\" srcset=\"https:\/\/sancarlo.org\/wp-content\/uploads\/2025\/11\/20251009-Bogota-Festa-San-Carlo-35-dimensioni-grandi.jpeg 1x, https:\/\/sancarlo.org\/wp-content\/uploads\/2025\/11\/20251009-Bogota-Festa-San-Carlo-35-dimensioni-grandi.jpeg 2x\"><source media=\"(min-width: 1024px)\" srcset=\"https:\/\/sancarlo.org\/wp-content\/uploads\/2025\/11\/20251009-Bogota-Festa-San-Carlo-35-dimensioni-grandi-1024x682.jpeg 1x, https:\/\/sancarlo.org\/wp-content\/uploads\/2025\/11\/20251009-Bogota-Festa-San-Carlo-35-dimensioni-grandi.jpeg 2x\"><source media=\"(min-width: 768px)\" srcset=\"https:\/\/sancarlo.org\/wp-content\/uploads\/2025\/11\/20251009-Bogota-Festa-San-Carlo-35-dimensioni-grandi-800x533.jpeg 1x, https:\/\/sancarlo.org\/wp-content\/uploads\/2025\/11\/20251009-Bogota-Festa-San-Carlo-35-dimensioni-grandi.jpeg 2x\"><source media=\"(min-width: 200px)\" srcset=\"https:\/\/sancarlo.org\/wp-content\/uploads\/2025\/11\/20251009-Bogota-Festa-San-Carlo-35-dimensioni-grandi-500x333.jpeg 1x, https:\/\/sancarlo.org\/wp-content\/uploads\/2025\/11\/20251009-Bogota-Festa-San-Carlo-35-dimensioni-grandi-1000x666.jpeg 2x\"><img decoding=\"async\" src=\"data:image\/gif;base64,R0lGODlhAQABAAAAACH5BAEKAAEALAAAAAABAAEAAAICTAEAOw==\" alt=\"\" \/><\/picture><\/figure><figure><picture><source media=\"(min-width: 1280px)\" srcset=\"https:\/\/sancarlo.org\/wp-content\/uploads\/2025\/11\/20251009-Bogota-Festa-San-Carlo-90-dimensioni-grandi.jpeg 1x, https:\/\/sancarlo.org\/wp-content\/uploads\/2025\/11\/20251009-Bogota-Festa-San-Carlo-90-dimensioni-grandi.jpeg 2x\"><source media=\"(min-width: 1024px)\" srcset=\"https:\/\/sancarlo.org\/wp-content\/uploads\/2025\/11\/20251009-Bogota-Festa-San-Carlo-90-dimensioni-grandi-1024x626.jpeg 1x, https:\/\/sancarlo.org\/wp-content\/uploads\/2025\/11\/20251009-Bogota-Festa-San-Carlo-90-dimensioni-grandi.jpeg 2x\"><source media=\"(min-width: 768px)\" srcset=\"https:\/\/sancarlo.org\/wp-content\/uploads\/2025\/11\/20251009-Bogota-Festa-San-Carlo-90-dimensioni-grandi-800x489.jpeg 1x, https:\/\/sancarlo.org\/wp-content\/uploads\/2025\/11\/20251009-Bogota-Festa-San-Carlo-90-dimensioni-grandi.jpeg 2x\"><source media=\"(min-width: 200px)\" srcset=\"https:\/\/sancarlo.org\/wp-content\/uploads\/2025\/11\/20251009-Bogota-Festa-San-Carlo-90-dimensioni-grandi-500x306.jpeg 1x, https:\/\/sancarlo.org\/wp-content\/uploads\/2025\/11\/20251009-Bogota-Festa-San-Carlo-90-dimensioni-grandi-1000x612.jpeg 2x\"><img decoding=\"async\" src=\"data:image\/gif;base64,R0lGODlhAQABAAAAACH5BAEKAAEALAAAAAABAAEAAAICTAEAOw==\" alt=\"\" \/><\/picture><\/figure><figure><picture><source media=\"(min-width: 1280px)\" srcset=\"https:\/\/sancarlo.org\/wp-content\/uploads\/2025\/11\/20251009-Bogota-Festa-San-Carlo-33-dimensioni-grandi.jpeg 1x, https:\/\/sancarlo.org\/wp-content\/uploads\/2025\/11\/20251009-Bogota-Festa-San-Carlo-33-dimensioni-grandi.jpeg 2x\"><source media=\"(min-width: 1024px)\" srcset=\"https:\/\/sancarlo.org\/wp-content\/uploads\/2025\/11\/20251009-Bogota-Festa-San-Carlo-33-dimensioni-grandi-1024x682.jpeg 1x, https:\/\/sancarlo.org\/wp-content\/uploads\/2025\/11\/20251009-Bogota-Festa-San-Carlo-33-dimensioni-grandi.jpeg 2x\"><source media=\"(min-width: 768px)\" srcset=\"https:\/\/sancarlo.org\/wp-content\/uploads\/2025\/11\/20251009-Bogota-Festa-San-Carlo-33-dimensioni-grandi-800x533.jpeg 1x, https:\/\/sancarlo.org\/wp-content\/uploads\/2025\/11\/20251009-Bogota-Festa-San-Carlo-33-dimensioni-grandi.jpeg 2x\"><source media=\"(min-width: 200px)\" srcset=\"https:\/\/sancarlo.org\/wp-content\/uploads\/2025\/11\/20251009-Bogota-Festa-San-Carlo-33-dimensioni-grandi-500x333.jpeg 1x, https:\/\/sancarlo.org\/wp-content\/uploads\/2025\/11\/20251009-Bogota-Festa-San-Carlo-33-dimensioni-grandi-1000x666.jpeg 2x\"><img decoding=\"async\" src=\"data:image\/gif;base64,R0lGODlhAQABAAAAACH5BAEKAAEALAAAAAABAAEAAAICTAEAOw==\" alt=\"\" \/><\/picture><\/figure><figure><picture><source media=\"(min-width: 1280px)\" srcset=\"https:\/\/sancarlo.org\/wp-content\/uploads\/2025\/11\/20251009-Bogota-Festa-San-Carlo-43-dimensioni-grandi.jpeg 1x, https:\/\/sancarlo.org\/wp-content\/uploads\/2025\/11\/20251009-Bogota-Festa-San-Carlo-43-dimensioni-grandi.jpeg 2x\"><source media=\"(min-width: 1024px)\" srcset=\"https:\/\/sancarlo.org\/wp-content\/uploads\/2025\/11\/20251009-Bogota-Festa-San-Carlo-43-dimensioni-grandi-1024x682.jpeg 1x, https:\/\/sancarlo.org\/wp-content\/uploads\/2025\/11\/20251009-Bogota-Festa-San-Carlo-43-dimensioni-grandi.jpeg 2x\"><source media=\"(min-width: 768px)\" srcset=\"https:\/\/sancarlo.org\/wp-content\/uploads\/2025\/11\/20251009-Bogota-Festa-San-Carlo-43-dimensioni-grandi-800x533.jpeg 1x, https:\/\/sancarlo.org\/wp-content\/uploads\/2025\/11\/20251009-Bogota-Festa-San-Carlo-43-dimensioni-grandi.jpeg 2x\"><source media=\"(min-width: 200px)\" srcset=\"https:\/\/sancarlo.org\/wp-content\/uploads\/2025\/11\/20251009-Bogota-Festa-San-Carlo-43-dimensioni-grandi-500x333.jpeg 1x, https:\/\/sancarlo.org\/wp-content\/uploads\/2025\/11\/20251009-Bogota-Festa-San-Carlo-43-dimensioni-grandi-1000x666.jpeg 2x\"><img decoding=\"async\" src=\"data:image\/gif;base64,R0lGODlhAQABAAAAACH5BAEKAAEALAAAAAABAAEAAAICTAEAOw==\" alt=\"\" \/><\/picture><\/figure><figure><picture><source media=\"(min-width: 1280px)\" srcset=\"https:\/\/sancarlo.org\/wp-content\/uploads\/2025\/11\/20251009-Bogota-Festa-San-Carlo-46-dimensioni-grandi.jpeg 1x, https:\/\/sancarlo.org\/wp-content\/uploads\/2025\/11\/20251009-Bogota-Festa-San-Carlo-46-dimensioni-grandi.jpeg 2x\"><source media=\"(min-width: 1024px)\" srcset=\"https:\/\/sancarlo.org\/wp-content\/uploads\/2025\/11\/20251009-Bogota-Festa-San-Carlo-46-dimensioni-grandi-1024x682.jpeg 1x, https:\/\/sancarlo.org\/wp-content\/uploads\/2025\/11\/20251009-Bogota-Festa-San-Carlo-46-dimensioni-grandi.jpeg 2x\"><source media=\"(min-width: 768px)\" srcset=\"https:\/\/sancarlo.org\/wp-content\/uploads\/2025\/11\/20251009-Bogota-Festa-San-Carlo-46-dimensioni-grandi-800x533.jpeg 1x, https:\/\/sancarlo.org\/wp-content\/uploads\/2025\/11\/20251009-Bogota-Festa-San-Carlo-46-dimensioni-grandi.jpeg 2x\"><source media=\"(min-width: 200px)\" srcset=\"https:\/\/sancarlo.org\/wp-content\/uploads\/2025\/11\/20251009-Bogota-Festa-San-Carlo-46-dimensioni-grandi-500x333.jpeg 1x, https:\/\/sancarlo.org\/wp-content\/uploads\/2025\/11\/20251009-Bogota-Festa-San-Carlo-46-dimensioni-grandi-1000x666.jpeg 2x\"><img decoding=\"async\" src=\"data:image\/gif;base64,R0lGODlhAQABAAAAACH5BAEKAAEALAAAAAABAAEAAAICTAEAOw==\" alt=\"\" \/><\/picture><\/figure><figure><picture><source media=\"(min-width: 1280px)\" srcset=\"https:\/\/sancarlo.org\/wp-content\/uploads\/2025\/11\/20251009-Bogota-Festa-San-Carlo-48-dimensioni-grandi.jpeg 1x, https:\/\/sancarlo.org\/wp-content\/uploads\/2025\/11\/20251009-Bogota-Festa-San-Carlo-48-dimensioni-grandi.jpeg 2x\"><source media=\"(min-width: 1024px)\" srcset=\"https:\/\/sancarlo.org\/wp-content\/uploads\/2025\/11\/20251009-Bogota-Festa-San-Carlo-48-dimensioni-grandi-1024x682.jpeg 1x, https:\/\/sancarlo.org\/wp-content\/uploads\/2025\/11\/20251009-Bogota-Festa-San-Carlo-48-dimensioni-grandi.jpeg 2x\"><source media=\"(min-width: 768px)\" srcset=\"https:\/\/sancarlo.org\/wp-content\/uploads\/2025\/11\/20251009-Bogota-Festa-San-Carlo-48-dimensioni-grandi-800x533.jpeg 1x, https:\/\/sancarlo.org\/wp-content\/uploads\/2025\/11\/20251009-Bogota-Festa-San-Carlo-48-dimensioni-grandi.jpeg 2x\"><source media=\"(min-width: 200px)\" srcset=\"https:\/\/sancarlo.org\/wp-content\/uploads\/2025\/11\/20251009-Bogota-Festa-San-Carlo-48-dimensioni-grandi-500x333.jpeg 1x, https:\/\/sancarlo.org\/wp-content\/uploads\/2025\/11\/20251009-Bogota-Festa-San-Carlo-48-dimensioni-grandi-1000x666.jpeg 2x\"><img decoding=\"async\" src=\"data:image\/gif;base64,R0lGODlhAQABAAAAACH5BAEKAAEALAAAAAABAAEAAAICTAEAOw==\" alt=\"\" \/><\/picture><\/figure><figure><picture><source media=\"(min-width: 1280px)\" srcset=\"https:\/\/sancarlo.org\/wp-content\/uploads\/2025\/11\/20251009-Bogota-Festa-San-Carlo-51-dimensioni-grandi.jpeg 1x, https:\/\/sancarlo.org\/wp-content\/uploads\/2025\/11\/20251009-Bogota-Festa-San-Carlo-51-dimensioni-grandi.jpeg 2x\"><source media=\"(min-width: 1024px)\" srcset=\"https:\/\/sancarlo.org\/wp-content\/uploads\/2025\/11\/20251009-Bogota-Festa-San-Carlo-51-dimensioni-grandi-1024x617.jpeg 1x, https:\/\/sancarlo.org\/wp-content\/uploads\/2025\/11\/20251009-Bogota-Festa-San-Carlo-51-dimensioni-grandi.jpeg 2x\"><source media=\"(min-width: 768px)\" srcset=\"https:\/\/sancarlo.org\/wp-content\/uploads\/2025\/11\/20251009-Bogota-Festa-San-Carlo-51-dimensioni-grandi-800x482.jpeg 1x, https:\/\/sancarlo.org\/wp-content\/uploads\/2025\/11\/20251009-Bogota-Festa-San-Carlo-51-dimensioni-grandi.jpeg 2x\"><source media=\"(min-width: 200px)\" srcset=\"https:\/\/sancarlo.org\/wp-content\/uploads\/2025\/11\/20251009-Bogota-Festa-San-Carlo-51-dimensioni-grandi-500x301.jpeg 1x, https:\/\/sancarlo.org\/wp-content\/uploads\/2025\/11\/20251009-Bogota-Festa-San-Carlo-51-dimensioni-grandi-1000x602.jpeg 2x\"><img decoding=\"async\" src=\"data:image\/gif;base64,R0lGODlhAQABAAAAACH5BAEKAAEALAAAAAABAAEAAAICTAEAOw==\" alt=\"\" \/><\/picture><\/figure><figure><picture><source media=\"(min-width: 1280px)\" srcset=\"https:\/\/sancarlo.org\/wp-content\/uploads\/2025\/11\/20251009-Bogota-Festa-San-Carlo-68-dimensioni-grandi.jpeg 1x, https:\/\/sancarlo.org\/wp-content\/uploads\/2025\/11\/20251009-Bogota-Festa-San-Carlo-68-dimensioni-grandi.jpeg 2x\"><source media=\"(min-width: 1024px)\" srcset=\"https:\/\/sancarlo.org\/wp-content\/uploads\/2025\/11\/20251009-Bogota-Festa-San-Carlo-68-dimensioni-grandi-1024x682.jpeg 1x, https:\/\/sancarlo.org\/wp-content\/uploads\/2025\/11\/20251009-Bogota-Festa-San-Carlo-68-dimensioni-grandi.jpeg 2x\"><source media=\"(min-width: 768px)\" srcset=\"https:\/\/sancarlo.org\/wp-content\/uploads\/2025\/11\/20251009-Bogota-Festa-San-Carlo-68-dimensioni-grandi-800x533.jpeg 1x, https:\/\/sancarlo.org\/wp-content\/uploads\/2025\/11\/20251009-Bogota-Festa-San-Carlo-68-dimensioni-grandi.jpeg 2x\"><source media=\"(min-width: 200px)\" srcset=\"https:\/\/sancarlo.org\/wp-content\/uploads\/2025\/11\/20251009-Bogota-Festa-San-Carlo-68-dimensioni-grandi-500x333.jpeg 1x, https:\/\/sancarlo.org\/wp-content\/uploads\/2025\/11\/20251009-Bogota-Festa-San-Carlo-68-dimensioni-grandi-1000x666.jpeg 2x\"><img decoding=\"async\" src=\"data:image\/gif;base64,R0lGODlhAQABAAAAACH5BAEKAAEALAAAAAABAAEAAAICTAEAOw==\" alt=\"\" \/><\/picture><\/figure><figure><picture><source media=\"(min-width: 1280px)\" srcset=\"https:\/\/sancarlo.org\/wp-content\/uploads\/2025\/11\/20251009-Bogota-Festa-San-Carlo-56-dimensioni-grandi.jpeg 1x, https:\/\/sancarlo.org\/wp-content\/uploads\/2025\/11\/20251009-Bogota-Festa-San-Carlo-56-dimensioni-grandi.jpeg 2x\"><source media=\"(min-width: 1024px)\" srcset=\"https:\/\/sancarlo.org\/wp-content\/uploads\/2025\/11\/20251009-Bogota-Festa-San-Carlo-56-dimensioni-grandi-1024x560.jpeg 1x, https:\/\/sancarlo.org\/wp-content\/uploads\/2025\/11\/20251009-Bogota-Festa-San-Carlo-56-dimensioni-grandi.jpeg 2x\"><source media=\"(min-width: 768px)\" srcset=\"https:\/\/sancarlo.org\/wp-content\/uploads\/2025\/11\/20251009-Bogota-Festa-San-Carlo-56-dimensioni-grandi-800x438.jpeg 1x, https:\/\/sancarlo.org\/wp-content\/uploads\/2025\/11\/20251009-Bogota-Festa-San-Carlo-56-dimensioni-grandi.jpeg 2x\"><source media=\"(min-width: 200px)\" srcset=\"https:\/\/sancarlo.org\/wp-content\/uploads\/2025\/11\/20251009-Bogota-Festa-San-Carlo-56-dimensioni-grandi-500x273.jpeg 1x, https:\/\/sancarlo.org\/wp-content\/uploads\/2025\/11\/20251009-Bogota-Festa-San-Carlo-56-dimensioni-grandi-1000x547.jpeg 2x\"><img decoding=\"async\" src=\"data:image\/gif;base64,R0lGODlhAQABAAAAACH5BAEKAAEALAAAAAABAAEAAAICTAEAOw==\" alt=\"\" \/><\/picture><\/figure><figure><picture><source media=\"(min-width: 1280px)\" srcset=\"https:\/\/sancarlo.org\/wp-content\/uploads\/2025\/11\/20251009-Bogota-Festa-San-Carlo-84-dimensioni-grandi.jpeg 1x, https:\/\/sancarlo.org\/wp-content\/uploads\/2025\/11\/20251009-Bogota-Festa-San-Carlo-84-dimensioni-grandi.jpeg 2x\"><source media=\"(min-width: 1024px)\" srcset=\"https:\/\/sancarlo.org\/wp-content\/uploads\/2025\/11\/20251009-Bogota-Festa-San-Carlo-84-dimensioni-grandi-1024x605.jpeg 1x, https:\/\/sancarlo.org\/wp-content\/uploads\/2025\/11\/20251009-Bogota-Festa-San-Carlo-84-dimensioni-grandi.jpeg 2x\"><source media=\"(min-width: 768px)\" srcset=\"https:\/\/sancarlo.org\/wp-content\/uploads\/2025\/11\/20251009-Bogota-Festa-San-Carlo-84-dimensioni-grandi-800x473.jpeg 1x, https:\/\/sancarlo.org\/wp-content\/uploads\/2025\/11\/20251009-Bogota-Festa-San-Carlo-84-dimensioni-grandi.jpeg 2x\"><source media=\"(min-width: 200px)\" srcset=\"https:\/\/sancarlo.org\/wp-content\/uploads\/2025\/11\/20251009-Bogota-Festa-San-Carlo-84-dimensioni-grandi-500x295.jpeg 1x, https:\/\/sancarlo.org\/wp-content\/uploads\/2025\/11\/20251009-Bogota-Festa-San-Carlo-84-dimensioni-grandi-1000x591.jpeg 2x\"><img decoding=\"async\" src=\"data:image\/gif;base64,R0lGODlhAQABAAAAACH5BAEKAAEALAAAAAABAAEAAAICTAEAOw==\" alt=\"\" \/><\/picture><\/figure><figure><picture><source media=\"(min-width: 1280px)\" srcset=\"https:\/\/sancarlo.org\/wp-content\/uploads\/2025\/11\/20251009-Bogota-Festa-San-Carlo-77-dimensioni-grandi.jpeg 1x, https:\/\/sancarlo.org\/wp-content\/uploads\/2025\/11\/20251009-Bogota-Festa-San-Carlo-77-dimensioni-grandi.jpeg 2x\"><source media=\"(min-width: 1024px)\" srcset=\"https:\/\/sancarlo.org\/wp-content\/uploads\/2025\/11\/20251009-Bogota-Festa-San-Carlo-77-dimensioni-grandi-1024x682.jpeg 1x, https:\/\/sancarlo.org\/wp-content\/uploads\/2025\/11\/20251009-Bogota-Festa-San-Carlo-77-dimensioni-grandi.jpeg 2x\"><source media=\"(min-width: 768px)\" srcset=\"https:\/\/sancarlo.org\/wp-content\/uploads\/2025\/11\/20251009-Bogota-Festa-San-Carlo-77-dimensioni-grandi-800x533.jpeg 1x, https:\/\/sancarlo.org\/wp-content\/uploads\/2025\/11\/20251009-Bogota-Festa-San-Carlo-77-dimensioni-grandi.jpeg 2x\"><source media=\"(min-width: 200px)\" srcset=\"https:\/\/sancarlo.org\/wp-content\/uploads\/2025\/11\/20251009-Bogota-Festa-San-Carlo-77-dimensioni-grandi-500x333.jpeg 1x, https:\/\/sancarlo.org\/wp-content\/uploads\/2025\/11\/20251009-Bogota-Festa-San-Carlo-77-dimensioni-grandi-1000x666.jpeg 2x\"><img decoding=\"async\" src=\"data:image\/gif;base64,R0lGODlhAQABAAAAACH5BAEKAAEALAAAAAABAAEAAAICTAEAOw==\" alt=\"\" \/><\/picture><\/figure><figure><picture><source media=\"(min-width: 1280px)\" srcset=\"https:\/\/sancarlo.org\/wp-content\/uploads\/2025\/11\/20251009-Bogota-Festa-San-Carlo-80-dimensioni-grandi.jpeg 1x, https:\/\/sancarlo.org\/wp-content\/uploads\/2025\/11\/20251009-Bogota-Festa-San-Carlo-80-dimensioni-grandi.jpeg 2x\"><source media=\"(min-width: 1024px)\" srcset=\"https:\/\/sancarlo.org\/wp-content\/uploads\/2025\/11\/20251009-Bogota-Festa-San-Carlo-80-dimensioni-grandi-1024x678.jpeg 1x, https:\/\/sancarlo.org\/wp-content\/uploads\/2025\/11\/20251009-Bogota-Festa-San-Carlo-80-dimensioni-grandi.jpeg 2x\"><source media=\"(min-width: 768px)\" srcset=\"https:\/\/sancarlo.org\/wp-content\/uploads\/2025\/11\/20251009-Bogota-Festa-San-Carlo-80-dimensioni-grandi-800x529.jpeg 1x, https:\/\/sancarlo.org\/wp-content\/uploads\/2025\/11\/20251009-Bogota-Festa-San-Carlo-80-dimensioni-grandi.jpeg 2x\"><source media=\"(min-width: 200px)\" srcset=\"https:\/\/sancarlo.org\/wp-content\/uploads\/2025\/11\/20251009-Bogota-Festa-San-Carlo-80-dimensioni-grandi-500x331.jpeg 1x, https:\/\/sancarlo.org\/wp-content\/uploads\/2025\/11\/20251009-Bogota-Festa-San-Carlo-80-dimensioni-grandi-1000x662.jpeg 2x\"><img decoding=\"async\" src=\"data:image\/gif;base64,R0lGODlhAQABAAAAACH5BAEKAAEALAAAAAABAAEAAAICTAEAOw==\" alt=\"\" \/><\/picture><\/figure><figure><picture><source media=\"(min-width: 1280px)\" srcset=\"https:\/\/sancarlo.org\/wp-content\/uploads\/2025\/11\/20251009-Bogota-Festa-San-Carlo-88-dimensioni-grandi.jpeg 1x, https:\/\/sancarlo.org\/wp-content\/uploads\/2025\/11\/20251009-Bogota-Festa-San-Carlo-88-dimensioni-grandi.jpeg 2x\"><source media=\"(min-width: 1024px)\" srcset=\"https:\/\/sancarlo.org\/wp-content\/uploads\/2025\/11\/20251009-Bogota-Festa-San-Carlo-88-dimensioni-grandi-1024x682.jpeg 1x, https:\/\/sancarlo.org\/wp-content\/uploads\/2025\/11\/20251009-Bogota-Festa-San-Carlo-88-dimensioni-grandi.jpeg 2x\"><source media=\"(min-width: 768px)\" srcset=\"https:\/\/sancarlo.org\/wp-content\/uploads\/2025\/11\/20251009-Bogota-Festa-San-Carlo-88-dimensioni-grandi-800x533.jpeg 1x, https:\/\/sancarlo.org\/wp-content\/uploads\/2025\/11\/20251009-Bogota-Festa-San-Carlo-88-dimensioni-grandi.jpeg 2x\"><source media=\"(min-width: 200px)\" srcset=\"https:\/\/sancarlo.org\/wp-content\/uploads\/2025\/11\/20251009-Bogota-Festa-San-Carlo-88-dimensioni-grandi-500x333.jpeg 1x, https:\/\/sancarlo.org\/wp-content\/uploads\/2025\/11\/20251009-Bogota-Festa-San-Carlo-88-dimensioni-grandi-1000x666.jpeg 2x\"><img decoding=\"async\" src=\"data:image\/gif;base64,R0lGODlhAQABAAAAACH5BAEKAAEALAAAAAABAAEAAAICTAEAOw==\" alt=\"\" \/><\/picture><\/figure><\/div><\/div><\/div><\/div><\/div>\n<\/div><\/div><\/div>","protected":false},"excerpt":{"rendered":"<p>En la capital colombiana, fiesta de celebraci\u00f3n de los 40 a\u00f1os de la Fraternidad San Carlos.<\/p>\n","protected":false},"author":1,"featured_media":14756,"comment_status":"closed","ping_status":"closed","sticky":false,"template":"","format":"standard","meta":{"_acf_changed":false,"inline_featured_image":false,"slim_seo":{"title":"40\u00ba Aniversario en Las Aguas - Fraternidad San Carlos","description":"En la capital colombiana, fiesta de celebraci\u00f3n de los 40 a\u00f1os de la Fraternidad San Carlos."},"footnotes":""},"categories":[373],"tags":[757,1016,697],"writers":[],"regions":[1246],"cities":[395],"class_list":["post-15085","post","type-post","status-publish","format-standard","has-post-thumbnail","hentry","category-eventos","tag-anniversario-es","tag-comunita-es","tag-festa-es","regions-america-del-sur","cities-bogota-es"],"acf":[],"_links":{"self":[{"href":"https:\/\/sancarlo.org\/es\/wp-json\/wp\/v2\/posts\/15085","targetHints":{"allow":["GET"]}}],"collection":[{"href":"https:\/\/sancarlo.org\/es\/wp-json\/wp\/v2\/posts"}],"about":[{"href":"https:\/\/sancarlo.org\/es\/wp-json\/wp\/v2\/types\/post"}],"author":[{"embeddable":true,"href":"https:\/\/sancarlo.org\/es\/wp-json\/wp\/v2\/users\/1"}],"replies":[{"embeddable":true,"href":"https:\/\/sancarlo.org\/es\/wp-json\/wp\/v2\/comments?post=15085"}],"version-history":[{"count":1,"href":"https:\/\/sancarlo.org\/es\/wp-json\/wp\/v2\/posts\/15085\/revisions"}],"predecessor-version":[{"id":15086,"href":"https:\/\/sancarlo.org\/es\/wp-json\/wp\/v2\/posts\/15085\/revisions\/15086"}],"wp:featuredmedia":[{"embeddable":true,"href":"https:\/\/sancarlo.org\/es\/wp-json\/wp\/v2\/media\/14756"}],"wp:attachment":[{"href":"https:\/\/sancarlo.org\/es\/wp-json\/wp\/v2\/media?parent=15085"}],"wp:term":[{"taxonomy":"category","embeddable":true,"href":"https:\/\/sancarlo.org\/es\/wp-json\/wp\/v2\/categories?post=15085"},{"taxonomy":"post_tag","embeddable":true,"href":"https:\/\/sancarlo.org\/es\/wp-json\/wp\/v2\/tags?post=15085"},{"taxonomy":"writers","embeddable":true,"href":"https:\/\/sancarlo.org\/es\/wp-json\/wp\/v2\/writers?post=15085"},{"taxonomy":"regions","embeddable":true,"href":"https:\/\/sancarlo.org\/es\/wp-json\/wp\/v2\/regions?post=15085"},{"taxonomy":"cities","embeddable":true,"href":"https:\/\/sancarlo.org\/es\/wp-json\/wp\/v2\/cities?post=15085"}],"curies":[{"name":"wp","href":"https:\/\/api.w.org\/{rel}","templated":true}]}}