{"id":15502,"date":"2025-12-22T15:13:23","date_gmt":"2025-12-22T14:13:23","guid":{"rendered":"https:\/\/sancarlo.org\/?p=15502"},"modified":"2026-02-04T16:38:12","modified_gmt":"2026-02-04T15:38:12","slug":"peregrinacion-jubilar-en-ciudad-de-sol","status":"publish","type":"post","link":"https:\/\/sancarlo.org\/es\/peregrinacion-jubilar-en-ciudad-de-sol\/","title":{"rendered":"Peregrinaci\u00f3n jubilar en Ciudad de Sol"},"content":{"rendered":"\n<p>La iglesia Madre Admirable de Ciudad del Sol es la \u00faltima de las siete capillas que componen la parroquia de Puente Alto en Santiago de Chile. Terminada en 2024, ha sido desde entonces confiada a la Fraternidad San Carlo, al igual que el resto de la parroquia, que abarca a m\u00e1s de 80.000 habitantes. Por decisi\u00f3n del arzobispo, la capilla Madre Admirable fue nombrada iglesia jubilar y, por lo tanto, destino de peregrinaciones durante todo el a\u00f1o. El 23 de noviembre se organiz\u00f3 una peregrinaci\u00f3n jubilar dirigida a toda la parroquia de Puente Alto. Estas son las fotos de la peregrinaci\u00f3n.<\/p>\n\n\n<div class=\"wp-block-gallery wp-block-gallery--fnztema gallery\"><div class=\"gallery-inner\"><button class=\"gallery-thumb\" aria-haspopup=\"dialog\" data-modal-trigger=\"modal-bb0a0e0d-01ad-46c3-a5e6-e1f754a4f2ff\" data-modal-triggerinfo='{\"position\": 0}' data-index=\"0\" aria-label=\"Abrir galer\u00eda desde la imagen 1\"><picture><source media=\"(min-width: 200px)\" srcset=\"https:\/\/sancarlo.org\/wp-content\/uploads\/2025\/12\/20251123-Santiago-del-Cile-Pellegrinaggio-Giubilare-Madre-Admirable-1-dimensioni-grandi-400x300.jpeg 1x, https:\/\/sancarlo.org\/wp-content\/uploads\/2025\/12\/20251123-Santiago-del-Cile-Pellegrinaggio-Giubilare-Madre-Admirable-1-dimensioni-grandi-800x600.jpeg 2x\"><img decoding=\"async\" src=\"data:image\/gif;base64,R0lGODlhAQABAAAAACH5BAEKAAEALAAAAAABAAEAAAICTAEAOw==\" alt=\"\" class=\"gallery-thumb-image\" aria-hidden=\"true\"><\/picture><\/button><button class=\"gallery-thumb\" aria-haspopup=\"dialog\" data-modal-trigger=\"modal-bb0a0e0d-01ad-46c3-a5e6-e1f754a4f2ff\" data-modal-triggerinfo='{\"position\": 1}' data-index=\"1\" aria-label=\"Abrir galer\u00eda desde la imagen 2\"><picture><source media=\"(min-width: 200px)\" srcset=\"https:\/\/sancarlo.org\/wp-content\/uploads\/2025\/12\/20251123-Santiago-del-Cile-Pellegrinaggio-Giubilare-Madre-Admirable-11-dimensioni-grandi-400x300.jpeg 1x, https:\/\/sancarlo.org\/wp-content\/uploads\/2025\/12\/20251123-Santiago-del-Cile-Pellegrinaggio-Giubilare-Madre-Admirable-11-dimensioni-grandi-800x600.jpeg 2x\"><img decoding=\"async\" src=\"data:image\/gif;base64,R0lGODlhAQABAAAAACH5BAEKAAEALAAAAAABAAEAAAICTAEAOw==\" alt=\"\" class=\"gallery-thumb-image\" aria-hidden=\"true\"><\/picture><\/button><button class=\"gallery-thumb\" aria-haspopup=\"dialog\" data-modal-trigger=\"modal-bb0a0e0d-01ad-46c3-a5e6-e1f754a4f2ff\" data-modal-triggerinfo='{\"position\": 2}' data-index=\"2\" aria-label=\"Abrir galer\u00eda desde la imagen 3\"><picture><source media=\"(min-width: 200px)\" srcset=\"https:\/\/sancarlo.org\/wp-content\/uploads\/2025\/12\/20251123-Santiago-del-Cile-Pellegrinaggio-Giubilare-Madre-Admirable-39-dimensioni-grandi-400x300.jpeg 1x, https:\/\/sancarlo.org\/wp-content\/uploads\/2025\/12\/20251123-Santiago-del-Cile-Pellegrinaggio-Giubilare-Madre-Admirable-39-dimensioni-grandi-800x600.jpeg 2x\"><img decoding=\"async\" src=\"data:image\/gif;base64,R0lGODlhAQABAAAAACH5BAEKAAEALAAAAAABAAEAAAICTAEAOw==\" alt=\"\" class=\"gallery-thumb-image\" aria-hidden=\"true\"><\/picture><\/button><button class=\"gallery-thumb\" aria-haspopup=\"dialog\" data-modal-trigger=\"modal-bb0a0e0d-01ad-46c3-a5e6-e1f754a4f2ff\" data-modal-triggerinfo='{\"position\": 3}' data-index=\"3\" aria-label=\"Abrir galer\u00eda desde la imagen 4\"><picture><source media=\"(min-width: 200px)\" srcset=\"https:\/\/sancarlo.org\/wp-content\/uploads\/2025\/12\/20251123-Santiago-del-Cile-Pellegrinaggio-Giubilare-Madre-Admirable-36-dimensioni-grandi-400x300.jpeg 1x, https:\/\/sancarlo.org\/wp-content\/uploads\/2025\/12\/20251123-Santiago-del-Cile-Pellegrinaggio-Giubilare-Madre-Admirable-36-dimensioni-grandi-800x600.jpeg 2x\"><img decoding=\"async\" src=\"data:image\/gif;base64,R0lGODlhAQABAAAAACH5BAEKAAEALAAAAAABAAEAAAICTAEAOw==\" alt=\"\" class=\"gallery-thumb-image\" aria-hidden=\"true\"><\/picture><\/button><button class=\"gallery-thumb\" aria-haspopup=\"dialog\" data-modal-trigger=\"modal-bb0a0e0d-01ad-46c3-a5e6-e1f754a4f2ff\" data-modal-triggerinfo='{\"position\": 4}' data-index=\"4\" aria-label=\"Abrir galer\u00eda desde la imagen 5\"><picture><source media=\"(min-width: 200px)\" srcset=\"https:\/\/sancarlo.org\/wp-content\/uploads\/2025\/12\/20251123-Santiago-del-Cile-Pellegrinaggio-Giubilare-Madre-Admirable-29-dimensioni-grandi-400x300.jpeg 1x, https:\/\/sancarlo.org\/wp-content\/uploads\/2025\/12\/20251123-Santiago-del-Cile-Pellegrinaggio-Giubilare-Madre-Admirable-29-dimensioni-grandi-800x600.jpeg 2x\"><img decoding=\"async\" src=\"data:image\/gif;base64,R0lGODlhAQABAAAAACH5BAEKAAEALAAAAAABAAEAAAICTAEAOw==\" alt=\"\" class=\"gallery-thumb-image\" aria-hidden=\"true\"><\/picture><\/button><button class=\"gallery-thumb\" aria-haspopup=\"dialog\" data-modal-trigger=\"modal-bb0a0e0d-01ad-46c3-a5e6-e1f754a4f2ff\" data-modal-triggerinfo='{\"position\": 5}' data-index=\"5\" aria-label=\"Abrir galer\u00eda desde la imagen 6\"><picture><source media=\"(min-width: 200px)\" srcset=\"https:\/\/sancarlo.org\/wp-content\/uploads\/2025\/12\/20251123-Santiago-del-Cile-Pellegrinaggio-Giubilare-Madre-Admirable-21-dimensioni-grandi-400x300.jpeg 1x, https:\/\/sancarlo.org\/wp-content\/uploads\/2025\/12\/20251123-Santiago-del-Cile-Pellegrinaggio-Giubilare-Madre-Admirable-21-dimensioni-grandi-800x600.jpeg 2x\"><img decoding=\"async\" src=\"data:image\/gif;base64,R0lGODlhAQABAAAAACH5BAEKAAEALAAAAAABAAEAAAICTAEAOw==\" alt=\"\" class=\"gallery-thumb-image\" aria-hidden=\"true\"><\/picture><\/button><button class=\"gallery-thumb\" aria-haspopup=\"dialog\" data-modal-trigger=\"modal-bb0a0e0d-01ad-46c3-a5e6-e1f754a4f2ff\" data-modal-triggerinfo='{\"position\": 6}' data-index=\"6\" aria-label=\"Abrir galer\u00eda desde la imagen 7\"><picture><source media=\"(min-width: 200px)\" srcset=\"https:\/\/sancarlo.org\/wp-content\/uploads\/2025\/12\/20251123-Santiago-del-Cile-Pellegrinaggio-Giubilare-Madre-Admirable-73-dimensioni-grandi-400x300.jpeg 1x, https:\/\/sancarlo.org\/wp-content\/uploads\/2025\/12\/20251123-Santiago-del-Cile-Pellegrinaggio-Giubilare-Madre-Admirable-73-dimensioni-grandi-800x600.jpeg 2x\"><img decoding=\"async\" src=\"data:image\/gif;base64,R0lGODlhAQABAAAAACH5BAEKAAEALAAAAAABAAEAAAICTAEAOw==\" alt=\"\" class=\"gallery-thumb-image\" aria-hidden=\"true\"><\/picture><\/button><button class=\"gallery-thumb\" aria-haspopup=\"dialog\" data-modal-trigger=\"modal-bb0a0e0d-01ad-46c3-a5e6-e1f754a4f2ff\" data-modal-triggerinfo='{\"position\": 7}' data-index=\"7\" aria-label=\"Abrir galer\u00eda desde la imagen 8\"><picture><source media=\"(min-width: 200px)\" srcset=\"https:\/\/sancarlo.org\/wp-content\/uploads\/2025\/12\/20251123-Santiago-del-Cile-Pellegrinaggio-Giubilare-Madre-Admirable-78-dimensioni-grandi-400x300.jpeg 1x, https:\/\/sancarlo.org\/wp-content\/uploads\/2025\/12\/20251123-Santiago-del-Cile-Pellegrinaggio-Giubilare-Madre-Admirable-78-dimensioni-grandi-800x600.jpeg 2x\"><img decoding=\"async\" src=\"data:image\/gif;base64,R0lGODlhAQABAAAAACH5BAEKAAEALAAAAAABAAEAAAICTAEAOw==\" alt=\"\" class=\"gallery-thumb-image\" aria-hidden=\"true\"><\/picture><\/button><button class=\"gallery-thumb\" aria-haspopup=\"dialog\" data-modal-trigger=\"modal-bb0a0e0d-01ad-46c3-a5e6-e1f754a4f2ff\" data-modal-triggerinfo='{\"position\": 8}' data-index=\"8\" aria-label=\"Abrir galer\u00eda desde la imagen 9\"><picture><source media=\"(min-width: 200px)\" srcset=\"https:\/\/sancarlo.org\/wp-content\/uploads\/2025\/12\/20251123-Santiago-del-Cile-Pellegrinaggio-Giubilare-Madre-Admirable-65-dimensioni-grandi-400x300.jpeg 1x, https:\/\/sancarlo.org\/wp-content\/uploads\/2025\/12\/20251123-Santiago-del-Cile-Pellegrinaggio-Giubilare-Madre-Admirable-65-dimensioni-grandi-800x600.jpeg 2x\"><img decoding=\"async\" src=\"data:image\/gif;base64,R0lGODlhAQABAAAAACH5BAEKAAEALAAAAAABAAEAAAICTAEAOw==\" alt=\"\" class=\"gallery-thumb-image\" aria-hidden=\"true\"><\/picture><\/button><button class=\"gallery-thumb\" aria-haspopup=\"dialog\" data-modal-trigger=\"modal-bb0a0e0d-01ad-46c3-a5e6-e1f754a4f2ff\" data-modal-triggerinfo='{\"position\": 9}' data-index=\"9\" aria-label=\"Abrir galer\u00eda desde la imagen 10\"><picture><source media=\"(min-width: 200px)\" srcset=\"https:\/\/sancarlo.org\/wp-content\/uploads\/2025\/12\/20251123-Santiago-del-Cile-Pellegrinaggio-Giubilare-Madre-Admirable-17-dimensioni-grandi-400x300.jpeg 1x, https:\/\/sancarlo.org\/wp-content\/uploads\/2025\/12\/20251123-Santiago-del-Cile-Pellegrinaggio-Giubilare-Madre-Admirable-17-dimensioni-grandi-800x600.jpeg 2x\"><img decoding=\"async\" src=\"data:image\/gif;base64,R0lGODlhAQABAAAAACH5BAEKAAEALAAAAAABAAEAAAICTAEAOw==\" alt=\"\" class=\"gallery-thumb-image\" aria-hidden=\"true\"><\/picture><\/button><button class=\"gallery-thumb\" aria-haspopup=\"dialog\" data-modal-trigger=\"modal-bb0a0e0d-01ad-46c3-a5e6-e1f754a4f2ff\" data-modal-triggerinfo='{\"position\": 10}' data-index=\"10\" aria-label=\"Abrir galer\u00eda desde la imagen 11\"><picture><source media=\"(min-width: 200px)\" srcset=\"https:\/\/sancarlo.org\/wp-content\/uploads\/2025\/12\/20251123-Santiago-del-Cile-Pellegrinaggio-Giubilare-Madre-Admirable-127-dimensioni-grandi-400x300.jpeg 1x, https:\/\/sancarlo.org\/wp-content\/uploads\/2025\/12\/20251123-Santiago-del-Cile-Pellegrinaggio-Giubilare-Madre-Admirable-127-dimensioni-grandi-800x600.jpeg 2x\"><img decoding=\"async\" src=\"data:image\/gif;base64,R0lGODlhAQABAAAAACH5BAEKAAEALAAAAAABAAEAAAICTAEAOw==\" alt=\"\" class=\"gallery-thumb-image\" aria-hidden=\"true\"><\/picture><\/button><button class=\"gallery-thumb\" aria-haspopup=\"dialog\" data-modal-trigger=\"modal-bb0a0e0d-01ad-46c3-a5e6-e1f754a4f2ff\" data-modal-triggerinfo='{\"position\": 11}' data-index=\"11\" aria-label=\"Abrir galer\u00eda desde la imagen 12\"><picture><source media=\"(min-width: 200px)\" srcset=\"https:\/\/sancarlo.org\/wp-content\/uploads\/2025\/12\/20251123-Santiago-del-Cile-Pellegrinaggio-Giubilare-Madre-Admirable-87-dimensioni-grandi-400x300.jpeg 1x, https:\/\/sancarlo.org\/wp-content\/uploads\/2025\/12\/20251123-Santiago-del-Cile-Pellegrinaggio-Giubilare-Madre-Admirable-87-dimensioni-grandi-720x600.jpeg 2x\"><img decoding=\"async\" src=\"data:image\/gif;base64,R0lGODlhAQABAAAAACH5BAEKAAEALAAAAAABAAEAAAICTAEAOw==\" alt=\"\" class=\"gallery-thumb-image\" aria-hidden=\"true\"><\/picture><\/button><button class=\"gallery-thumb\" aria-haspopup=\"dialog\" data-modal-trigger=\"modal-bb0a0e0d-01ad-46c3-a5e6-e1f754a4f2ff\" data-modal-triggerinfo='{\"position\": 12}' data-index=\"12\" aria-label=\"Abrir galer\u00eda desde la imagen 13\"><picture><source media=\"(min-width: 200px)\" srcset=\"https:\/\/sancarlo.org\/wp-content\/uploads\/2025\/12\/20251123-Santiago-del-Cile-Pellegrinaggio-Giubilare-Madre-Admirable-92-dimensioni-grandi-400x300.jpeg 1x, https:\/\/sancarlo.org\/wp-content\/uploads\/2025\/12\/20251123-Santiago-del-Cile-Pellegrinaggio-Giubilare-Madre-Admirable-92-dimensioni-grandi-800x600.jpeg 2x\"><img decoding=\"async\" src=\"data:image\/gif;base64,R0lGODlhAQABAAAAACH5BAEKAAEALAAAAAABAAEAAAICTAEAOw==\" alt=\"\" class=\"gallery-thumb-image\" aria-hidden=\"true\"><\/picture><\/button><button class=\"gallery-thumb\" aria-haspopup=\"dialog\" data-modal-trigger=\"modal-bb0a0e0d-01ad-46c3-a5e6-e1f754a4f2ff\" data-modal-triggerinfo='{\"position\": 13}' data-index=\"13\" aria-label=\"Abrir galer\u00eda desde la imagen 14\"><picture><source media=\"(min-width: 200px)\" srcset=\"https:\/\/sancarlo.org\/wp-content\/uploads\/2025\/12\/20251123-Santiago-del-Cile-Pellegrinaggio-Giubilare-Madre-Admirable-111-dimensioni-grandi-400x300.jpeg 1x, https:\/\/sancarlo.org\/wp-content\/uploads\/2025\/12\/20251123-Santiago-del-Cile-Pellegrinaggio-Giubilare-Madre-Admirable-111-dimensioni-grandi-800x600.jpeg 2x\"><img decoding=\"async\" src=\"data:image\/gif;base64,R0lGODlhAQABAAAAACH5BAEKAAEALAAAAAABAAEAAAICTAEAOw==\" alt=\"\" class=\"gallery-thumb-image\" aria-hidden=\"true\"><\/picture><\/button><button class=\"gallery-thumb\" aria-haspopup=\"dialog\" data-modal-trigger=\"modal-bb0a0e0d-01ad-46c3-a5e6-e1f754a4f2ff\" data-modal-triggerinfo='{\"position\": 14}' data-index=\"14\" aria-label=\"Abrir galer\u00eda desde la imagen 15\"><picture><source media=\"(min-width: 200px)\" srcset=\"https:\/\/sancarlo.org\/wp-content\/uploads\/2025\/12\/20251123-Santiago-del-Cile-Pellegrinaggio-Giubilare-Madre-Admirable-97-dimensioni-grandi-400x300.jpeg 1x, https:\/\/sancarlo.org\/wp-content\/uploads\/2025\/12\/20251123-Santiago-del-Cile-Pellegrinaggio-Giubilare-Madre-Admirable-97-dimensioni-grandi-800x600.jpeg 2x\"><img decoding=\"async\" src=\"data:image\/gif;base64,R0lGODlhAQABAAAAACH5BAEKAAEALAAAAAABAAEAAAICTAEAOw==\" alt=\"\" class=\"gallery-thumb-image\" aria-hidden=\"true\"><\/picture><\/button><button class=\"gallery-thumb\" aria-haspopup=\"dialog\" data-modal-trigger=\"modal-bb0a0e0d-01ad-46c3-a5e6-e1f754a4f2ff\" data-modal-triggerinfo='{\"position\": 15}' data-index=\"15\" aria-label=\"Abrir galer\u00eda desde la imagen 16\"><picture><source media=\"(min-width: 200px)\" srcset=\"https:\/\/sancarlo.org\/wp-content\/uploads\/2025\/12\/20251123-Santiago-del-Cile-Pellegrinaggio-Giubilare-Madre-Admirable-138-dimensioni-grandi-400x300.jpeg 1x, https:\/\/sancarlo.org\/wp-content\/uploads\/2025\/12\/20251123-Santiago-del-Cile-Pellegrinaggio-Giubilare-Madre-Admirable-138-dimensioni-grandi-800x600.jpeg 2x\"><img decoding=\"async\" src=\"data:image\/gif;base64,R0lGODlhAQABAAAAACH5BAEKAAEALAAAAAABAAEAAAICTAEAOw==\" alt=\"\" class=\"gallery-thumb-image\" aria-hidden=\"true\"><\/picture><\/button><button class=\"gallery-thumb\" aria-haspopup=\"dialog\" data-modal-trigger=\"modal-bb0a0e0d-01ad-46c3-a5e6-e1f754a4f2ff\" data-modal-triggerinfo='{\"position\": 16}' data-index=\"16\" aria-label=\"Abrir galer\u00eda desde la imagen 17\"><picture><source media=\"(min-width: 200px)\" srcset=\"https:\/\/sancarlo.org\/wp-content\/uploads\/2025\/12\/20251123-Santiago-del-Cile-Pellegrinaggio-Giubilare-Madre-Admirable-100-dimensioni-grandi-400x300.jpeg 1x, https:\/\/sancarlo.org\/wp-content\/uploads\/2025\/12\/20251123-Santiago-del-Cile-Pellegrinaggio-Giubilare-Madre-Admirable-100-dimensioni-grandi-800x600.jpeg 2x\"><img decoding=\"async\" src=\"data:image\/gif;base64,R0lGODlhAQABAAAAACH5BAEKAAEALAAAAAABAAEAAAICTAEAOw==\" alt=\"\" class=\"gallery-thumb-image\" aria-hidden=\"true\"><\/picture><\/button><button class=\"gallery-thumb\" aria-haspopup=\"dialog\" data-modal-trigger=\"modal-bb0a0e0d-01ad-46c3-a5e6-e1f754a4f2ff\" data-modal-triggerinfo='{\"position\": 17}' data-index=\"17\" aria-label=\"Abrir galer\u00eda desde la imagen 18\"><picture><source media=\"(min-width: 200px)\" srcset=\"https:\/\/sancarlo.org\/wp-content\/uploads\/2025\/12\/20251123-Santiago-del-Cile-Pellegrinaggio-Giubilare-Madre-Admirable-113-dimensioni-grandi-400x300.jpeg 1x, https:\/\/sancarlo.org\/wp-content\/uploads\/2025\/12\/20251123-Santiago-del-Cile-Pellegrinaggio-Giubilare-Madre-Admirable-113-dimensioni-grandi-800x600.jpeg 2x\"><img decoding=\"async\" src=\"data:image\/gif;base64,R0lGODlhAQABAAAAACH5BAEKAAEALAAAAAABAAEAAAICTAEAOw==\" alt=\"\" class=\"gallery-thumb-image\" aria-hidden=\"true\"><\/picture><\/button><button class=\"gallery-thumb\" aria-haspopup=\"dialog\" data-modal-trigger=\"modal-bb0a0e0d-01ad-46c3-a5e6-e1f754a4f2ff\" data-modal-triggerinfo='{\"position\": 18}' data-index=\"18\" aria-label=\"Abrir galer\u00eda desde la imagen 19\"><picture><source media=\"(min-width: 200px)\" srcset=\"https:\/\/sancarlo.org\/wp-content\/uploads\/2025\/12\/20251123-Santiago-del-Cile-Pellegrinaggio-Giubilare-Madre-Admirable-119-dimensioni-grandi-400x300.jpeg 1x, https:\/\/sancarlo.org\/wp-content\/uploads\/2025\/12\/20251123-Santiago-del-Cile-Pellegrinaggio-Giubilare-Madre-Admirable-119-dimensioni-grandi-800x600.jpeg 2x\"><img decoding=\"async\" src=\"data:image\/gif;base64,R0lGODlhAQABAAAAACH5BAEKAAEALAAAAAABAAEAAAICTAEAOw==\" alt=\"\" class=\"gallery-thumb-image\" aria-hidden=\"true\"><\/picture><\/button><button class=\"gallery-thumb\" aria-haspopup=\"dialog\" data-modal-trigger=\"modal-bb0a0e0d-01ad-46c3-a5e6-e1f754a4f2ff\" data-modal-triggerinfo='{\"position\": 19}' data-index=\"19\" aria-label=\"Abrir galer\u00eda desde la imagen 20\"><picture><source media=\"(min-width: 200px)\" srcset=\"https:\/\/sancarlo.org\/wp-content\/uploads\/2025\/12\/20251123-Santiago-del-Cile-Pellegrinaggio-Giubilare-Madre-Admirable-133-dimensioni-grandi-400x300.jpeg 1x, https:\/\/sancarlo.org\/wp-content\/uploads\/2025\/12\/20251123-Santiago-del-Cile-Pellegrinaggio-Giubilare-Madre-Admirable-133-dimensioni-grandi-800x600.jpeg 2x\"><img decoding=\"async\" src=\"data:image\/gif;base64,R0lGODlhAQABAAAAACH5BAEKAAEALAAAAAABAAEAAAICTAEAOw==\" alt=\"\" class=\"gallery-thumb-image\" aria-hidden=\"true\"><\/picture><\/button><button class=\"gallery-thumb\" aria-haspopup=\"dialog\" data-modal-trigger=\"modal-bb0a0e0d-01ad-46c3-a5e6-e1f754a4f2ff\" data-modal-triggerinfo='{\"position\": 20}' data-index=\"20\" aria-label=\"Abrir galer\u00eda desde la imagen 21\"><picture><source media=\"(min-width: 200px)\" srcset=\"https:\/\/sancarlo.org\/wp-content\/uploads\/2025\/12\/20251123-Santiago-del-Cile-Pellegrinaggio-Giubilare-Madre-Admirable-124-dimensioni-grandi-400x300.jpeg 1x, https:\/\/sancarlo.org\/wp-content\/uploads\/2025\/12\/20251123-Santiago-del-Cile-Pellegrinaggio-Giubilare-Madre-Admirable-124-dimensioni-grandi-800x600.jpeg 2x\"><img decoding=\"async\" src=\"data:image\/gif;base64,R0lGODlhAQABAAAAACH5BAEKAAEALAAAAAABAAEAAAICTAEAOw==\" alt=\"\" class=\"gallery-thumb-image\" aria-hidden=\"true\"><\/picture><\/button><button class=\"gallery-thumb\" aria-haspopup=\"dialog\" data-modal-trigger=\"modal-bb0a0e0d-01ad-46c3-a5e6-e1f754a4f2ff\" data-modal-triggerinfo='{\"position\": 21}' data-index=\"21\" aria-label=\"Abrir galer\u00eda desde la imagen 22\"><picture><source media=\"(min-width: 200px)\" srcset=\"https:\/\/sancarlo.org\/wp-content\/uploads\/2025\/12\/20251123-Santiago-del-Cile-Pellegrinaggio-Giubilare-Madre-Admirable-130-dimensioni-grandi-400x300.jpeg 1x, https:\/\/sancarlo.org\/wp-content\/uploads\/2025\/12\/20251123-Santiago-del-Cile-Pellegrinaggio-Giubilare-Madre-Admirable-130-dimensioni-grandi-800x600.jpeg 2x\"><img decoding=\"async\" src=\"data:image\/gif;base64,R0lGODlhAQABAAAAACH5BAEKAAEALAAAAAABAAEAAAICTAEAOw==\" alt=\"\" class=\"gallery-thumb-image\" aria-hidden=\"true\"><\/picture><\/button><button class=\"gallery-thumb\" aria-haspopup=\"dialog\" data-modal-trigger=\"modal-bb0a0e0d-01ad-46c3-a5e6-e1f754a4f2ff\" data-modal-triggerinfo='{\"position\": 22}' data-index=\"22\" aria-label=\"Abrir galer\u00eda desde la imagen 23\"><picture><source media=\"(min-width: 200px)\" srcset=\"https:\/\/sancarlo.org\/wp-content\/uploads\/2025\/12\/20251123-Santiago-del-Cile-Pellegrinaggio-Giubilare-Madre-Admirable-129-dimensioni-grandi-400x300.jpeg 1x, https:\/\/sancarlo.org\/wp-content\/uploads\/2025\/12\/20251123-Santiago-del-Cile-Pellegrinaggio-Giubilare-Madre-Admirable-129-dimensioni-grandi-800x600.jpeg 2x\"><img decoding=\"async\" src=\"data:image\/gif;base64,R0lGODlhAQABAAAAACH5BAEKAAEALAAAAAABAAEAAAICTAEAOw==\" alt=\"\" class=\"gallery-thumb-image\" aria-hidden=\"true\"><\/picture><\/button><button class=\"gallery-thumb\" aria-haspopup=\"dialog\" data-modal-trigger=\"modal-bb0a0e0d-01ad-46c3-a5e6-e1f754a4f2ff\" data-modal-triggerinfo='{\"position\": 23}' data-index=\"23\" aria-label=\"Abrir galer\u00eda desde la imagen 24\"><picture><source media=\"(min-width: 200px)\" srcset=\"https:\/\/sancarlo.org\/wp-content\/uploads\/2025\/12\/20251123-Santiago-del-Cile-Pellegrinaggio-Giubilare-Madre-Admirable-139-dimensioni-grandi-400x300.jpeg 1x, https:\/\/sancarlo.org\/wp-content\/uploads\/2025\/12\/20251123-Santiago-del-Cile-Pellegrinaggio-Giubilare-Madre-Admirable-139-dimensioni-grandi-800x600.jpeg 2x\"><img decoding=\"async\" src=\"data:image\/gif;base64,R0lGODlhAQABAAAAACH5BAEKAAEALAAAAAABAAEAAAICTAEAOw==\" alt=\"\" class=\"gallery-thumb-image\" aria-hidden=\"true\"><\/picture><\/button><div class=\"modal modal--full modal--gallery\" id=\"modal-bb0a0e0d-01ad-46c3-a5e6-e1f754a4f2ff\" aria-hidden=\"true\">\n<div class=\"modal-overlay\" tabindex=\"-1\" data-modal-close><div class=\"modal-dialog\" data-component=\"modal_gallery\" role=\"dialog\" aria-modal=\"true\" ><button class=\"modal-close\" aria-label=\"Cerrar\" data-modal-close><\/button><div class=\"modal-content\"><div class=\"gallery-slides\"><div class=\"gallery-slides-inner\"><figure><picture><source media=\"(min-width: 1280px)\" srcset=\"https:\/\/sancarlo.org\/wp-content\/uploads\/2025\/12\/20251123-Santiago-del-Cile-Pellegrinaggio-Giubilare-Madre-Admirable-1-dimensioni-grandi.jpeg 1x, https:\/\/sancarlo.org\/wp-content\/uploads\/2025\/12\/20251123-Santiago-del-Cile-Pellegrinaggio-Giubilare-Madre-Admirable-1-dimensioni-grandi.jpeg 2x\"><source media=\"(min-width: 1024px)\" srcset=\"https:\/\/sancarlo.org\/wp-content\/uploads\/2025\/12\/20251123-Santiago-del-Cile-Pellegrinaggio-Giubilare-Madre-Admirable-1-dimensioni-grandi-1024x682.jpeg 1x, https:\/\/sancarlo.org\/wp-content\/uploads\/2025\/12\/20251123-Santiago-del-Cile-Pellegrinaggio-Giubilare-Madre-Admirable-1-dimensioni-grandi.jpeg 2x\"><source media=\"(min-width: 768px)\" srcset=\"https:\/\/sancarlo.org\/wp-content\/uploads\/2025\/12\/20251123-Santiago-del-Cile-Pellegrinaggio-Giubilare-Madre-Admirable-1-dimensioni-grandi-800x533.jpeg 1x, https:\/\/sancarlo.org\/wp-content\/uploads\/2025\/12\/20251123-Santiago-del-Cile-Pellegrinaggio-Giubilare-Madre-Admirable-1-dimensioni-grandi.jpeg 2x\"><source media=\"(min-width: 200px)\" srcset=\"https:\/\/sancarlo.org\/wp-content\/uploads\/2025\/12\/20251123-Santiago-del-Cile-Pellegrinaggio-Giubilare-Madre-Admirable-1-dimensioni-grandi-500x333.jpeg 1x, https:\/\/sancarlo.org\/wp-content\/uploads\/2025\/12\/20251123-Santiago-del-Cile-Pellegrinaggio-Giubilare-Madre-Admirable-1-dimensioni-grandi-1000x666.jpeg 2x\"><img decoding=\"async\" src=\"data:image\/gif;base64,R0lGODlhAQABAAAAACH5BAEKAAEALAAAAAABAAEAAAICTAEAOw==\" alt=\"\" \/><\/picture><\/figure><figure><picture><source media=\"(min-width: 1280px)\" srcset=\"https:\/\/sancarlo.org\/wp-content\/uploads\/2025\/12\/20251123-Santiago-del-Cile-Pellegrinaggio-Giubilare-Madre-Admirable-11-dimensioni-grandi.jpeg 1x, https:\/\/sancarlo.org\/wp-content\/uploads\/2025\/12\/20251123-Santiago-del-Cile-Pellegrinaggio-Giubilare-Madre-Admirable-11-dimensioni-grandi.jpeg 2x\"><source media=\"(min-width: 1024px)\" srcset=\"https:\/\/sancarlo.org\/wp-content\/uploads\/2025\/12\/20251123-Santiago-del-Cile-Pellegrinaggio-Giubilare-Madre-Admirable-11-dimensioni-grandi.jpeg 1x, https:\/\/sancarlo.org\/wp-content\/uploads\/2025\/12\/20251123-Santiago-del-Cile-Pellegrinaggio-Giubilare-Madre-Admirable-11-dimensioni-grandi.jpeg 2x\"><source media=\"(min-width: 768px)\" srcset=\"https:\/\/sancarlo.org\/wp-content\/uploads\/2025\/12\/20251123-Santiago-del-Cile-Pellegrinaggio-Giubilare-Madre-Admirable-11-dimensioni-grandi-800x1200.jpeg 1x, https:\/\/sancarlo.org\/wp-content\/uploads\/2025\/12\/20251123-Santiago-del-Cile-Pellegrinaggio-Giubilare-Madre-Admirable-11-dimensioni-grandi.jpeg 2x\"><source media=\"(min-width: 200px)\" srcset=\"https:\/\/sancarlo.org\/wp-content\/uploads\/2025\/12\/20251123-Santiago-del-Cile-Pellegrinaggio-Giubilare-Madre-Admirable-11-dimensioni-grandi-500x750.jpeg 1x, https:\/\/sancarlo.org\/wp-content\/uploads\/2025\/12\/20251123-Santiago-del-Cile-Pellegrinaggio-Giubilare-Madre-Admirable-11-dimensioni-grandi.jpeg 2x\"><img decoding=\"async\" src=\"data:image\/gif;base64,R0lGODlhAQABAAAAACH5BAEKAAEALAAAAAABAAEAAAICTAEAOw==\" alt=\"\" \/><\/picture><\/figure><figure><picture><source media=\"(min-width: 1280px)\" srcset=\"https:\/\/sancarlo.org\/wp-content\/uploads\/2025\/12\/20251123-Santiago-del-Cile-Pellegrinaggio-Giubilare-Madre-Admirable-39-dimensioni-grandi.jpeg 1x, https:\/\/sancarlo.org\/wp-content\/uploads\/2025\/12\/20251123-Santiago-del-Cile-Pellegrinaggio-Giubilare-Madre-Admirable-39-dimensioni-grandi.jpeg 2x\"><source media=\"(min-width: 1024px)\" srcset=\"https:\/\/sancarlo.org\/wp-content\/uploads\/2025\/12\/20251123-Santiago-del-Cile-Pellegrinaggio-Giubilare-Madre-Admirable-39-dimensioni-grandi.jpeg 1x, https:\/\/sancarlo.org\/wp-content\/uploads\/2025\/12\/20251123-Santiago-del-Cile-Pellegrinaggio-Giubilare-Madre-Admirable-39-dimensioni-grandi.jpeg 2x\"><source media=\"(min-width: 768px)\" srcset=\"https:\/\/sancarlo.org\/wp-content\/uploads\/2025\/12\/20251123-Santiago-del-Cile-Pellegrinaggio-Giubilare-Madre-Admirable-39-dimensioni-grandi-800x1200.jpeg 1x, https:\/\/sancarlo.org\/wp-content\/uploads\/2025\/12\/20251123-Santiago-del-Cile-Pellegrinaggio-Giubilare-Madre-Admirable-39-dimensioni-grandi.jpeg 2x\"><source media=\"(min-width: 200px)\" srcset=\"https:\/\/sancarlo.org\/wp-content\/uploads\/2025\/12\/20251123-Santiago-del-Cile-Pellegrinaggio-Giubilare-Madre-Admirable-39-dimensioni-grandi-500x750.jpeg 1x, https:\/\/sancarlo.org\/wp-content\/uploads\/2025\/12\/20251123-Santiago-del-Cile-Pellegrinaggio-Giubilare-Madre-Admirable-39-dimensioni-grandi.jpeg 2x\"><img decoding=\"async\" src=\"data:image\/gif;base64,R0lGODlhAQABAAAAACH5BAEKAAEALAAAAAABAAEAAAICTAEAOw==\" alt=\"\" \/><\/picture><\/figure><figure><picture><source media=\"(min-width: 1280px)\" srcset=\"https:\/\/sancarlo.org\/wp-content\/uploads\/2025\/12\/20251123-Santiago-del-Cile-Pellegrinaggio-Giubilare-Madre-Admirable-36-dimensioni-grandi.jpeg 1x, https:\/\/sancarlo.org\/wp-content\/uploads\/2025\/12\/20251123-Santiago-del-Cile-Pellegrinaggio-Giubilare-Madre-Admirable-36-dimensioni-grandi.jpeg 2x\"><source media=\"(min-width: 1024px)\" srcset=\"https:\/\/sancarlo.org\/wp-content\/uploads\/2025\/12\/20251123-Santiago-del-Cile-Pellegrinaggio-Giubilare-Madre-Admirable-36-dimensioni-grandi-1024x682.jpeg 1x, https:\/\/sancarlo.org\/wp-content\/uploads\/2025\/12\/20251123-Santiago-del-Cile-Pellegrinaggio-Giubilare-Madre-Admirable-36-dimensioni-grandi.jpeg 2x\"><source media=\"(min-width: 768px)\" srcset=\"https:\/\/sancarlo.org\/wp-content\/uploads\/2025\/12\/20251123-Santiago-del-Cile-Pellegrinaggio-Giubilare-Madre-Admirable-36-dimensioni-grandi-800x533.jpeg 1x, https:\/\/sancarlo.org\/wp-content\/uploads\/2025\/12\/20251123-Santiago-del-Cile-Pellegrinaggio-Giubilare-Madre-Admirable-36-dimensioni-grandi.jpeg 2x\"><source media=\"(min-width: 200px)\" srcset=\"https:\/\/sancarlo.org\/wp-content\/uploads\/2025\/12\/20251123-Santiago-del-Cile-Pellegrinaggio-Giubilare-Madre-Admirable-36-dimensioni-grandi-500x333.jpeg 1x, https:\/\/sancarlo.org\/wp-content\/uploads\/2025\/12\/20251123-Santiago-del-Cile-Pellegrinaggio-Giubilare-Madre-Admirable-36-dimensioni-grandi-1000x666.jpeg 2x\"><img decoding=\"async\" src=\"data:image\/gif;base64,R0lGODlhAQABAAAAACH5BAEKAAEALAAAAAABAAEAAAICTAEAOw==\" alt=\"\" \/><\/picture><\/figure><figure><picture><source media=\"(min-width: 1280px)\" srcset=\"https:\/\/sancarlo.org\/wp-content\/uploads\/2025\/12\/20251123-Santiago-del-Cile-Pellegrinaggio-Giubilare-Madre-Admirable-29-dimensioni-grandi.jpeg 1x, https:\/\/sancarlo.org\/wp-content\/uploads\/2025\/12\/20251123-Santiago-del-Cile-Pellegrinaggio-Giubilare-Madre-Admirable-29-dimensioni-grandi.jpeg 2x\"><source media=\"(min-width: 1024px)\" srcset=\"https:\/\/sancarlo.org\/wp-content\/uploads\/2025\/12\/20251123-Santiago-del-Cile-Pellegrinaggio-Giubilare-Madre-Admirable-29-dimensioni-grandi-1024x576.jpeg 1x, https:\/\/sancarlo.org\/wp-content\/uploads\/2025\/12\/20251123-Santiago-del-Cile-Pellegrinaggio-Giubilare-Madre-Admirable-29-dimensioni-grandi.jpeg 2x\"><source media=\"(min-width: 768px)\" srcset=\"https:\/\/sancarlo.org\/wp-content\/uploads\/2025\/12\/20251123-Santiago-del-Cile-Pellegrinaggio-Giubilare-Madre-Admirable-29-dimensioni-grandi-800x450.jpeg 1x, https:\/\/sancarlo.org\/wp-content\/uploads\/2025\/12\/20251123-Santiago-del-Cile-Pellegrinaggio-Giubilare-Madre-Admirable-29-dimensioni-grandi.jpeg 2x\"><source media=\"(min-width: 200px)\" srcset=\"https:\/\/sancarlo.org\/wp-content\/uploads\/2025\/12\/20251123-Santiago-del-Cile-Pellegrinaggio-Giubilare-Madre-Admirable-29-dimensioni-grandi-500x281.jpeg 1x, https:\/\/sancarlo.org\/wp-content\/uploads\/2025\/12\/20251123-Santiago-del-Cile-Pellegrinaggio-Giubilare-Madre-Admirable-29-dimensioni-grandi-1000x563.jpeg 2x\"><img decoding=\"async\" src=\"data:image\/gif;base64,R0lGODlhAQABAAAAACH5BAEKAAEALAAAAAABAAEAAAICTAEAOw==\" alt=\"\" \/><\/picture><\/figure><figure><picture><source media=\"(min-width: 1280px)\" srcset=\"https:\/\/sancarlo.org\/wp-content\/uploads\/2025\/12\/20251123-Santiago-del-Cile-Pellegrinaggio-Giubilare-Madre-Admirable-21-dimensioni-grandi.jpeg 1x, https:\/\/sancarlo.org\/wp-content\/uploads\/2025\/12\/20251123-Santiago-del-Cile-Pellegrinaggio-Giubilare-Madre-Admirable-21-dimensioni-grandi.jpeg 2x\"><source media=\"(min-width: 1024px)\" srcset=\"https:\/\/sancarlo.org\/wp-content\/uploads\/2025\/12\/20251123-Santiago-del-Cile-Pellegrinaggio-Giubilare-Madre-Admirable-21-dimensioni-grandi-1024x682.jpeg 1x, https:\/\/sancarlo.org\/wp-content\/uploads\/2025\/12\/20251123-Santiago-del-Cile-Pellegrinaggio-Giubilare-Madre-Admirable-21-dimensioni-grandi.jpeg 2x\"><source media=\"(min-width: 768px)\" srcset=\"https:\/\/sancarlo.org\/wp-content\/uploads\/2025\/12\/20251123-Santiago-del-Cile-Pellegrinaggio-Giubilare-Madre-Admirable-21-dimensioni-grandi-800x533.jpeg 1x, https:\/\/sancarlo.org\/wp-content\/uploads\/2025\/12\/20251123-Santiago-del-Cile-Pellegrinaggio-Giubilare-Madre-Admirable-21-dimensioni-grandi.jpeg 2x\"><source media=\"(min-width: 200px)\" srcset=\"https:\/\/sancarlo.org\/wp-content\/uploads\/2025\/12\/20251123-Santiago-del-Cile-Pellegrinaggio-Giubilare-Madre-Admirable-21-dimensioni-grandi-500x333.jpeg 1x, https:\/\/sancarlo.org\/wp-content\/uploads\/2025\/12\/20251123-Santiago-del-Cile-Pellegrinaggio-Giubilare-Madre-Admirable-21-dimensioni-grandi-1000x666.jpeg 2x\"><img decoding=\"async\" src=\"data:image\/gif;base64,R0lGODlhAQABAAAAACH5BAEKAAEALAAAAAABAAEAAAICTAEAOw==\" alt=\"\" \/><\/picture><\/figure><figure><picture><source media=\"(min-width: 1280px)\" srcset=\"https:\/\/sancarlo.org\/wp-content\/uploads\/2025\/12\/20251123-Santiago-del-Cile-Pellegrinaggio-Giubilare-Madre-Admirable-73-dimensioni-grandi.jpeg 1x, https:\/\/sancarlo.org\/wp-content\/uploads\/2025\/12\/20251123-Santiago-del-Cile-Pellegrinaggio-Giubilare-Madre-Admirable-73-dimensioni-grandi.jpeg 2x\"><source media=\"(min-width: 1024px)\" srcset=\"https:\/\/sancarlo.org\/wp-content\/uploads\/2025\/12\/20251123-Santiago-del-Cile-Pellegrinaggio-Giubilare-Madre-Admirable-73-dimensioni-grandi-1024x682.jpeg 1x, https:\/\/sancarlo.org\/wp-content\/uploads\/2025\/12\/20251123-Santiago-del-Cile-Pellegrinaggio-Giubilare-Madre-Admirable-73-dimensioni-grandi.jpeg 2x\"><source media=\"(min-width: 768px)\" srcset=\"https:\/\/sancarlo.org\/wp-content\/uploads\/2025\/12\/20251123-Santiago-del-Cile-Pellegrinaggio-Giubilare-Madre-Admirable-73-dimensioni-grandi-800x533.jpeg 1x, https:\/\/sancarlo.org\/wp-content\/uploads\/2025\/12\/20251123-Santiago-del-Cile-Pellegrinaggio-Giubilare-Madre-Admirable-73-dimensioni-grandi.jpeg 2x\"><source media=\"(min-width: 200px)\" srcset=\"https:\/\/sancarlo.org\/wp-content\/uploads\/2025\/12\/20251123-Santiago-del-Cile-Pellegrinaggio-Giubilare-Madre-Admirable-73-dimensioni-grandi-500x333.jpeg 1x, https:\/\/sancarlo.org\/wp-content\/uploads\/2025\/12\/20251123-Santiago-del-Cile-Pellegrinaggio-Giubilare-Madre-Admirable-73-dimensioni-grandi-1000x666.jpeg 2x\"><img decoding=\"async\" src=\"data:image\/gif;base64,R0lGODlhAQABAAAAACH5BAEKAAEALAAAAAABAAEAAAICTAEAOw==\" alt=\"\" \/><\/picture><\/figure><figure><picture><source media=\"(min-width: 1280px)\" srcset=\"https:\/\/sancarlo.org\/wp-content\/uploads\/2025\/12\/20251123-Santiago-del-Cile-Pellegrinaggio-Giubilare-Madre-Admirable-78-dimensioni-grandi.jpeg 1x, https:\/\/sancarlo.org\/wp-content\/uploads\/2025\/12\/20251123-Santiago-del-Cile-Pellegrinaggio-Giubilare-Madre-Admirable-78-dimensioni-grandi.jpeg 2x\"><source media=\"(min-width: 1024px)\" srcset=\"https:\/\/sancarlo.org\/wp-content\/uploads\/2025\/12\/20251123-Santiago-del-Cile-Pellegrinaggio-Giubilare-Madre-Admirable-78-dimensioni-grandi-1024x819.jpeg 1x, https:\/\/sancarlo.org\/wp-content\/uploads\/2025\/12\/20251123-Santiago-del-Cile-Pellegrinaggio-Giubilare-Madre-Admirable-78-dimensioni-grandi.jpeg 2x\"><source media=\"(min-width: 768px)\" srcset=\"https:\/\/sancarlo.org\/wp-content\/uploads\/2025\/12\/20251123-Santiago-del-Cile-Pellegrinaggio-Giubilare-Madre-Admirable-78-dimensioni-grandi-800x640.jpeg 1x, https:\/\/sancarlo.org\/wp-content\/uploads\/2025\/12\/20251123-Santiago-del-Cile-Pellegrinaggio-Giubilare-Madre-Admirable-78-dimensioni-grandi.jpeg 2x\"><source media=\"(min-width: 200px)\" srcset=\"https:\/\/sancarlo.org\/wp-content\/uploads\/2025\/12\/20251123-Santiago-del-Cile-Pellegrinaggio-Giubilare-Madre-Admirable-78-dimensioni-grandi-500x400.jpeg 1x, https:\/\/sancarlo.org\/wp-content\/uploads\/2025\/12\/20251123-Santiago-del-Cile-Pellegrinaggio-Giubilare-Madre-Admirable-78-dimensioni-grandi-1000x800.jpeg 2x\"><img decoding=\"async\" src=\"data:image\/gif;base64,R0lGODlhAQABAAAAACH5BAEKAAEALAAAAAABAAEAAAICTAEAOw==\" alt=\"\" \/><\/picture><\/figure><figure><picture><source media=\"(min-width: 1280px)\" srcset=\"https:\/\/sancarlo.org\/wp-content\/uploads\/2025\/12\/20251123-Santiago-del-Cile-Pellegrinaggio-Giubilare-Madre-Admirable-65-dimensioni-grandi.jpeg 1x, https:\/\/sancarlo.org\/wp-content\/uploads\/2025\/12\/20251123-Santiago-del-Cile-Pellegrinaggio-Giubilare-Madre-Admirable-65-dimensioni-grandi.jpeg 2x\"><source media=\"(min-width: 1024px)\" srcset=\"https:\/\/sancarlo.org\/wp-content\/uploads\/2025\/12\/20251123-Santiago-del-Cile-Pellegrinaggio-Giubilare-Madre-Admirable-65-dimensioni-grandi.jpeg 1x, https:\/\/sancarlo.org\/wp-content\/uploads\/2025\/12\/20251123-Santiago-del-Cile-Pellegrinaggio-Giubilare-Madre-Admirable-65-dimensioni-grandi.jpeg 2x\"><source media=\"(min-width: 768px)\" srcset=\"https:\/\/sancarlo.org\/wp-content\/uploads\/2025\/12\/20251123-Santiago-del-Cile-Pellegrinaggio-Giubilare-Madre-Admirable-65-dimensioni-grandi-800x1200.jpeg 1x, https:\/\/sancarlo.org\/wp-content\/uploads\/2025\/12\/20251123-Santiago-del-Cile-Pellegrinaggio-Giubilare-Madre-Admirable-65-dimensioni-grandi.jpeg 2x\"><source media=\"(min-width: 200px)\" srcset=\"https:\/\/sancarlo.org\/wp-content\/uploads\/2025\/12\/20251123-Santiago-del-Cile-Pellegrinaggio-Giubilare-Madre-Admirable-65-dimensioni-grandi-500x750.jpeg 1x, https:\/\/sancarlo.org\/wp-content\/uploads\/2025\/12\/20251123-Santiago-del-Cile-Pellegrinaggio-Giubilare-Madre-Admirable-65-dimensioni-grandi.jpeg 2x\"><img decoding=\"async\" src=\"data:image\/gif;base64,R0lGODlhAQABAAAAACH5BAEKAAEALAAAAAABAAEAAAICTAEAOw==\" alt=\"\" \/><\/picture><\/figure><figure><picture><source media=\"(min-width: 1280px)\" srcset=\"https:\/\/sancarlo.org\/wp-content\/uploads\/2025\/12\/20251123-Santiago-del-Cile-Pellegrinaggio-Giubilare-Madre-Admirable-17-dimensioni-grandi.jpeg 1x, https:\/\/sancarlo.org\/wp-content\/uploads\/2025\/12\/20251123-Santiago-del-Cile-Pellegrinaggio-Giubilare-Madre-Admirable-17-dimensioni-grandi.jpeg 2x\"><source media=\"(min-width: 1024px)\" srcset=\"https:\/\/sancarlo.org\/wp-content\/uploads\/2025\/12\/20251123-Santiago-del-Cile-Pellegrinaggio-Giubilare-Madre-Admirable-17-dimensioni-grandi-1024x768.jpeg 1x, https:\/\/sancarlo.org\/wp-content\/uploads\/2025\/12\/20251123-Santiago-del-Cile-Pellegrinaggio-Giubilare-Madre-Admirable-17-dimensioni-grandi.jpeg 2x\"><source media=\"(min-width: 768px)\" srcset=\"https:\/\/sancarlo.org\/wp-content\/uploads\/2025\/12\/20251123-Santiago-del-Cile-Pellegrinaggio-Giubilare-Madre-Admirable-17-dimensioni-grandi-800x600.jpeg 1x, https:\/\/sancarlo.org\/wp-content\/uploads\/2025\/12\/20251123-Santiago-del-Cile-Pellegrinaggio-Giubilare-Madre-Admirable-17-dimensioni-grandi.jpeg 2x\"><source media=\"(min-width: 200px)\" srcset=\"https:\/\/sancarlo.org\/wp-content\/uploads\/2025\/12\/20251123-Santiago-del-Cile-Pellegrinaggio-Giubilare-Madre-Admirable-17-dimensioni-grandi-500x375.jpeg 1x, https:\/\/sancarlo.org\/wp-content\/uploads\/2025\/12\/20251123-Santiago-del-Cile-Pellegrinaggio-Giubilare-Madre-Admirable-17-dimensioni-grandi-1000x750.jpeg 2x\"><img decoding=\"async\" src=\"data:image\/gif;base64,R0lGODlhAQABAAAAACH5BAEKAAEALAAAAAABAAEAAAICTAEAOw==\" alt=\"\" \/><\/picture><\/figure><figure><picture><source media=\"(min-width: 1280px)\" srcset=\"https:\/\/sancarlo.org\/wp-content\/uploads\/2025\/12\/20251123-Santiago-del-Cile-Pellegrinaggio-Giubilare-Madre-Admirable-127-dimensioni-grandi.jpeg 1x, https:\/\/sancarlo.org\/wp-content\/uploads\/2025\/12\/20251123-Santiago-del-Cile-Pellegrinaggio-Giubilare-Madre-Admirable-127-dimensioni-grandi.jpeg 2x\"><source media=\"(min-width: 1024px)\" srcset=\"https:\/\/sancarlo.org\/wp-content\/uploads\/2025\/12\/20251123-Santiago-del-Cile-Pellegrinaggio-Giubilare-Madre-Admirable-127-dimensioni-grandi-1024x768.jpeg 1x, https:\/\/sancarlo.org\/wp-content\/uploads\/2025\/12\/20251123-Santiago-del-Cile-Pellegrinaggio-Giubilare-Madre-Admirable-127-dimensioni-grandi.jpeg 2x\"><source media=\"(min-width: 768px)\" srcset=\"https:\/\/sancarlo.org\/wp-content\/uploads\/2025\/12\/20251123-Santiago-del-Cile-Pellegrinaggio-Giubilare-Madre-Admirable-127-dimensioni-grandi-800x600.jpeg 1x, https:\/\/sancarlo.org\/wp-content\/uploads\/2025\/12\/20251123-Santiago-del-Cile-Pellegrinaggio-Giubilare-Madre-Admirable-127-dimensioni-grandi.jpeg 2x\"><source media=\"(min-width: 200px)\" srcset=\"https:\/\/sancarlo.org\/wp-content\/uploads\/2025\/12\/20251123-Santiago-del-Cile-Pellegrinaggio-Giubilare-Madre-Admirable-127-dimensioni-grandi-500x375.jpeg 1x, https:\/\/sancarlo.org\/wp-content\/uploads\/2025\/12\/20251123-Santiago-del-Cile-Pellegrinaggio-Giubilare-Madre-Admirable-127-dimensioni-grandi-1000x750.jpeg 2x\"><img decoding=\"async\" src=\"data:image\/gif;base64,R0lGODlhAQABAAAAACH5BAEKAAEALAAAAAABAAEAAAICTAEAOw==\" alt=\"\" \/><\/picture><\/figure><figure><picture><source media=\"(min-width: 1280px)\" srcset=\"https:\/\/sancarlo.org\/wp-content\/uploads\/2025\/12\/20251123-Santiago-del-Cile-Pellegrinaggio-Giubilare-Madre-Admirable-87-dimensioni-grandi.jpeg 1x, https:\/\/sancarlo.org\/wp-content\/uploads\/2025\/12\/20251123-Santiago-del-Cile-Pellegrinaggio-Giubilare-Madre-Admirable-87-dimensioni-grandi.jpeg 2x\"><source media=\"(min-width: 1024px)\" srcset=\"https:\/\/sancarlo.org\/wp-content\/uploads\/2025\/12\/20251123-Santiago-del-Cile-Pellegrinaggio-Giubilare-Madre-Admirable-87-dimensioni-grandi.jpeg 1x, https:\/\/sancarlo.org\/wp-content\/uploads\/2025\/12\/20251123-Santiago-del-Cile-Pellegrinaggio-Giubilare-Madre-Admirable-87-dimensioni-grandi.jpeg 2x\"><source media=\"(min-width: 768px)\" srcset=\"https:\/\/sancarlo.org\/wp-content\/uploads\/2025\/12\/20251123-Santiago-del-Cile-Pellegrinaggio-Giubilare-Madre-Admirable-87-dimensioni-grandi.jpeg 1x, https:\/\/sancarlo.org\/wp-content\/uploads\/2025\/12\/20251123-Santiago-del-Cile-Pellegrinaggio-Giubilare-Madre-Admirable-87-dimensioni-grandi.jpeg 2x\"><source media=\"(min-width: 200px)\" srcset=\"https:\/\/sancarlo.org\/wp-content\/uploads\/2025\/12\/20251123-Santiago-del-Cile-Pellegrinaggio-Giubilare-Madre-Admirable-87-dimensioni-grandi-500x889.jpeg 1x, https:\/\/sancarlo.org\/wp-content\/uploads\/2025\/12\/20251123-Santiago-del-Cile-Pellegrinaggio-Giubilare-Madre-Admirable-87-dimensioni-grandi.jpeg 2x\"><img decoding=\"async\" src=\"data:image\/gif;base64,R0lGODlhAQABAAAAACH5BAEKAAEALAAAAAABAAEAAAICTAEAOw==\" alt=\"\" \/><\/picture><\/figure><figure><picture><source media=\"(min-width: 1280px)\" srcset=\"https:\/\/sancarlo.org\/wp-content\/uploads\/2025\/12\/20251123-Santiago-del-Cile-Pellegrinaggio-Giubilare-Madre-Admirable-92-dimensioni-grandi.jpeg 1x, https:\/\/sancarlo.org\/wp-content\/uploads\/2025\/12\/20251123-Santiago-del-Cile-Pellegrinaggio-Giubilare-Madre-Admirable-92-dimensioni-grandi.jpeg 2x\"><source media=\"(min-width: 1024px)\" srcset=\"https:\/\/sancarlo.org\/wp-content\/uploads\/2025\/12\/20251123-Santiago-del-Cile-Pellegrinaggio-Giubilare-Madre-Admirable-92-dimensioni-grandi-1024x682.jpeg 1x, https:\/\/sancarlo.org\/wp-content\/uploads\/2025\/12\/20251123-Santiago-del-Cile-Pellegrinaggio-Giubilare-Madre-Admirable-92-dimensioni-grandi.jpeg 2x\"><source media=\"(min-width: 768px)\" srcset=\"https:\/\/sancarlo.org\/wp-content\/uploads\/2025\/12\/20251123-Santiago-del-Cile-Pellegrinaggio-Giubilare-Madre-Admirable-92-dimensioni-grandi-800x533.jpeg 1x, https:\/\/sancarlo.org\/wp-content\/uploads\/2025\/12\/20251123-Santiago-del-Cile-Pellegrinaggio-Giubilare-Madre-Admirable-92-dimensioni-grandi.jpeg 2x\"><source media=\"(min-width: 200px)\" srcset=\"https:\/\/sancarlo.org\/wp-content\/uploads\/2025\/12\/20251123-Santiago-del-Cile-Pellegrinaggio-Giubilare-Madre-Admirable-92-dimensioni-grandi-500x333.jpeg 1x, https:\/\/sancarlo.org\/wp-content\/uploads\/2025\/12\/20251123-Santiago-del-Cile-Pellegrinaggio-Giubilare-Madre-Admirable-92-dimensioni-grandi-1000x666.jpeg 2x\"><img decoding=\"async\" src=\"data:image\/gif;base64,R0lGODlhAQABAAAAACH5BAEKAAEALAAAAAABAAEAAAICTAEAOw==\" alt=\"\" \/><\/picture><\/figure><figure><picture><source media=\"(min-width: 1280px)\" srcset=\"https:\/\/sancarlo.org\/wp-content\/uploads\/2025\/12\/20251123-Santiago-del-Cile-Pellegrinaggio-Giubilare-Madre-Admirable-111-dimensioni-grandi.jpeg 1x, https:\/\/sancarlo.org\/wp-content\/uploads\/2025\/12\/20251123-Santiago-del-Cile-Pellegrinaggio-Giubilare-Madre-Admirable-111-dimensioni-grandi.jpeg 2x\"><source media=\"(min-width: 1024px)\" srcset=\"https:\/\/sancarlo.org\/wp-content\/uploads\/2025\/12\/20251123-Santiago-del-Cile-Pellegrinaggio-Giubilare-Madre-Admirable-111-dimensioni-grandi-1024x682.jpeg 1x, https:\/\/sancarlo.org\/wp-content\/uploads\/2025\/12\/20251123-Santiago-del-Cile-Pellegrinaggio-Giubilare-Madre-Admirable-111-dimensioni-grandi.jpeg 2x\"><source media=\"(min-width: 768px)\" srcset=\"https:\/\/sancarlo.org\/wp-content\/uploads\/2025\/12\/20251123-Santiago-del-Cile-Pellegrinaggio-Giubilare-Madre-Admirable-111-dimensioni-grandi-800x533.jpeg 1x, https:\/\/sancarlo.org\/wp-content\/uploads\/2025\/12\/20251123-Santiago-del-Cile-Pellegrinaggio-Giubilare-Madre-Admirable-111-dimensioni-grandi.jpeg 2x\"><source media=\"(min-width: 200px)\" srcset=\"https:\/\/sancarlo.org\/wp-content\/uploads\/2025\/12\/20251123-Santiago-del-Cile-Pellegrinaggio-Giubilare-Madre-Admirable-111-dimensioni-grandi-500x333.jpeg 1x, https:\/\/sancarlo.org\/wp-content\/uploads\/2025\/12\/20251123-Santiago-del-Cile-Pellegrinaggio-Giubilare-Madre-Admirable-111-dimensioni-grandi-1000x666.jpeg 2x\"><img decoding=\"async\" src=\"data:image\/gif;base64,R0lGODlhAQABAAAAACH5BAEKAAEALAAAAAABAAEAAAICTAEAOw==\" alt=\"\" \/><\/picture><\/figure><figure><picture><source media=\"(min-width: 1280px)\" srcset=\"https:\/\/sancarlo.org\/wp-content\/uploads\/2025\/12\/20251123-Santiago-del-Cile-Pellegrinaggio-Giubilare-Madre-Admirable-97-dimensioni-grandi.jpeg 1x, https:\/\/sancarlo.org\/wp-content\/uploads\/2025\/12\/20251123-Santiago-del-Cile-Pellegrinaggio-Giubilare-Madre-Admirable-97-dimensioni-grandi.jpeg 2x\"><source media=\"(min-width: 1024px)\" srcset=\"https:\/\/sancarlo.org\/wp-content\/uploads\/2025\/12\/20251123-Santiago-del-Cile-Pellegrinaggio-Giubilare-Madre-Admirable-97-dimensioni-grandi-1024x682.jpeg 1x, https:\/\/sancarlo.org\/wp-content\/uploads\/2025\/12\/20251123-Santiago-del-Cile-Pellegrinaggio-Giubilare-Madre-Admirable-97-dimensioni-grandi.jpeg 2x\"><source media=\"(min-width: 768px)\" srcset=\"https:\/\/sancarlo.org\/wp-content\/uploads\/2025\/12\/20251123-Santiago-del-Cile-Pellegrinaggio-Giubilare-Madre-Admirable-97-dimensioni-grandi-800x533.jpeg 1x, https:\/\/sancarlo.org\/wp-content\/uploads\/2025\/12\/20251123-Santiago-del-Cile-Pellegrinaggio-Giubilare-Madre-Admirable-97-dimensioni-grandi.jpeg 2x\"><source media=\"(min-width: 200px)\" srcset=\"https:\/\/sancarlo.org\/wp-content\/uploads\/2025\/12\/20251123-Santiago-del-Cile-Pellegrinaggio-Giubilare-Madre-Admirable-97-dimensioni-grandi-500x333.jpeg 1x, https:\/\/sancarlo.org\/wp-content\/uploads\/2025\/12\/20251123-Santiago-del-Cile-Pellegrinaggio-Giubilare-Madre-Admirable-97-dimensioni-grandi-1000x666.jpeg 2x\"><img decoding=\"async\" src=\"data:image\/gif;base64,R0lGODlhAQABAAAAACH5BAEKAAEALAAAAAABAAEAAAICTAEAOw==\" alt=\"\" \/><\/picture><\/figure><figure><picture><source media=\"(min-width: 1280px)\" srcset=\"https:\/\/sancarlo.org\/wp-content\/uploads\/2025\/12\/20251123-Santiago-del-Cile-Pellegrinaggio-Giubilare-Madre-Admirable-138-dimensioni-grandi.jpeg 1x, https:\/\/sancarlo.org\/wp-content\/uploads\/2025\/12\/20251123-Santiago-del-Cile-Pellegrinaggio-Giubilare-Madre-Admirable-138-dimensioni-grandi.jpeg 2x\"><source media=\"(min-width: 1024px)\" srcset=\"https:\/\/sancarlo.org\/wp-content\/uploads\/2025\/12\/20251123-Santiago-del-Cile-Pellegrinaggio-Giubilare-Madre-Admirable-138-dimensioni-grandi-1024x682.jpeg 1x, https:\/\/sancarlo.org\/wp-content\/uploads\/2025\/12\/20251123-Santiago-del-Cile-Pellegrinaggio-Giubilare-Madre-Admirable-138-dimensioni-grandi.jpeg 2x\"><source media=\"(min-width: 768px)\" srcset=\"https:\/\/sancarlo.org\/wp-content\/uploads\/2025\/12\/20251123-Santiago-del-Cile-Pellegrinaggio-Giubilare-Madre-Admirable-138-dimensioni-grandi-800x533.jpeg 1x, https:\/\/sancarlo.org\/wp-content\/uploads\/2025\/12\/20251123-Santiago-del-Cile-Pellegrinaggio-Giubilare-Madre-Admirable-138-dimensioni-grandi.jpeg 2x\"><source media=\"(min-width: 200px)\" srcset=\"https:\/\/sancarlo.org\/wp-content\/uploads\/2025\/12\/20251123-Santiago-del-Cile-Pellegrinaggio-Giubilare-Madre-Admirable-138-dimensioni-grandi-500x333.jpeg 1x, https:\/\/sancarlo.org\/wp-content\/uploads\/2025\/12\/20251123-Santiago-del-Cile-Pellegrinaggio-Giubilare-Madre-Admirable-138-dimensioni-grandi-1000x666.jpeg 2x\"><img decoding=\"async\" src=\"data:image\/gif;base64,R0lGODlhAQABAAAAACH5BAEKAAEALAAAAAABAAEAAAICTAEAOw==\" alt=\"\" \/><\/picture><\/figure><figure><picture><source media=\"(min-width: 1280px)\" srcset=\"https:\/\/sancarlo.org\/wp-content\/uploads\/2025\/12\/20251123-Santiago-del-Cile-Pellegrinaggio-Giubilare-Madre-Admirable-100-dimensioni-grandi.jpeg 1x, https:\/\/sancarlo.org\/wp-content\/uploads\/2025\/12\/20251123-Santiago-del-Cile-Pellegrinaggio-Giubilare-Madre-Admirable-100-dimensioni-grandi.jpeg 2x\"><source media=\"(min-width: 1024px)\" srcset=\"https:\/\/sancarlo.org\/wp-content\/uploads\/2025\/12\/20251123-Santiago-del-Cile-Pellegrinaggio-Giubilare-Madre-Admirable-100-dimensioni-grandi-1024x682.jpeg 1x, https:\/\/sancarlo.org\/wp-content\/uploads\/2025\/12\/20251123-Santiago-del-Cile-Pellegrinaggio-Giubilare-Madre-Admirable-100-dimensioni-grandi.jpeg 2x\"><source media=\"(min-width: 768px)\" srcset=\"https:\/\/sancarlo.org\/wp-content\/uploads\/2025\/12\/20251123-Santiago-del-Cile-Pellegrinaggio-Giubilare-Madre-Admirable-100-dimensioni-grandi-800x533.jpeg 1x, https:\/\/sancarlo.org\/wp-content\/uploads\/2025\/12\/20251123-Santiago-del-Cile-Pellegrinaggio-Giubilare-Madre-Admirable-100-dimensioni-grandi.jpeg 2x\"><source media=\"(min-width: 200px)\" srcset=\"https:\/\/sancarlo.org\/wp-content\/uploads\/2025\/12\/20251123-Santiago-del-Cile-Pellegrinaggio-Giubilare-Madre-Admirable-100-dimensioni-grandi-500x333.jpeg 1x, https:\/\/sancarlo.org\/wp-content\/uploads\/2025\/12\/20251123-Santiago-del-Cile-Pellegrinaggio-Giubilare-Madre-Admirable-100-dimensioni-grandi-1000x666.jpeg 2x\"><img decoding=\"async\" src=\"data:image\/gif;base64,R0lGODlhAQABAAAAACH5BAEKAAEALAAAAAABAAEAAAICTAEAOw==\" alt=\"\" \/><\/picture><\/figure><figure><picture><source media=\"(min-width: 1280px)\" srcset=\"https:\/\/sancarlo.org\/wp-content\/uploads\/2025\/12\/20251123-Santiago-del-Cile-Pellegrinaggio-Giubilare-Madre-Admirable-113-dimensioni-grandi.jpeg 1x, https:\/\/sancarlo.org\/wp-content\/uploads\/2025\/12\/20251123-Santiago-del-Cile-Pellegrinaggio-Giubilare-Madre-Admirable-113-dimensioni-grandi.jpeg 2x\"><source media=\"(min-width: 1024px)\" srcset=\"https:\/\/sancarlo.org\/wp-content\/uploads\/2025\/12\/20251123-Santiago-del-Cile-Pellegrinaggio-Giubilare-Madre-Admirable-113-dimensioni-grandi-1024x682.jpeg 1x, https:\/\/sancarlo.org\/wp-content\/uploads\/2025\/12\/20251123-Santiago-del-Cile-Pellegrinaggio-Giubilare-Madre-Admirable-113-dimensioni-grandi.jpeg 2x\"><source media=\"(min-width: 768px)\" srcset=\"https:\/\/sancarlo.org\/wp-content\/uploads\/2025\/12\/20251123-Santiago-del-Cile-Pellegrinaggio-Giubilare-Madre-Admirable-113-dimensioni-grandi-800x533.jpeg 1x, https:\/\/sancarlo.org\/wp-content\/uploads\/2025\/12\/20251123-Santiago-del-Cile-Pellegrinaggio-Giubilare-Madre-Admirable-113-dimensioni-grandi.jpeg 2x\"><source media=\"(min-width: 200px)\" srcset=\"https:\/\/sancarlo.org\/wp-content\/uploads\/2025\/12\/20251123-Santiago-del-Cile-Pellegrinaggio-Giubilare-Madre-Admirable-113-dimensioni-grandi-500x333.jpeg 1x, https:\/\/sancarlo.org\/wp-content\/uploads\/2025\/12\/20251123-Santiago-del-Cile-Pellegrinaggio-Giubilare-Madre-Admirable-113-dimensioni-grandi-1000x666.jpeg 2x\"><img decoding=\"async\" src=\"data:image\/gif;base64,R0lGODlhAQABAAAAACH5BAEKAAEALAAAAAABAAEAAAICTAEAOw==\" alt=\"\" \/><\/picture><\/figure><figure><picture><source media=\"(min-width: 1280px)\" srcset=\"https:\/\/sancarlo.org\/wp-content\/uploads\/2025\/12\/20251123-Santiago-del-Cile-Pellegrinaggio-Giubilare-Madre-Admirable-119-dimensioni-grandi.jpeg 1x, https:\/\/sancarlo.org\/wp-content\/uploads\/2025\/12\/20251123-Santiago-del-Cile-Pellegrinaggio-Giubilare-Madre-Admirable-119-dimensioni-grandi.jpeg 2x\"><source media=\"(min-width: 1024px)\" srcset=\"https:\/\/sancarlo.org\/wp-content\/uploads\/2025\/12\/20251123-Santiago-del-Cile-Pellegrinaggio-Giubilare-Madre-Admirable-119-dimensioni-grandi-1024x682.jpeg 1x, https:\/\/sancarlo.org\/wp-content\/uploads\/2025\/12\/20251123-Santiago-del-Cile-Pellegrinaggio-Giubilare-Madre-Admirable-119-dimensioni-grandi.jpeg 2x\"><source media=\"(min-width: 768px)\" srcset=\"https:\/\/sancarlo.org\/wp-content\/uploads\/2025\/12\/20251123-Santiago-del-Cile-Pellegrinaggio-Giubilare-Madre-Admirable-119-dimensioni-grandi-800x533.jpeg 1x, https:\/\/sancarlo.org\/wp-content\/uploads\/2025\/12\/20251123-Santiago-del-Cile-Pellegrinaggio-Giubilare-Madre-Admirable-119-dimensioni-grandi.jpeg 2x\"><source media=\"(min-width: 200px)\" srcset=\"https:\/\/sancarlo.org\/wp-content\/uploads\/2025\/12\/20251123-Santiago-del-Cile-Pellegrinaggio-Giubilare-Madre-Admirable-119-dimensioni-grandi-500x333.jpeg 1x, https:\/\/sancarlo.org\/wp-content\/uploads\/2025\/12\/20251123-Santiago-del-Cile-Pellegrinaggio-Giubilare-Madre-Admirable-119-dimensioni-grandi-1000x666.jpeg 2x\"><img decoding=\"async\" src=\"data:image\/gif;base64,R0lGODlhAQABAAAAACH5BAEKAAEALAAAAAABAAEAAAICTAEAOw==\" alt=\"\" \/><\/picture><\/figure><figure><picture><source media=\"(min-width: 1280px)\" srcset=\"https:\/\/sancarlo.org\/wp-content\/uploads\/2025\/12\/20251123-Santiago-del-Cile-Pellegrinaggio-Giubilare-Madre-Admirable-133-dimensioni-grandi.jpeg 1x, https:\/\/sancarlo.org\/wp-content\/uploads\/2025\/12\/20251123-Santiago-del-Cile-Pellegrinaggio-Giubilare-Madre-Admirable-133-dimensioni-grandi.jpeg 2x\"><source media=\"(min-width: 1024px)\" srcset=\"https:\/\/sancarlo.org\/wp-content\/uploads\/2025\/12\/20251123-Santiago-del-Cile-Pellegrinaggio-Giubilare-Madre-Admirable-133-dimensioni-grandi-1024x682.jpeg 1x, https:\/\/sancarlo.org\/wp-content\/uploads\/2025\/12\/20251123-Santiago-del-Cile-Pellegrinaggio-Giubilare-Madre-Admirable-133-dimensioni-grandi.jpeg 2x\"><source media=\"(min-width: 768px)\" srcset=\"https:\/\/sancarlo.org\/wp-content\/uploads\/2025\/12\/20251123-Santiago-del-Cile-Pellegrinaggio-Giubilare-Madre-Admirable-133-dimensioni-grandi-800x533.jpeg 1x, https:\/\/sancarlo.org\/wp-content\/uploads\/2025\/12\/20251123-Santiago-del-Cile-Pellegrinaggio-Giubilare-Madre-Admirable-133-dimensioni-grandi.jpeg 2x\"><source media=\"(min-width: 200px)\" srcset=\"https:\/\/sancarlo.org\/wp-content\/uploads\/2025\/12\/20251123-Santiago-del-Cile-Pellegrinaggio-Giubilare-Madre-Admirable-133-dimensioni-grandi-500x333.jpeg 1x, https:\/\/sancarlo.org\/wp-content\/uploads\/2025\/12\/20251123-Santiago-del-Cile-Pellegrinaggio-Giubilare-Madre-Admirable-133-dimensioni-grandi-1000x666.jpeg 2x\"><img decoding=\"async\" src=\"data:image\/gif;base64,R0lGODlhAQABAAAAACH5BAEKAAEALAAAAAABAAEAAAICTAEAOw==\" alt=\"\" \/><\/picture><\/figure><figure><picture><source media=\"(min-width: 1280px)\" srcset=\"https:\/\/sancarlo.org\/wp-content\/uploads\/2025\/12\/20251123-Santiago-del-Cile-Pellegrinaggio-Giubilare-Madre-Admirable-124-dimensioni-grandi.jpeg 1x, https:\/\/sancarlo.org\/wp-content\/uploads\/2025\/12\/20251123-Santiago-del-Cile-Pellegrinaggio-Giubilare-Madre-Admirable-124-dimensioni-grandi.jpeg 2x\"><source media=\"(min-width: 1024px)\" srcset=\"https:\/\/sancarlo.org\/wp-content\/uploads\/2025\/12\/20251123-Santiago-del-Cile-Pellegrinaggio-Giubilare-Madre-Admirable-124-dimensioni-grandi-1024x682.jpeg 1x, https:\/\/sancarlo.org\/wp-content\/uploads\/2025\/12\/20251123-Santiago-del-Cile-Pellegrinaggio-Giubilare-Madre-Admirable-124-dimensioni-grandi.jpeg 2x\"><source media=\"(min-width: 768px)\" srcset=\"https:\/\/sancarlo.org\/wp-content\/uploads\/2025\/12\/20251123-Santiago-del-Cile-Pellegrinaggio-Giubilare-Madre-Admirable-124-dimensioni-grandi-800x533.jpeg 1x, https:\/\/sancarlo.org\/wp-content\/uploads\/2025\/12\/20251123-Santiago-del-Cile-Pellegrinaggio-Giubilare-Madre-Admirable-124-dimensioni-grandi.jpeg 2x\"><source media=\"(min-width: 200px)\" srcset=\"https:\/\/sancarlo.org\/wp-content\/uploads\/2025\/12\/20251123-Santiago-del-Cile-Pellegrinaggio-Giubilare-Madre-Admirable-124-dimensioni-grandi-500x333.jpeg 1x, https:\/\/sancarlo.org\/wp-content\/uploads\/2025\/12\/20251123-Santiago-del-Cile-Pellegrinaggio-Giubilare-Madre-Admirable-124-dimensioni-grandi-1000x666.jpeg 2x\"><img decoding=\"async\" src=\"data:image\/gif;base64,R0lGODlhAQABAAAAACH5BAEKAAEALAAAAAABAAEAAAICTAEAOw==\" alt=\"\" \/><\/picture><\/figure><figure><picture><source media=\"(min-width: 1280px)\" srcset=\"https:\/\/sancarlo.org\/wp-content\/uploads\/2025\/12\/20251123-Santiago-del-Cile-Pellegrinaggio-Giubilare-Madre-Admirable-130-dimensioni-grandi.jpeg 1x, https:\/\/sancarlo.org\/wp-content\/uploads\/2025\/12\/20251123-Santiago-del-Cile-Pellegrinaggio-Giubilare-Madre-Admirable-130-dimensioni-grandi.jpeg 2x\"><source media=\"(min-width: 1024px)\" srcset=\"https:\/\/sancarlo.org\/wp-content\/uploads\/2025\/12\/20251123-Santiago-del-Cile-Pellegrinaggio-Giubilare-Madre-Admirable-130-dimensioni-grandi-1024x682.jpeg 1x, https:\/\/sancarlo.org\/wp-content\/uploads\/2025\/12\/20251123-Santiago-del-Cile-Pellegrinaggio-Giubilare-Madre-Admirable-130-dimensioni-grandi.jpeg 2x\"><source media=\"(min-width: 768px)\" srcset=\"https:\/\/sancarlo.org\/wp-content\/uploads\/2025\/12\/20251123-Santiago-del-Cile-Pellegrinaggio-Giubilare-Madre-Admirable-130-dimensioni-grandi-800x533.jpeg 1x, https:\/\/sancarlo.org\/wp-content\/uploads\/2025\/12\/20251123-Santiago-del-Cile-Pellegrinaggio-Giubilare-Madre-Admirable-130-dimensioni-grandi.jpeg 2x\"><source media=\"(min-width: 200px)\" srcset=\"https:\/\/sancarlo.org\/wp-content\/uploads\/2025\/12\/20251123-Santiago-del-Cile-Pellegrinaggio-Giubilare-Madre-Admirable-130-dimensioni-grandi-500x333.jpeg 1x, https:\/\/sancarlo.org\/wp-content\/uploads\/2025\/12\/20251123-Santiago-del-Cile-Pellegrinaggio-Giubilare-Madre-Admirable-130-dimensioni-grandi-1000x666.jpeg 2x\"><img decoding=\"async\" src=\"data:image\/gif;base64,R0lGODlhAQABAAAAACH5BAEKAAEALAAAAAABAAEAAAICTAEAOw==\" alt=\"\" \/><\/picture><\/figure><figure><picture><source media=\"(min-width: 1280px)\" srcset=\"https:\/\/sancarlo.org\/wp-content\/uploads\/2025\/12\/20251123-Santiago-del-Cile-Pellegrinaggio-Giubilare-Madre-Admirable-129-dimensioni-grandi.jpeg 1x, https:\/\/sancarlo.org\/wp-content\/uploads\/2025\/12\/20251123-Santiago-del-Cile-Pellegrinaggio-Giubilare-Madre-Admirable-129-dimensioni-grandi.jpeg 2x\"><source media=\"(min-width: 1024px)\" srcset=\"https:\/\/sancarlo.org\/wp-content\/uploads\/2025\/12\/20251123-Santiago-del-Cile-Pellegrinaggio-Giubilare-Madre-Admirable-129-dimensioni-grandi-1024x682.jpeg 1x, https:\/\/sancarlo.org\/wp-content\/uploads\/2025\/12\/20251123-Santiago-del-Cile-Pellegrinaggio-Giubilare-Madre-Admirable-129-dimensioni-grandi.jpeg 2x\"><source media=\"(min-width: 768px)\" srcset=\"https:\/\/sancarlo.org\/wp-content\/uploads\/2025\/12\/20251123-Santiago-del-Cile-Pellegrinaggio-Giubilare-Madre-Admirable-129-dimensioni-grandi-800x533.jpeg 1x, https:\/\/sancarlo.org\/wp-content\/uploads\/2025\/12\/20251123-Santiago-del-Cile-Pellegrinaggio-Giubilare-Madre-Admirable-129-dimensioni-grandi.jpeg 2x\"><source media=\"(min-width: 200px)\" srcset=\"https:\/\/sancarlo.org\/wp-content\/uploads\/2025\/12\/20251123-Santiago-del-Cile-Pellegrinaggio-Giubilare-Madre-Admirable-129-dimensioni-grandi-500x333.jpeg 1x, https:\/\/sancarlo.org\/wp-content\/uploads\/2025\/12\/20251123-Santiago-del-Cile-Pellegrinaggio-Giubilare-Madre-Admirable-129-dimensioni-grandi-1000x666.jpeg 2x\"><img decoding=\"async\" src=\"data:image\/gif;base64,R0lGODlhAQABAAAAACH5BAEKAAEALAAAAAABAAEAAAICTAEAOw==\" alt=\"\" \/><\/picture><\/figure><figure><picture><source media=\"(min-width: 1280px)\" srcset=\"https:\/\/sancarlo.org\/wp-content\/uploads\/2025\/12\/20251123-Santiago-del-Cile-Pellegrinaggio-Giubilare-Madre-Admirable-139-dimensioni-grandi.jpeg 1x, https:\/\/sancarlo.org\/wp-content\/uploads\/2025\/12\/20251123-Santiago-del-Cile-Pellegrinaggio-Giubilare-Madre-Admirable-139-dimensioni-grandi.jpeg 2x\"><source media=\"(min-width: 1024px)\" srcset=\"https:\/\/sancarlo.org\/wp-content\/uploads\/2025\/12\/20251123-Santiago-del-Cile-Pellegrinaggio-Giubilare-Madre-Admirable-139-dimensioni-grandi-1024x682.jpeg 1x, https:\/\/sancarlo.org\/wp-content\/uploads\/2025\/12\/20251123-Santiago-del-Cile-Pellegrinaggio-Giubilare-Madre-Admirable-139-dimensioni-grandi.jpeg 2x\"><source media=\"(min-width: 768px)\" srcset=\"https:\/\/sancarlo.org\/wp-content\/uploads\/2025\/12\/20251123-Santiago-del-Cile-Pellegrinaggio-Giubilare-Madre-Admirable-139-dimensioni-grandi-800x533.jpeg 1x, https:\/\/sancarlo.org\/wp-content\/uploads\/2025\/12\/20251123-Santiago-del-Cile-Pellegrinaggio-Giubilare-Madre-Admirable-139-dimensioni-grandi.jpeg 2x\"><source media=\"(min-width: 200px)\" srcset=\"https:\/\/sancarlo.org\/wp-content\/uploads\/2025\/12\/20251123-Santiago-del-Cile-Pellegrinaggio-Giubilare-Madre-Admirable-139-dimensioni-grandi-500x333.jpeg 1x, https:\/\/sancarlo.org\/wp-content\/uploads\/2025\/12\/20251123-Santiago-del-Cile-Pellegrinaggio-Giubilare-Madre-Admirable-139-dimensioni-grandi-1000x666.jpeg 2x\"><img decoding=\"async\" src=\"data:image\/gif;base64,R0lGODlhAQABAAAAACH5BAEKAAEALAAAAAABAAEAAAICTAEAOw==\" alt=\"\" \/><\/picture><\/figure><\/div><\/div><\/div><\/div><\/div>\n<\/div><\/div><\/div>","protected":false},"excerpt":{"rendered":"<p>La peregrinaci\u00f3n jubilar de la parroquia de Puente Alto.<\/p>\n","protected":false},"author":1,"featured_media":16631,"comment_status":"closed","ping_status":"closed","sticky":false,"template":"","format":"standard","meta":{"_acf_changed":false,"inline_featured_image":false,"slim_seo":{"title":"Peregrinaci\u00f3n jubilar en Ciudad de Sol - Fraternidad San Carlos","description":"La peregrinaci\u00f3n jubilar de la parroquia de Puente Alto."},"footnotes":""},"categories":[373],"tags":[539,1138,540,537,506],"writers":[],"regions":[1246],"cities":[438],"class_list":["post-15502","post","type-post","status-publish","format-standard","has-post-thumbnail","hentry","category-eventos","tag-fede-3","tag-giubileo-es","tag-parrocchia-3","tag-pellegrinaggio-es","tag-preghiera-es","regions-america-del-sur","cities-santiago-de-chile-es"],"acf":[],"_links":{"self":[{"href":"https:\/\/sancarlo.org\/es\/wp-json\/wp\/v2\/posts\/15502","targetHints":{"allow":["GET"]}}],"collection":[{"href":"https:\/\/sancarlo.org\/es\/wp-json\/wp\/v2\/posts"}],"about":[{"href":"https:\/\/sancarlo.org\/es\/wp-json\/wp\/v2\/types\/post"}],"author":[{"embeddable":true,"href":"https:\/\/sancarlo.org\/es\/wp-json\/wp\/v2\/users\/1"}],"replies":[{"embeddable":true,"href":"https:\/\/sancarlo.org\/es\/wp-json\/wp\/v2\/comments?post=15502"}],"version-history":[{"count":2,"href":"https:\/\/sancarlo.org\/es\/wp-json\/wp\/v2\/posts\/15502\/revisions"}],"predecessor-version":[{"id":16222,"href":"https:\/\/sancarlo.org\/es\/wp-json\/wp\/v2\/posts\/15502\/revisions\/16222"}],"wp:featuredmedia":[{"embeddable":true,"href":"https:\/\/sancarlo.org\/es\/wp-json\/wp\/v2\/media\/16631"}],"wp:attachment":[{"href":"https:\/\/sancarlo.org\/es\/wp-json\/wp\/v2\/media?parent=15502"}],"wp:term":[{"taxonomy":"category","embeddable":true,"href":"https:\/\/sancarlo.org\/es\/wp-json\/wp\/v2\/categories?post=15502"},{"taxonomy":"post_tag","embeddable":true,"href":"https:\/\/sancarlo.org\/es\/wp-json\/wp\/v2\/tags?post=15502"},{"taxonomy":"writers","embeddable":true,"href":"https:\/\/sancarlo.org\/es\/wp-json\/wp\/v2\/writers?post=15502"},{"taxonomy":"regions","embeddable":true,"href":"https:\/\/sancarlo.org\/es\/wp-json\/wp\/v2\/regions?post=15502"},{"taxonomy":"cities","embeddable":true,"href":"https:\/\/sancarlo.org\/es\/wp-json\/wp\/v2\/cities?post=15502"}],"curies":[{"name":"wp","href":"https:\/\/api.w.org\/{rel}","templated":true}]}}