{"id":16210,"date":"2026-01-30T13:06:59","date_gmt":"2026-01-30T12:06:59","guid":{"rendered":"https:\/\/sancarlo.org\/?p=16210"},"modified":"2026-01-30T13:07:02","modified_gmt":"2026-01-30T12:07:02","slug":"colonia-urbana-2026","status":"publish","type":"post","link":"https:\/\/sancarlo.org\/es\/colonia-urbana-2026\/","title":{"rendered":"Colonia urbana 2026"},"content":{"rendered":"\n<p>En la colonia urbana de la parroquia Beato Pietro Bonilli (Santiago de Chile) participaron m\u00e1s de 250 ni\u00f1os, 80 voluntarios, 20 adultos y 5 sacerdotes. Del 12 al 23 de enero de 2025, con la historia de Mois\u00e9s como referencia durante esos d\u00edas, la parroquia se llen\u00f3 de vida entre juegos, cantos, teatro y talleres. El t\u00edtulo de la colonia de este a\u00f1o fue: \u00abT\u00fa har\u00e1s maravillas\u00bb.<\/p>\n\n\n\n<p>El siguiente v\u00eddeo narra la experiencia de esas dos semanas.<\/p>\n\n\n\n<figure class=\"wp-block-embed is-type-video is-provider-youtube wp-block-embed-youtube wp-embed-aspect-16-9 wp-has-aspect-ratio\"><div class=\"wp-block-embed__wrapper\">\n<iframe loading=\"lazy\" title=\"T\u00fa hara\u0301s maravillas\" width=\"500\" height=\"281\" src=\"https:\/\/www.youtube.com\/embed\/pjVUiMV22uU?feature=oembed\" frameborder=\"0\" allow=\"accelerometer; autoplay; clipboard-write; encrypted-media; gyroscope; picture-in-picture; web-share\" referrerpolicy=\"strict-origin-when-cross-origin\" allowfullscreen><\/iframe>\n<\/div><\/figure>\n","protected":false},"excerpt":{"rendered":"<p>Dos semanas de amistad y comuni\u00f3n para 250 ni\u00f1os de Puente Alto, un barrio de la periferia sur de Santiago de Chile.<\/p>\n","protected":false},"author":1,"featured_media":16209,"comment_status":"closed","ping_status":"closed","sticky":false,"template":"","format":"standard","meta":{"_acf_changed":false,"inline_featured_image":false,"slim_seo":{"title":"Colonia urbana 2026 - Fraternidad San Carlos","description":"Dos semanas de amistad y comuni\u00f3n para 250 ni\u00f1os de Puente Alto, un barrio de la periferia sur de Santiago de Chile."},"footnotes":""},"categories":[373],"tags":[363,736,503,680,1112],"writers":[],"regions":[1246],"cities":[438],"class_list":["post-16210","post","type-post","status-publish","format-standard","has-post-thumbnail","hentry","category-eventos","tag-amicizia-es","tag-bambini-es","tag-comunione-es","tag-educazione-es","tag-gioco-es","regions-america-del-sur","cities-santiago-de-chile-es"],"acf":[],"_links":{"self":[{"href":"https:\/\/sancarlo.org\/es\/wp-json\/wp\/v2\/posts\/16210","targetHints":{"allow":["GET"]}}],"collection":[{"href":"https:\/\/sancarlo.org\/es\/wp-json\/wp\/v2\/posts"}],"about":[{"href":"https:\/\/sancarlo.org\/es\/wp-json\/wp\/v2\/types\/post"}],"author":[{"embeddable":true,"href":"https:\/\/sancarlo.org\/es\/wp-json\/wp\/v2\/users\/1"}],"replies":[{"embeddable":true,"href":"https:\/\/sancarlo.org\/es\/wp-json\/wp\/v2\/comments?post=16210"}],"version-history":[{"count":1,"href":"https:\/\/sancarlo.org\/es\/wp-json\/wp\/v2\/posts\/16210\/revisions"}],"predecessor-version":[{"id":16211,"href":"https:\/\/sancarlo.org\/es\/wp-json\/wp\/v2\/posts\/16210\/revisions\/16211"}],"wp:featuredmedia":[{"embeddable":true,"href":"https:\/\/sancarlo.org\/es\/wp-json\/wp\/v2\/media\/16209"}],"wp:attachment":[{"href":"https:\/\/sancarlo.org\/es\/wp-json\/wp\/v2\/media?parent=16210"}],"wp:term":[{"taxonomy":"category","embeddable":true,"href":"https:\/\/sancarlo.org\/es\/wp-json\/wp\/v2\/categories?post=16210"},{"taxonomy":"post_tag","embeddable":true,"href":"https:\/\/sancarlo.org\/es\/wp-json\/wp\/v2\/tags?post=16210"},{"taxonomy":"writers","embeddable":true,"href":"https:\/\/sancarlo.org\/es\/wp-json\/wp\/v2\/writers?post=16210"},{"taxonomy":"regions","embeddable":true,"href":"https:\/\/sancarlo.org\/es\/wp-json\/wp\/v2\/regions?post=16210"},{"taxonomy":"cities","embeddable":true,"href":"https:\/\/sancarlo.org\/es\/wp-json\/wp\/v2\/cities?post=16210"}],"curies":[{"name":"wp","href":"https:\/\/api.w.org\/{rel}","templated":true}]}}