{"id":17650,"date":"2026-04-23T16:50:32","date_gmt":"2026-04-23T14:50:32","guid":{"rendered":"https:\/\/sancarlo.org\/fiduciosi-come-bambini\/"},"modified":"2026-04-23T16:50:35","modified_gmt":"2026-04-23T14:50:35","slug":"confiados-como-ninos","status":"publish","type":"post","link":"https:\/\/sancarlo.org\/es\/confiados-como-ninos\/","title":{"rendered":"Confiados como ni\u00f1os"},"content":{"rendered":"<figure class=\"wp-block-image wp-block-image--fnztema is-style-full-width\"><picture><source media=\"(min-width: 1280px)\" srcset=\"https:\/\/sancarlo.org\/wp-content\/uploads\/2025\/12\/Canisiuskirche-Wien-1366x1192.jpg 1x, https:\/\/sancarlo.org\/wp-content\/uploads\/2025\/12\/Canisiuskirche-Wien.jpg 2x\"><source media=\"(min-width: 1024px)\" srcset=\"https:\/\/sancarlo.org\/wp-content\/uploads\/2025\/12\/Canisiuskirche-Wien-1024x894.jpg 1x, https:\/\/sancarlo.org\/wp-content\/uploads\/2025\/12\/Canisiuskirche-Wien-2048x1787.jpg 2x\"><source media=\"(min-width: 768px)\" srcset=\"https:\/\/sancarlo.org\/wp-content\/uploads\/2025\/12\/Canisiuskirche-Wien-800x698.jpg 1x, https:\/\/sancarlo.org\/wp-content\/uploads\/2025\/12\/Canisiuskirche-Wien-1600x1396.jpg 2x\"><source media=\"(min-width: 200px)\" srcset=\"https:\/\/sancarlo.org\/wp-content\/uploads\/2025\/12\/Canisiuskirche-Wien-500x436.jpg 1x, https:\/\/sancarlo.org\/wp-content\/uploads\/2025\/12\/Canisiuskirche-Wien-1000x873.jpg 2x\"><img decoding=\"async\" src=\"data:image\/gif;base64,R0lGODlhAQABAAAAACH5BAEKAAEALAAAAAABAAEAAAICTAEAOw==\" alt=\"Canisiuskirche Wien\" \/><\/picture><figcaption>La iglesia de san Pedro Canisio en Viena.<\/figcaption><\/figure>\n\n\n<p>Este verano sustitu\u00ed a un sacerdote en una de las parroquias vecinas para celebrar un bautismo. En la gran iglesia de estilo neorrom\u00e1nico, dedicada a san Pedro Canisio, se escuchaba el bullicio de las voces de los ni\u00f1os, hijos en edad escolar de las familias amigas que acud\u00edan a la ceremonia.<\/p>\n\n\n\n<p>El Evangelio narra c\u00f3mo algunas personas llevan a los ni\u00f1os a Jes\u00fas para que los abrace y los bendiga. Luego el Se\u00f1or reprende a los disc\u00edpulos con estas palabras: \u00abDejad que los ni\u00f1os vengan a m\u00ed, no se lo impid\u00e1is, porque de quienes son como ellos es el reino de Dios\u00bb. En la homil\u00eda describ\u00ed esta escena, tan parecida a la del bautismo que est\u00e1bamos viviendo, y habl\u00e9 del deseo de los padres de que sus hijos encuentren el amor de Dios. Luego pregunt\u00e9: \u00abPero, seg\u00fan vosotros, \u00bfpor qu\u00e9 a Jes\u00fas le gustan tanto los ni\u00f1os, hasta el punto de decir que solo quien es como ellos entrar\u00e1 en el reino de Dios?\u00bb.<\/p>\n\n\n\n<blockquote class=\"wp-block-quote\">\n<p>\u00ab\u00bfPor qu\u00e9 a Jes\u00fas le gustan tanto los ni\u00f1os, hasta el punto de decir que solo quien es como ellos entrar\u00e1 en el reino de Dios?\u00bb<\/p>\n<\/blockquote>\n\n\n\n<p>Tras un momento de reflexi\u00f3n, un padre exclama: \u00ab\u00a1Porque son inocentes!\u00bb. La respuesta no me convenci\u00f3. Me dirig\u00ed con una sonrisa a los ni\u00f1os presentes y pregunt\u00e9: \u00abNi\u00f1os, \u00bfsois todos realmente tan inocentes?\u00bb. Un chico de unos diez a\u00f1os respondi\u00f3 con naturalidad, casi divertido: \u00ab\u00a1No, yo no!\u00bb. Pues bien, eso es precisamente lo que le gusta a Jes\u00fas de los ni\u00f1os: esa facilidad para reconocer que Le necesitan, esa confianza y, sobre todo, la certeza de que \u00c9l nos concede su perd\u00f3n. Es una buena noticia, porque tambi\u00e9n es posible para nosotros, los adultos.<\/p>\n\n\n\n<p>Durante esos d\u00edas le\u00ed en la enc\u00edclica del papa Francisco sobre el Sagrado Coraz\u00f3n de Jes\u00fas, <em>Dilexit nos<\/em>, una hermosa frase de santa Teresita del Ni\u00f1o Jes\u00fas: \u00abA veces, cuando leo ciertos tratados espirituales en los que la perfecci\u00f3n se presenta a trav\u00e9s de mil obst\u00e1culos, rodeada de una multitud de ilusiones, mi pobre esp\u00edritu se cansa muy pronto; cierro el libro erudito, que me rompe la cabeza y me seca el coraz\u00f3n, y tomo la Sagrada Escritura. Entonces todo me parece luminoso: una sola palabra revela a mi alma horizontes infinitos; la perfecci\u00f3n me parece f\u00e1cil; veo que basta con reconocer la propia nada y abandonarse como un ni\u00f1o en los brazos del buen Dios\u00bb. El texto alem\u00e1n lo traduce de un modo a\u00fan m\u00e1s sugerente: \u00ablanzarse a los brazos del buen Dios\u00bb. Me lo imagino tomando impulso, como hace un ni\u00f1o con su madre o su padre. La confianza filial en el amor misericordioso de Dios sostiene todo lo dem\u00e1s. \u00a1Qu\u00e9 preciosidad aprender de un ni\u00f1o mientras uno realiza su propio trabajo!<\/p>\n","protected":false},"excerpt":{"rendered":"<p>Durante un bautismo en Viena, un ni\u00f1o nos recuerda qu\u00e9 significa confiar en Dios.<\/p>\n","protected":false},"author":1,"featured_media":17651,"comment_status":"closed","ping_status":"closed","sticky":false,"template":"","format":"standard","meta":{"_acf_changed":false,"inline_featured_image":false,"slim_seo":{"title":"Confiados como ni\u00f1os - Fraternidad San Carlos","description":"Durante un bautismo en Viena, un ni\u00f1o nos recuerda qu\u00e9 significa confiar en Dios."},"footnotes":""},"categories":[379],"tags":[736,1347],"writers":[51],"regions":[383],"cities":[448],"class_list":["post-17650","post","type-post","status-publish","format-standard","has-post-thumbnail","hentry","category-testimonios","tag-bambini-es","tag-battesimo","writers-matteo-dallagata","regions-europa-es","cities-vienna-es"],"acf":[],"_links":{"self":[{"href":"https:\/\/sancarlo.org\/es\/wp-json\/wp\/v2\/posts\/17650","targetHints":{"allow":["GET"]}}],"collection":[{"href":"https:\/\/sancarlo.org\/es\/wp-json\/wp\/v2\/posts"}],"about":[{"href":"https:\/\/sancarlo.org\/es\/wp-json\/wp\/v2\/types\/post"}],"author":[{"embeddable":true,"href":"https:\/\/sancarlo.org\/es\/wp-json\/wp\/v2\/users\/1"}],"replies":[{"embeddable":true,"href":"https:\/\/sancarlo.org\/es\/wp-json\/wp\/v2\/comments?post=17650"}],"version-history":[{"count":1,"href":"https:\/\/sancarlo.org\/es\/wp-json\/wp\/v2\/posts\/17650\/revisions"}],"predecessor-version":[{"id":17653,"href":"https:\/\/sancarlo.org\/es\/wp-json\/wp\/v2\/posts\/17650\/revisions\/17653"}],"wp:featuredmedia":[{"embeddable":true,"href":"https:\/\/sancarlo.org\/es\/wp-json\/wp\/v2\/media\/17651"}],"wp:attachment":[{"href":"https:\/\/sancarlo.org\/es\/wp-json\/wp\/v2\/media?parent=17650"}],"wp:term":[{"taxonomy":"category","embeddable":true,"href":"https:\/\/sancarlo.org\/es\/wp-json\/wp\/v2\/categories?post=17650"},{"taxonomy":"post_tag","embeddable":true,"href":"https:\/\/sancarlo.org\/es\/wp-json\/wp\/v2\/tags?post=17650"},{"taxonomy":"writers","embeddable":true,"href":"https:\/\/sancarlo.org\/es\/wp-json\/wp\/v2\/writers?post=17650"},{"taxonomy":"regions","embeddable":true,"href":"https:\/\/sancarlo.org\/es\/wp-json\/wp\/v2\/regions?post=17650"},{"taxonomy":"cities","embeddable":true,"href":"https:\/\/sancarlo.org\/es\/wp-json\/wp\/v2\/cities?post=17650"}],"curies":[{"name":"wp","href":"https:\/\/api.w.org\/{rel}","templated":true}]}}