{"id":22468,"date":"2026-09-01T16:26:42","date_gmt":"2026-09-01T14:26:42","guid":{"rendered":"https:\/\/sancarlo.org\/una-luce-nuova\/"},"modified":"2026-09-01T16:26:45","modified_gmt":"2026-09-01T14:26:45","slug":"una-luz-nueva","status":"publish","type":"post","link":"https:\/\/sancarlo.org\/es\/una-luz-nueva\/","title":{"rendered":"Una luz nueva"},"content":{"rendered":"<figure class=\"wp-block-image wp-block-image--fnztema is-style-full-width\"><picture><source media=\"(min-width: 1280px)\" srcset=\"https:\/\/sancarlo.org\/wp-content\/uploads\/2026\/03\/20260222-Nairobi-Mostra-Giussani-3-dimensioni-grandi.jpeg 1x, https:\/\/sancarlo.org\/wp-content\/uploads\/2026\/03\/20260222-Nairobi-Mostra-Giussani-3-dimensioni-grandi.jpeg 2x\"><source media=\"(min-width: 1024px)\" srcset=\"https:\/\/sancarlo.org\/wp-content\/uploads\/2026\/03\/20260222-Nairobi-Mostra-Giussani-3-dimensioni-grandi-1024x682.jpeg 1x, https:\/\/sancarlo.org\/wp-content\/uploads\/2026\/03\/20260222-Nairobi-Mostra-Giussani-3-dimensioni-grandi.jpeg 2x\"><source media=\"(min-width: 768px)\" srcset=\"https:\/\/sancarlo.org\/wp-content\/uploads\/2026\/03\/20260222-Nairobi-Mostra-Giussani-3-dimensioni-grandi-800x533.jpeg 1x, https:\/\/sancarlo.org\/wp-content\/uploads\/2026\/03\/20260222-Nairobi-Mostra-Giussani-3-dimensioni-grandi.jpeg 2x\"><source media=\"(min-width: 200px)\" srcset=\"https:\/\/sancarlo.org\/wp-content\/uploads\/2026\/03\/20260222-Nairobi-Mostra-Giussani-3-dimensioni-grandi-500x333.jpeg 1x, https:\/\/sancarlo.org\/wp-content\/uploads\/2026\/03\/20260222-Nairobi-Mostra-Giussani-3-dimensioni-grandi-1000x666.jpeg 2x\"><img decoding=\"async\" src=\"data:image\/gif;base64,R0lGODlhAQABAAAAACH5BAEKAAEALAAAAAABAAEAAAICTAEAOw==\" alt=\"20260222 Nairobi Mostra Giussani 3 dimensioni grandi\" \/><\/picture><figcaption>Una visita guiada a la exposici\u00f3n sobre la vida y el pensamiento de don Luigi Giussani.<\/figcaption><\/figure>\n\n\n<p class=\"wp-block-paragraph\">\u00abEn el CLU descubr\u00ed que la fe en Jes\u00fas tiene que ver con toda mi vida y que, para crecer y dar fruto, necesita una comunidad; no puedo vivir mi fe sola\u00bb. Estas son las palabras de una joven que el pasado mes de septiembre comenz\u00f3 a participar en el grupo de estudiantes universitarios de Comuni\u00f3n y Liberaci\u00f3n.<\/p>\n\n\n\n<p class=\"wp-block-paragraph\">En el contexto de la Iglesia de Kenia, la presencia de CL resulta algo poco habitual, ya que normalmente los grupos cat\u00f3licos est\u00e1n organizados e integrados institucionalmente en las distintas parroquias y, posteriormente, agrupados a nivel diocesano. Como Comuni\u00f3n y Liberaci\u00f3n no responde a este modelo, es poco conocida.<\/p>\n\n\n\n<p class=\"wp-block-paragraph\">Por eso, el pasado 22 de febrero, con motivo de los cuarenta a\u00f1os de presencia del movimiento en Kenia y coincidiendo con el aniversario de la muerte de su fundador, la comunidad local de CL quiso organizar <a href=\"https:\/\/sancarlo.org\/il-cammino-al-vero\/\">un gesto misionero<\/a> para darse a conocer y compartir su aportaci\u00f3n a la vida de la Iglesia. Se prepar\u00f3 una exposici\u00f3n sobre don Giussani y se invit\u00f3 a visitarla a todos los que participaban en la misa de la parroquia confiada a nuestra Fraternidad.<\/p>\n\n\n\n<blockquote class=\"wp-block-quote\">\n<p class=\"wp-block-paragraph\">La fe no es solo algo personal, sino una experiencia de comuni\u00f3n.<\/p>\n<\/blockquote>\n\n\n\n<p class=\"wp-block-paragraph\">Aunque la exposici\u00f3n no era de apariencia inmediata, ya que se hab\u00eda optado por no presentar la vida de don Giussani, sino una s\u00edntesis de sus tres principales escritos, la jornada fue una ocasi\u00f3n bonita de encuentro. Especialmente, dos estudiantes universitarios descubrieron, adem\u00e1s de la presentaci\u00f3n del pensamiento de Giussani, la presencia de una comunidad de amigos que desean vivir toda la vida a la luz de la fe.<\/p>\n\n\n\n<p class=\"wp-block-paragraph\">Desde entonces comenzaron a participar con entusiasmo y convicci\u00f3n en la vida del CLU, el grupo universitario de CL, yendo a la Escuela de comunidad y a la caritativa con los ni\u00f1os del <em>slum<\/em> de Mathare.<\/p>\n\n\n\n<p class=\"wp-block-paragraph\">Adem\u00e1s, decidieron participar en los ejercicios espirituales que se celebraron poco antes de Pascua. Para los cuarenta estudiantes que asistieron, fueron unos d\u00edas muy bonitos, en los que pudieron descubrir que la vida es vocaci\u00f3n, una llamada de Dios a seguirlo. El tema y el ambiente recogido en el que se desarrollaron los encuentros ayudaron a profundizar en los v\u00ednculos que, con el paso del tiempo, est\u00e1n creciendo en esta peque\u00f1a comunidad. Son relaciones que incluso superan la divisi\u00f3n social que suele marcar las relaciones entre los estudiantes de formaci\u00f3n profesional y los universitarios.<\/p>\n\n\n\n<p class=\"wp-block-paragraph\">Es hermoso poder acompa\u00f1ar a estos j\u00f3venes que, cuanto m\u00e1s avanzan en este camino, m\u00e1s desean dar a conocer lo que han encontrado. No es raro que inviten a amigos y compa\u00f1eros de clase a participar en el CLU. Animados por este deseo, est\u00e1n organizando tambi\u00e9n la presentaci\u00f3n de la exposici\u00f3n sobre don Giussani en la universidad y en un centro de formaci\u00f3n profesional, para que, como les ha sucedido recientemente a algunos de ellos, tambi\u00e9n otros puedan encontrarse con una comunidad en la que descubrir que la fe no es solo algo personal, sino una experiencia de comuni\u00f3n, en la que Cristo lleva una luz nueva a cada relaci\u00f3n y a cada circunstancia de la vida.<\/p>\n","protected":false},"excerpt":{"rendered":"<p>El encuentro de algunos j\u00f3venes con el movimiento despierta en ellos un nuevo impulso misionero. Un testimonio desde Kenia.<\/p>\n","protected":false},"author":1,"featured_media":21528,"comment_status":"closed","ping_status":"closed","sticky":false,"template":"","format":"standard","meta":{"_acf_changed":false,"inline_featured_image":false,"slim_seo":{"title":"Una luz nueva - Fraternidad San Carlos","description":"El encuentro de algunos j\u00f3venes con el movimiento despierta en ellos un nuevo impulso misionero. Un testimonio desde Kenia."},"footnotes":""},"categories":[379],"tags":[850,1016,339],"writers":[1183],"regions":[381],"cities":[432],"class_list":["post-22468","post","type-post","status-publish","format-standard","has-post-thumbnail","hentry","category-testimonios","tag-clu-es","tag-comunita-es","tag-giussani-es","writers-paolo-maurina","regions-africa-es","cities-nairobi-es"],"acf":[],"_links":{"self":[{"href":"https:\/\/sancarlo.org\/es\/wp-json\/wp\/v2\/posts\/22468","targetHints":{"allow":["GET"]}}],"collection":[{"href":"https:\/\/sancarlo.org\/es\/wp-json\/wp\/v2\/posts"}],"about":[{"href":"https:\/\/sancarlo.org\/es\/wp-json\/wp\/v2\/types\/post"}],"author":[{"embeddable":true,"href":"https:\/\/sancarlo.org\/es\/wp-json\/wp\/v2\/users\/1"}],"replies":[{"embeddable":true,"href":"https:\/\/sancarlo.org\/es\/wp-json\/wp\/v2\/comments?post=22468"}],"version-history":[{"count":1,"href":"https:\/\/sancarlo.org\/es\/wp-json\/wp\/v2\/posts\/22468\/revisions"}],"predecessor-version":[{"id":22471,"href":"https:\/\/sancarlo.org\/es\/wp-json\/wp\/v2\/posts\/22468\/revisions\/22471"}],"wp:featuredmedia":[{"embeddable":true,"href":"https:\/\/sancarlo.org\/es\/wp-json\/wp\/v2\/media\/21528"}],"wp:attachment":[{"href":"https:\/\/sancarlo.org\/es\/wp-json\/wp\/v2\/media?parent=22468"}],"wp:term":[{"taxonomy":"category","embeddable":true,"href":"https:\/\/sancarlo.org\/es\/wp-json\/wp\/v2\/categories?post=22468"},{"taxonomy":"post_tag","embeddable":true,"href":"https:\/\/sancarlo.org\/es\/wp-json\/wp\/v2\/tags?post=22468"},{"taxonomy":"writers","embeddable":true,"href":"https:\/\/sancarlo.org\/es\/wp-json\/wp\/v2\/writers?post=22468"},{"taxonomy":"regions","embeddable":true,"href":"https:\/\/sancarlo.org\/es\/wp-json\/wp\/v2\/regions?post=22468"},{"taxonomy":"cities","embeddable":true,"href":"https:\/\/sancarlo.org\/es\/wp-json\/wp\/v2\/cities?post=22468"}],"curies":[{"name":"wp","href":"https:\/\/api.w.org\/{rel}","templated":true}]}}