{"id":22472,"date":"2026-09-01T16:29:14","date_gmt":"2026-09-01T14:29:14","guid":{"rendered":"https:\/\/sancarlo.org\/preferisci-un-cane-o-un-amico\/"},"modified":"2026-09-01T16:29:17","modified_gmt":"2026-09-01T14:29:17","slug":"prefieres-un-perro-o-un-amigo","status":"publish","type":"post","link":"https:\/\/sancarlo.org\/es\/prefieres-un-perro-o-un-amigo\/","title":{"rendered":"\u00bfPrefieres un perro o un amigo?"},"content":{"rendered":"<figure class=\"wp-block-image wp-block-image--fnztema is-style-full-width\"><picture><source media=\"(min-width: 1280px)\" srcset=\"https:\/\/sancarlo.org\/wp-content\/uploads\/2026\/06\/barrani-aprile.jpg 1x, https:\/\/sancarlo.org\/wp-content\/uploads\/2026\/06\/barrani-aprile.jpg 2x\"><source media=\"(min-width: 1024px)\" srcset=\"https:\/\/sancarlo.org\/wp-content\/uploads\/2026\/06\/barrani-aprile-1024x768.jpg 1x, https:\/\/sancarlo.org\/wp-content\/uploads\/2026\/06\/barrani-aprile.jpg 2x\"><source media=\"(min-width: 768px)\" srcset=\"https:\/\/sancarlo.org\/wp-content\/uploads\/2026\/06\/barrani-aprile-800x600.jpg 1x, https:\/\/sancarlo.org\/wp-content\/uploads\/2026\/06\/barrani-aprile.jpg 2x\"><source media=\"(min-width: 200px)\" srcset=\"https:\/\/sancarlo.org\/wp-content\/uploads\/2026\/06\/barrani-aprile-500x375.jpg 1x, https:\/\/sancarlo.org\/wp-content\/uploads\/2026\/06\/barrani-aprile-1000x750.jpg 2x\"><img decoding=\"async\" src=\"data:image\/gif;base64,R0lGODlhAQABAAAAACH5BAEKAAEALAAAAAABAAEAAAICTAEAOw==\" alt=\"Barrani aprile\" \/><\/picture><figcaption>Giovanni Barrani con algunos alumnos del colegio \u201cSan Riccardo Pampuri\u201d (Bogot\u00e1).<\/figcaption><\/figure>\n\n\n<p class=\"wp-block-paragraph\">Hace unos meses estaba dando clase en un colegio de las afueras de Bogot\u00e1. \u00ab\u00bfQu\u00e9 prefieres, un perro o un amigo?\u00bb. Al terminar la hora, le hice esta pregunta a un chico que sosten\u00eda que lo mejor era no fiarse de nadie. Yo pensaba que era una pregunta ret\u00f3rica. El chico me respondi\u00f3: \u00abPrefiero un perro, obviamente\u00bb. Hice la misma pregunta al resto de la clase. Y despu\u00e9s se la repet\u00ed a las dem\u00e1s clases durante las horas siguientes. Muy pocos respondieron: \u00abUn amigo\u00bb. Me qued\u00e9 de piedra.<\/p>\n\n\n\n<p class=\"wp-block-paragraph\">El movimiento de Comuni\u00f3n y Liberaci\u00f3n siempre me ha fascinado por la educaci\u00f3n en el sentido de la amistad. Para nosotros, los hijos de don Giussani, la amistad siempre ha sido un elemento sagrado de nuestra vida. Hemos aprendido a vivirla como signo de la fuerza que nos une al Se\u00f1or y hace eterno nuestro v\u00ednculo. Algo capaz de sostenerse frente a cualquier fragilidad humana. Algo que va m\u00e1s all\u00e1 de todo. Algo que es para siempre. Y estos chicos se estaban perdiendo todo esto.<\/p>\n\n\n\n<blockquote class=\"wp-block-quote\">\n<p class=\"wp-block-paragraph\">Nuestra tarea es cuidar las amistades que \u00c9l hace surgir.<\/p>\n<\/blockquote>\n\n\n\n<p class=\"wp-block-paragraph\">Durante los d\u00edas siguientes segu\u00eda resonando la pregunta: \u00ab\u00bfPor qu\u00e9 no se desea la amistad? \u00bfCu\u00e1l es el motivo?\u00bb. Sin embargo, ning\u00fan an\u00e1lisis sociol\u00f3gico consegu\u00eda responder de verdad a esta provocaci\u00f3n. Buscaba una respuesta m\u00e1s profunda. Entonces, en los d\u00edas siguientes, me di cuenta de que esta resistencia a la amistad no era algo exclusivo de mis alumnos. Tambi\u00e9n estaba presente, aunque de manera menos expl\u00edcita, en m\u00ed y en las personas de la comunidad. Hay momentos en los que aparece la tentaci\u00f3n de apartarse de la relaci\u00f3n con los dem\u00e1s, cuando la propia idea o el propio pensamiento se vuelven m\u00e1s importantes que acoger al hermano en el coraz\u00f3n. Y, parafraseando la pregunta que hab\u00eda hecho a mis alumnos, empec\u00e9 a preguntarme: \u00abEn esta circunstancia concreta, \u00bfqu\u00e9 prefiero: mi idea o un amigo, un hermano?\u00bb. Descubr\u00ed hasta qu\u00e9 punto es profunda en todos nosotros la resistencia a la comuni\u00f3n y a la amistad en Cristo.<\/p>\n\n\n\n<p class=\"wp-block-paragraph\">Despu\u00e9s, el Se\u00f1or me regal\u00f3 dos experiencias en las que encontr\u00e9 la paz que buscaba, porque me mostr\u00f3 hasta qu\u00e9 punto su mano es m\u00e1s fuerte que nuestra rebeld\u00eda. Una de ellas fue el Mi\u00e9rcoles de ceniza. \u00a1Todo el mundo deber\u00eda ver qu\u00e9 bello es el Mi\u00e9rcoles de ceniza en Bogot\u00e1! Un pueblo que recorre las calles con la cruz de ceniza sobre la frente. Las iglesias se llenan. Los sacerdotes confesamos desde la ma\u00f1ana hasta la noche. Pero lo m\u00e1s bonito es encontrarse en el confesionario con personas que llevan a\u00f1os sin confesarse. Recuerdo algunas de sus frases: \u00abPadre, hoy me confieso porque he sentido dentro de m\u00ed que el Se\u00f1or me llamaba a venir aqu\u00ed\u00bb. \u00abEstaba pasando por la calle, vi la iglesia y sent\u00ed que una fuerza me impulsaba a confesarme\u00bb.<\/p>\n\n\n\n<p class=\"wp-block-paragraph\">Para m\u00ed fue una caricia del Se\u00f1or poder ser testigo de su fuerza. \u00c9l sigue atray\u00e9ndonos hacia s\u00ed.<\/p>\n\n\n\n<p class=\"wp-block-paragraph\">El segundo momento tuvo lugar la semana siguiente. Desde hace a\u00f1os, cada mi\u00e9rcoles nos reunimos en casa con un grupo de amigos de la parroquia para organizar las actividades de los ni\u00f1os de los s\u00e1bados. Desde hac\u00eda unas semanas, hab\u00edamos empezado a reunirnos tambi\u00e9n con otros adultos que acompa\u00f1an al grupo de adolescentes. Ahora hacemos dos cenas al mismo tiempo.<\/p>\n\n\n\n<p class=\"wp-block-paragraph\">Mientras rez\u00e1bamos todos juntos, antes de separarnos en las dos mesas, pensaba en lo precioso que es encontrarse juntos con la conciencia de que hemos sido llamados juntos. Rostros de amigos que, tres a\u00f1os atr\u00e1s, eran desconocidos para m\u00ed. Y me preguntaba: \u00ab\u00bfC\u00f3mo hemos llegado a ser tan amigos?\u00bb. Intu\u00eda que son cosas Suyas, que es \u00c9l quien decide y quien las hace posibles. Nuestra tarea es cuidar las amistades que \u00c9l hace surgir, para que sigan estando m\u00e1s all\u00e1 de todo. Esto, en el fondo, es lo que nos fascina. Y qui\u00e9n sabe, quiz\u00e1 alg\u00fan d\u00eda tambi\u00e9n quede fascinado aquel alumno m\u00edo que prefer\u00eda un perro a un amigo.<\/p>\n","protected":false},"excerpt":{"rendered":"<p>Una pregunta que ya no tiene una respuesta tan obvia. La amistad es una necesidad que cada uno de nosotros est\u00e1 llamado a redescubrir. El testimonio del p\u00e1rroco de Las Aguas.<\/p>\n","protected":false},"author":1,"featured_media":21766,"comment_status":"closed","ping_status":"closed","sticky":false,"template":"","format":"standard","meta":{"_acf_changed":false,"inline_featured_image":false,"slim_seo":{"title":"\u00bfPrefieres un perro o un amigo? - Fraternidad San Carlos","description":"Una pregunta que ya no tiene una respuesta tan obvia. La amistad es una necesidad que cada uno de nosotros est\u00e1 llamado a redescubrir. El testimonio del p\u00e1rroco"},"footnotes":""},"categories":[379],"tags":[363,672,680],"writers":[18],"regions":[1246],"cities":[395],"class_list":["post-22472","post","type-post","status-publish","format-standard","has-post-thumbnail","hentry","category-testimonios","tag-amicizia-es","tag-catechismo-es","tag-educazione-es","writers-giovanni-barrani","regions-america-del-sur","cities-bogota-es"],"acf":[],"_links":{"self":[{"href":"https:\/\/sancarlo.org\/es\/wp-json\/wp\/v2\/posts\/22472","targetHints":{"allow":["GET"]}}],"collection":[{"href":"https:\/\/sancarlo.org\/es\/wp-json\/wp\/v2\/posts"}],"about":[{"href":"https:\/\/sancarlo.org\/es\/wp-json\/wp\/v2\/types\/post"}],"author":[{"embeddable":true,"href":"https:\/\/sancarlo.org\/es\/wp-json\/wp\/v2\/users\/1"}],"replies":[{"embeddable":true,"href":"https:\/\/sancarlo.org\/es\/wp-json\/wp\/v2\/comments?post=22472"}],"version-history":[{"count":1,"href":"https:\/\/sancarlo.org\/es\/wp-json\/wp\/v2\/posts\/22472\/revisions"}],"predecessor-version":[{"id":22474,"href":"https:\/\/sancarlo.org\/es\/wp-json\/wp\/v2\/posts\/22472\/revisions\/22474"}],"wp:featuredmedia":[{"embeddable":true,"href":"https:\/\/sancarlo.org\/es\/wp-json\/wp\/v2\/media\/21766"}],"wp:attachment":[{"href":"https:\/\/sancarlo.org\/es\/wp-json\/wp\/v2\/media?parent=22472"}],"wp:term":[{"taxonomy":"category","embeddable":true,"href":"https:\/\/sancarlo.org\/es\/wp-json\/wp\/v2\/categories?post=22472"},{"taxonomy":"post_tag","embeddable":true,"href":"https:\/\/sancarlo.org\/es\/wp-json\/wp\/v2\/tags?post=22472"},{"taxonomy":"writers","embeddable":true,"href":"https:\/\/sancarlo.org\/es\/wp-json\/wp\/v2\/writers?post=22472"},{"taxonomy":"regions","embeddable":true,"href":"https:\/\/sancarlo.org\/es\/wp-json\/wp\/v2\/regions?post=22472"},{"taxonomy":"cities","embeddable":true,"href":"https:\/\/sancarlo.org\/es\/wp-json\/wp\/v2\/cities?post=22472"}],"curies":[{"name":"wp","href":"https:\/\/api.w.org\/{rel}","templated":true}]}}