{"id":22475,"date":"2026-09-01T16:31:56","date_gmt":"2026-09-01T14:31:56","guid":{"rendered":"https:\/\/sancarlo.org\/in-ogni-eta-della-vita\/"},"modified":"2026-09-01T16:34:39","modified_gmt":"2026-09-01T14:34:39","slug":"en-cada-etapa-de-la-vida","status":"publish","type":"post","link":"https:\/\/sancarlo.org\/es\/en-cada-etapa-de-la-vida\/","title":{"rendered":"En cada etapa de la vida"},"content":{"rendered":"<figure class=\"wp-block-image wp-block-image--fnztema is-style-full-width\"><picture><source media=\"(min-width: 1280px)\" srcset=\"https:\/\/sancarlo.org\/wp-content\/uploads\/2026\/05\/AVERSA-hp2-1366x768.jpg 1x, https:\/\/sancarlo.org\/wp-content\/uploads\/2026\/05\/AVERSA-hp2.jpg 2x\"><source media=\"(min-width: 1024px)\" srcset=\"https:\/\/sancarlo.org\/wp-content\/uploads\/2026\/05\/AVERSA-hp2-1024x576.jpg 1x, https:\/\/sancarlo.org\/wp-content\/uploads\/2026\/05\/AVERSA-hp2-2048x1152.jpg 2x\"><source media=\"(min-width: 768px)\" srcset=\"https:\/\/sancarlo.org\/wp-content\/uploads\/2026\/05\/AVERSA-hp2-800x450.jpg 1x, https:\/\/sancarlo.org\/wp-content\/uploads\/2026\/05\/AVERSA-hp2-1600x900.jpg 2x\"><source media=\"(min-width: 200px)\" srcset=\"https:\/\/sancarlo.org\/wp-content\/uploads\/2026\/05\/AVERSA-hp2-500x281.jpg 1x, https:\/\/sancarlo.org\/wp-content\/uploads\/2026\/05\/AVERSA-hp2-1000x562.jpg 2x\"><img decoding=\"async\" src=\"data:image\/gif;base64,R0lGODlhAQABAAAAACH5BAEKAAEALAAAAAABAAEAAAICTAEAOw==\" alt=\"Andrea Aversa durante un incontro con gli anziani di Santa Giulia\" \/><\/picture><figcaption>Andrea Aversa durante un encuentro con los ancianos de Santa Giulia.<\/figcaption><\/figure>\n\n\n<p class=\"wp-block-paragraph\">Los mi\u00e9rcoles por la tarde voy al oratorio con Mar\u00eda, Claudia, Maurizio y Rosalba. Preparamos la sala para recibir a las personas que est\u00e1n a punto de llegar, en su mayor\u00eda ancianos y mujeres. No hemos terminado de rezar el <em>\u00c1ngelus<\/em>, con el que ponemos nuestro encuentro en manos de la Virgen, cuando ya empiezan a llegar los primeros, incluso antes de la hora. Llegan contentos.<\/p>\n\n\n\n<p class=\"wp-block-paragraph\">Despu\u00e9s de la pandemia de COVID-19, hemos ido retomando estos encuentros una tarde a la semana. Durante el \u00faltimo a\u00f1o, el grupo ha crecido tanto que hemos tenido que trasladarnos a una sala m\u00e1s grande. Se han ido avisando unos a otros, y tambi\u00e9n vienen personas de fuera de la parroquia; algunas ni siquiera participan habitualmente de los sacramentos.<\/p>\n\n\n\n<p class=\"wp-block-paragraph\">Comenzamos cantando y despu\u00e9s hacemos una breve catequesis. Jugamos al bingo, merendamos y rezamos la Coronilla de la Divina Misericordia por todas las intenciones que cada uno lleva en el coraz\u00f3n y para sostener nuestra misi\u00f3n. El relato b\u00edblico de Mois\u00e9s, que rez\u00f3 en lo alto del monte por el pueblo mientras este combat\u00eda, inspira nuestra oraci\u00f3n comunitaria. Algunas de estas personas fueron en otro tiempo muy activas en distintos servicios de la parroquia. Ahora que son mayores, siguen sosteniendo a la comunidad ofreciendo el don de su oraci\u00f3n.<\/p>\n\n\n\n<p class=\"wp-block-paragraph\">\u00ab\u00bfPor qu\u00e9 vienen? \u00bfPor qu\u00e9 lo hacen haga fr\u00edo o calor?\u00bb, me preguntaba, entonces decid\u00ed pregunt\u00e1rselo directamente a ellos. Lo que hacemos no es solo un momento de entretenimiento, para pasar el rato. Para ello tienen muchos otros planes.<\/p>\n\n\n\n<blockquote class=\"wp-block-quote\">\n<p class=\"wp-block-paragraph\">No hemos terminado de rezar el \u00c1ngelus cuando ya empiezan a llegar los primeros.<\/p>\n<\/blockquote>\n\n\n\n<p class=\"wp-block-paragraph\">Vienen para compartir la amistad. \u00abMe gusta venir porque as\u00ed nos conocemos mejor; aunque ya no seamos j\u00f3venes, es bonito estar juntos y rezar\u00bb, dice Renata, de 85 a\u00f1os.<\/p>\n\n\n\n<p class=\"wp-block-paragraph\">Vienen porque se sienten acogidos y queridos, y porque desean crecer en la fe, como explica Franca, de 78 a\u00f1os: \u00abHe crecido en estos encuentros. Muchas veces, absorbida por las mil cosas que tengo que hacer, no encuentro tiempo para profundizar en la fe. Si tengo alguna pregunta, s\u00e9 que aqu\u00ed puedo plantearla y encontrar una respuesta\u00bb.<\/p>\n\n\n\n<p class=\"wp-block-paragraph\">Nosotros proponemos estos encuentros y ellos participan. Tanto unos como otros deseamos encontrarnos con Jes\u00fas. Es \u00c9l quien nos llama y nos re\u00fane, quien hace posible la belleza de la comuni\u00f3n entre nosotros.<\/p>\n\n\n\n<p class=\"wp-block-paragraph\">La fe cristiana \u00abes la respuesta libre del hombre a la iniciativa de Dios que se revela\u00bb, dice el Catecismo de la Iglesia Cat\u00f3lica. En cada etapa de la vida, el Se\u00f1or llama a la puerta de nuestro coraz\u00f3n, y cada d\u00eda necesitamos reconocer a Cristo y experimentar su amor misericordioso a trav\u00e9s de la compa\u00f1\u00eda de la Iglesia.<\/p>\n\n\n\n<p class=\"wp-block-paragraph\">Es una aventura que contin\u00faa siempre. Cada mi\u00e9rcoles por la tarde nos encontramos para ayudarnos unos a otros a avanzar en este camino.<\/p>\n","protected":false},"excerpt":{"rendered":"<p>Por muchos a\u00f1os que uno lleve a sus espaldas, nunca deja de crecer en la fe y en la comuni\u00f3n. As\u00ed lo demuestra la experiencia de la parroquia de Santa Giulia.<\/p>\n","protected":false},"author":1,"featured_media":21759,"comment_status":"closed","ping_status":"closed","sticky":true,"template":"","format":"standard","meta":{"_acf_changed":false,"inline_featured_image":false,"slim_seo":{"title":"En cada etapa de la vida - Fraternidad San Carlos","description":"Por muchos a\u00f1os que uno lleve a sus espaldas, nunca deja de crecer en la fe y en la comuni\u00f3n. As\u00ed lo demuestra la experiencia de la parroquia de Santa Giulia."},"footnotes":""},"categories":[379],"tags":[712,503,540],"writers":[13],"regions":[386],"cities":[445],"class_list":["post-22475","post","type-post","status-publish","format-standard","has-post-thumbnail","hentry","category-testimonios","tag-carita-es","tag-comunione-es","tag-parrocchia-3","writers-andrea-aversa","regions-italia-es","cities-torino-es"],"acf":[],"_links":{"self":[{"href":"https:\/\/sancarlo.org\/es\/wp-json\/wp\/v2\/posts\/22475","targetHints":{"allow":["GET"]}}],"collection":[{"href":"https:\/\/sancarlo.org\/es\/wp-json\/wp\/v2\/posts"}],"about":[{"href":"https:\/\/sancarlo.org\/es\/wp-json\/wp\/v2\/types\/post"}],"author":[{"embeddable":true,"href":"https:\/\/sancarlo.org\/es\/wp-json\/wp\/v2\/users\/1"}],"replies":[{"embeddable":true,"href":"https:\/\/sancarlo.org\/es\/wp-json\/wp\/v2\/comments?post=22475"}],"version-history":[{"count":1,"href":"https:\/\/sancarlo.org\/es\/wp-json\/wp\/v2\/posts\/22475\/revisions"}],"predecessor-version":[{"id":22477,"href":"https:\/\/sancarlo.org\/es\/wp-json\/wp\/v2\/posts\/22475\/revisions\/22477"}],"wp:featuredmedia":[{"embeddable":true,"href":"https:\/\/sancarlo.org\/es\/wp-json\/wp\/v2\/media\/21759"}],"wp:attachment":[{"href":"https:\/\/sancarlo.org\/es\/wp-json\/wp\/v2\/media?parent=22475"}],"wp:term":[{"taxonomy":"category","embeddable":true,"href":"https:\/\/sancarlo.org\/es\/wp-json\/wp\/v2\/categories?post=22475"},{"taxonomy":"post_tag","embeddable":true,"href":"https:\/\/sancarlo.org\/es\/wp-json\/wp\/v2\/tags?post=22475"},{"taxonomy":"writers","embeddable":true,"href":"https:\/\/sancarlo.org\/es\/wp-json\/wp\/v2\/writers?post=22475"},{"taxonomy":"regions","embeddable":true,"href":"https:\/\/sancarlo.org\/es\/wp-json\/wp\/v2\/regions?post=22475"},{"taxonomy":"cities","embeddable":true,"href":"https:\/\/sancarlo.org\/es\/wp-json\/wp\/v2\/cities?post=22475"}],"curies":[{"name":"wp","href":"https:\/\/api.w.org\/{rel}","templated":true}]}}