{"id":3698,"date":"2023-03-28T12:04:00","date_gmt":"2023-03-28T10:04:00","guid":{"rendered":"https:\/\/sancarlo.org\/?p=3698"},"modified":"2023-07-28T12:07:23","modified_gmt":"2023-07-28T10:07:23","slug":"la-mirada-puesta-en-otro","status":"publish","type":"post","link":"https:\/\/sancarlo.org\/es\/la-mirada-puesta-en-otro\/","title":{"rendered":"La mirada puesta en Otro"},"content":{"rendered":"<figure class=\"wp-block-image wp-block-image--fnztema is-style-full-width\"><picture><source media=\"(min-width: 1280px)\" srcset=\"https:\/\/sancarlo.org\/wp-content\/uploads\/2023\/07\/50337782932_895654589f_o-2000x900-2-1366x615.jpg 1x, https:\/\/sancarlo.org\/wp-content\/uploads\/2023\/07\/50337782932_895654589f_o-2000x900-2.jpg 2x\"><source media=\"(min-width: 1024px)\" srcset=\"https:\/\/sancarlo.org\/wp-content\/uploads\/2023\/07\/50337782932_895654589f_o-2000x900-2-1024x461.jpg 1x, https:\/\/sancarlo.org\/wp-content\/uploads\/2023\/07\/50337782932_895654589f_o-2000x900-2.jpg 2x\"><source media=\"(min-width: 768px)\" srcset=\"https:\/\/sancarlo.org\/wp-content\/uploads\/2023\/07\/50337782932_895654589f_o-2000x900-2-800x360.jpg 1x, https:\/\/sancarlo.org\/wp-content\/uploads\/2023\/07\/50337782932_895654589f_o-2000x900-2-1600x720.jpg 2x\"><source media=\"(min-width: 200px)\" srcset=\"https:\/\/sancarlo.org\/wp-content\/uploads\/2023\/07\/50337782932_895654589f_o-2000x900-2-500x225.jpg 1x, https:\/\/sancarlo.org\/wp-content\/uploads\/2023\/07\/50337782932_895654589f_o-2000x900-2-1000x450.jpg 2x\"><img decoding=\"async\" src=\"data:image\/gif;base64,R0lGODlhAQABAAAAACH5BAEKAAEALAAAAAABAAEAAAICTAEAOw==\" alt=\"\" \/><\/picture><\/figure>\n\n\n<p>Hace un a\u00f1o y medio un matrimonio me pregunt\u00f3 por la posibilidad de empezar un grupo para las familias de la parroquia. As\u00ed, comenzamos a juntarnos una vez al mes con cinco familias, para afrontar las preguntas que m\u00e1s nos urg\u00edan: la comunicaci\u00f3n entre marido y mujer y la relaci\u00f3n con los suegros. Despu\u00e9s de estos primeros encuentros, entre los temas que propuse para afrontar, hablamos sobre la comunicaci\u00f3n en familia, el uso de las tecnolog\u00edas, especialmente el que damos al m\u00f3vil. En este periodo conoc\u00ed mejor a Shuwen, una parroquiana que ha empezado a venir a la iglesia desde hace dos a\u00f1os y que, adem\u00e1s de ser madre de dos hijos \u2212la primera est\u00e1 en la universidad y el segundo, en bachillerato\u2212, es directora en un instituto cat\u00f3lico de m\u00e1s de tres mil alumnos. Por ello, se me ocurri\u00f3 la idea de invitarle a hablar al encuentro de las familias de noviembre, para compartir los criterios con los que educa a sus hijos y alumnos.<\/p>\n\n\n\n<p>Al tocar el tema sobre el uso de la tecnolog\u00eda, Shuwen comparti\u00f3 con sencillez y profundidad la raz\u00f3n que est\u00e1 detr\u00e1s de las decisiones que toma en el colegio y en casa. Se trata de educar a los hijos \u2212nos dec\u00eda\u2212 en dejar que los dem\u00e1s entren en nuestra vida. Dijo una expresi\u00f3n que se podr\u00eda traducir as\u00ed: \u00abtener a los dem\u00e1s en la mirada\u00bb. El riesgo de las tecnolog\u00edas es que, por mucho que nos aseguren acercarnos los unos a los otros, en realidad nos dejan solos delante de nosotros mismos. Descuidamos el espacio que damos a los dem\u00e1s y nos quedamos solos y alejados del resto. De ah\u00ed \u2212prosegu\u00eda\u2212, la importancia en casa y en el colegio de definir espacios y tiempos de la vida: el d\u00f3nde y cu\u00e1ndo se come, cu\u00e1ndo se descansa, cu\u00e1ndo se hacen los deberes y cu\u00e1ndo se usa el m\u00f3vil. Atentos a las necesidades de cada uno, es necesario ayudar a los j\u00f3venes a tomar decisiones conscientes, sosteni\u00e9ndolos con paciencia y con reglas claras razonadas, partiendo siempre del ejemplo. De este modo, en su colegio la directora Shuwen desaf\u00eda a los alumnos antes de las clases a poner el m\u00f3vil en una bolsa aparte para evitar distracciones. En cambio, en casa pide que no se lleven el m\u00f3vil a su habitaci\u00f3n. Me impresiona la claridad de las decisiones de Shuwen. Las percib\u00eda en consonancia con el modo en que he sido educado por la Fraternidad a lo largo del seminario y de estos primeros a\u00f1os de sacerdocio. Ha sido una gracia compartir con nuestros nuevos amigos las decisiones y razones que me interesan, a trav\u00e9s del testimonio de uno que ya las vive.<\/p>\n\n\n\n<blockquote class=\"wp-block-quote\">\n<p>La belleza de la compa\u00f1\u00eda cristiana no est\u00e1 en el hecho de tener la soluci\u00f3n a todos los problemas. Se nos ha donado una amistad que nos despierta la mirada y nos hace seguir hacia delante dirigi\u00e9ndola hacia \u00c9l.<\/p>\n<\/blockquote>\n\n\n\n<p>Durante el primer encuentro de este a\u00f1o retomamos las palabras de Shuwen. Una madre nos cuenta el \u00faltimo periodo en su casa. Los a\u00f1os de matrimonio no han sido f\u00e1ciles y ella vino aqu\u00ed sola. El marido no est\u00e1 bien de la cabeza, le cuesta admitirlo y dejarse ayudar. En el \u00faltimo tiempo se ha convertido en un tercer hijo al que cuidar, adem\u00e1s de los otros dos, uno de cinco a\u00f1os y otro reci\u00e9n nacido. A veces la situaci\u00f3n se vuelve tensa para ella, que tiene dos trabajos. \u00ab\u00bfPor qu\u00e9 no lo dejas?\u00bb, le preguntan sus colegas y amigos. Ella responde: \u00abQuiero serle fiel en la alegr\u00eda y en el dolor, en la salud y en la enfermedad\u00bb, tambi\u00e9n cuando la cruz es tan pesada. \u00ab\u00bfPero c\u00f3mo haces para apa\u00f1\u00e1rtelas y estar hasta contenta?\u00bb, le pregunta una compa\u00f1era de trabajo. Ella nos conf\u00eda: \u00abCreo que la clave est\u00e1 en lo que nos contaba Shuwen: hace falta tener a los dem\u00e1s en la mirada. Gracias a Dios, tengo a mi marido, mis hijos y sobre todo a \u00c9l en la mirada. Esto me ayuda a afrontarlo todo de manera diferente, a pedir la fuerza que necesito\u00bb.<\/p>\n\n\n\n<p>Concluimos el encuentro con la promesa de recordarnos los unos a los otros en la oraci\u00f3n a la Virgen. La belleza de la compa\u00f1\u00eda cristiana no est\u00e1 en el hecho de tener la soluci\u00f3n a todos los problemas. Se nos ha donado una amistad que nos despierta la mirada y nos hace seguir hacia delante dirigi\u00e9ndola hacia \u00c9l.<\/p>\n","protected":false},"excerpt":{"rendered":"<p>Encuentros con las familias sobre la educaci\u00f3n, la comunicaci\u00f3n entre marido y mujer o el uso de la tecnolog\u00eda. Testimonio desde Taipei.<\/p>\n","protected":false},"author":2,"featured_media":3699,"comment_status":"closed","ping_status":"closed","sticky":false,"template":"","format":"standard","meta":{"_acf_changed":false,"inline_featured_image":false,"slim_seo":{"title":"La mirada puesta en Otro - Fraternidad San Carlos","description":"Encuentros con las familias sobre la educaci\u00f3n, la comunicaci\u00f3n entre marido y mujer o el uso de la tecnolog\u00eda. Testimonio desde Taipei."},"footnotes":""},"categories":[379],"tags":[503,333,547,539],"writers":[6],"regions":[327],"cities":[329],"class_list":["post-3698","post","type-post","status-publish","format-standard","has-post-thumbnail","hentry","category-testimonios","tag-comunione-es","tag-comunione-e-liberazione-es","tag-educazione-2","tag-fede-3","writers-antonio-acevedo","regions-asia-es","cities-taipei-es"],"acf":[],"_links":{"self":[{"href":"https:\/\/sancarlo.org\/es\/wp-json\/wp\/v2\/posts\/3698","targetHints":{"allow":["GET"]}}],"collection":[{"href":"https:\/\/sancarlo.org\/es\/wp-json\/wp\/v2\/posts"}],"about":[{"href":"https:\/\/sancarlo.org\/es\/wp-json\/wp\/v2\/types\/post"}],"author":[{"embeddable":true,"href":"https:\/\/sancarlo.org\/es\/wp-json\/wp\/v2\/users\/2"}],"replies":[{"embeddable":true,"href":"https:\/\/sancarlo.org\/es\/wp-json\/wp\/v2\/comments?post=3698"}],"version-history":[{"count":1,"href":"https:\/\/sancarlo.org\/es\/wp-json\/wp\/v2\/posts\/3698\/revisions"}],"predecessor-version":[{"id":3702,"href":"https:\/\/sancarlo.org\/es\/wp-json\/wp\/v2\/posts\/3698\/revisions\/3702"}],"wp:featuredmedia":[{"embeddable":true,"href":"https:\/\/sancarlo.org\/es\/wp-json\/wp\/v2\/media\/3699"}],"wp:attachment":[{"href":"https:\/\/sancarlo.org\/es\/wp-json\/wp\/v2\/media?parent=3698"}],"wp:term":[{"taxonomy":"category","embeddable":true,"href":"https:\/\/sancarlo.org\/es\/wp-json\/wp\/v2\/categories?post=3698"},{"taxonomy":"post_tag","embeddable":true,"href":"https:\/\/sancarlo.org\/es\/wp-json\/wp\/v2\/tags?post=3698"},{"taxonomy":"writers","embeddable":true,"href":"https:\/\/sancarlo.org\/es\/wp-json\/wp\/v2\/writers?post=3698"},{"taxonomy":"regions","embeddable":true,"href":"https:\/\/sancarlo.org\/es\/wp-json\/wp\/v2\/regions?post=3698"},{"taxonomy":"cities","embeddable":true,"href":"https:\/\/sancarlo.org\/es\/wp-json\/wp\/v2\/cities?post=3698"}],"curies":[{"name":"wp","href":"https:\/\/api.w.org\/{rel}","templated":true}]}}