{"id":5721,"date":"2024-01-24T11:11:12","date_gmt":"2024-01-24T10:11:12","guid":{"rendered":"https:\/\/sancarlo.org\/colonia-urbana-2024-sei-nato-per-essere-felice\/"},"modified":"2024-02-02T16:54:50","modified_gmt":"2024-02-02T15:54:50","slug":"colonia-urbana-2024-sei-nato-per-essere-felice","status":"publish","type":"post","link":"https:\/\/sancarlo.org\/es\/colonia-urbana-2024-sei-nato-per-essere-felice\/","title":{"rendered":"Colonia urbana 2024: \u00abHas nacido para ser feliz\u00bb"},"content":{"rendered":"\n<p>Como cada a\u00f1o, del 8 al 19 de enero la parroquia Beato Pedro Bonilli de Santiago de Chile organiz\u00f3 la <em>Colonia urbana<\/em>. Unos 230 ni\u00f1os y 80 adultos se reunieron para pasar juntos los calurosos d\u00edas festivos. Desde la hora del desayuno hasta la merienda, los d\u00edas transcurrieron entre cantos, teatro, momentos de conversaci\u00f3n, juegos, clases de arte, deporte y cocina. El lema de este a\u00f1o era: \u00abHas nacido para ser feliz\u00bb. A continuaci\u00f3n, se muestra un v\u00eddeo con fotos y el himno de la <em>Colonia urbana<\/em> de este a\u00f1o.<\/p>\n\n\n\n<figure class=\"wp-block-embed is-type-video is-provider-youtube wp-block-embed-youtube wp-embed-aspect-16-9 wp-has-aspect-ratio\"><div class=\"wp-block-embed__wrapper\">\n<iframe loading=\"lazy\" title=\"Aqu\u00ed comienza la vida - Colonias Urbanas 2024\" width=\"500\" height=\"281\" src=\"https:\/\/www.youtube.com\/embed\/ROW9BnzCN30?feature=oembed\" frameborder=\"0\" allow=\"accelerometer; autoplay; clipboard-write; encrypted-media; gyroscope; picture-in-picture; web-share\" referrerpolicy=\"strict-origin-when-cross-origin\" allowfullscreen><\/iframe>\n<\/div><\/figure>\n","protected":false},"excerpt":{"rendered":"<p>Como cada a\u00f1o, del 8 al 19 de enero la parroquia Beato Pedro Bonilli de Santiago de Chile organiz\u00f3 la Colonia urbana. Unos 230 ni\u00f1os y 80 adultos se reunieron para pasar juntos los calurosos d\u00edas festivos. Desde la hora del desayuno hasta la merienda, los d\u00edas transcurrieron entre cantos, teatro, momentos de conversaci\u00f3n, juegos, [&hellip;]<\/p>\n","protected":false},"author":3,"featured_media":5606,"comment_status":"closed","ping_status":"closed","sticky":false,"template":"","format":"standard","meta":{"_acf_changed":false,"inline_featured_image":false,"slim_seo":{"title":"Colonia urbana 2024: \u00abHas nacido para ser feliz\u00bb - Fraternidad San Carlos","description":"Como cada a\u00f1o, del 8 al 19 de enero la parroquia Beato Pedro Bonilli de Santiago de Chile organiz\u00f3 la Colonia urbana . Unos 230 ni\u00f1os y 80 adultos se reunieron"},"footnotes":""},"categories":[373],"tags":[363,712,680,505],"writers":[],"regions":[],"cities":[438],"class_list":["post-5721","post","type-post","status-publish","format-standard","has-post-thumbnail","hentry","category-eventos","tag-amicizia-es","tag-carita-es","tag-educazione-es","tag-missione-es","cities-santiago-de-chile-es"],"acf":[],"_links":{"self":[{"href":"https:\/\/sancarlo.org\/es\/wp-json\/wp\/v2\/posts\/5721","targetHints":{"allow":["GET"]}}],"collection":[{"href":"https:\/\/sancarlo.org\/es\/wp-json\/wp\/v2\/posts"}],"about":[{"href":"https:\/\/sancarlo.org\/es\/wp-json\/wp\/v2\/types\/post"}],"author":[{"embeddable":true,"href":"https:\/\/sancarlo.org\/es\/wp-json\/wp\/v2\/users\/3"}],"replies":[{"embeddable":true,"href":"https:\/\/sancarlo.org\/es\/wp-json\/wp\/v2\/comments?post=5721"}],"version-history":[{"count":1,"href":"https:\/\/sancarlo.org\/es\/wp-json\/wp\/v2\/posts\/5721\/revisions"}],"predecessor-version":[{"id":5722,"href":"https:\/\/sancarlo.org\/es\/wp-json\/wp\/v2\/posts\/5721\/revisions\/5722"}],"wp:featuredmedia":[{"embeddable":true,"href":"https:\/\/sancarlo.org\/es\/wp-json\/wp\/v2\/media\/5606"}],"wp:attachment":[{"href":"https:\/\/sancarlo.org\/es\/wp-json\/wp\/v2\/media?parent=5721"}],"wp:term":[{"taxonomy":"category","embeddable":true,"href":"https:\/\/sancarlo.org\/es\/wp-json\/wp\/v2\/categories?post=5721"},{"taxonomy":"post_tag","embeddable":true,"href":"https:\/\/sancarlo.org\/es\/wp-json\/wp\/v2\/tags?post=5721"},{"taxonomy":"writers","embeddable":true,"href":"https:\/\/sancarlo.org\/es\/wp-json\/wp\/v2\/writers?post=5721"},{"taxonomy":"regions","embeddable":true,"href":"https:\/\/sancarlo.org\/es\/wp-json\/wp\/v2\/regions?post=5721"},{"taxonomy":"cities","embeddable":true,"href":"https:\/\/sancarlo.org\/es\/wp-json\/wp\/v2\/cities?post=5721"}],"curies":[{"name":"wp","href":"https:\/\/api.w.org\/{rel}","templated":true}]}}