{"id":8719,"date":"2024-07-17T15:30:12","date_gmt":"2024-07-17T13:30:12","guid":{"rendered":"https:\/\/sancarlo.org\/nacque-il-tuo-nome-da-cio-che-fissavi\/"},"modified":"2024-08-11T11:29:12","modified_gmt":"2024-08-11T09:29:12","slug":"nacque-il-tuo-nome-da-cio-che-fissavi","status":"publish","type":"post","link":"https:\/\/sancarlo.org\/es\/nacque-il-tuo-nome-da-cio-che-fissavi\/","title":{"rendered":"Tu nombre naci\u00f3 de lo que mirabas"},"content":{"rendered":"\n<p>Del 2 al 5 de julio, a orillas del oc\u00e9ano Pac\u00edfico, en El Quisco, tuvieron lugar las vacaciones de invierno de los j\u00f3venes de la parroquia Beato Pietro Bonilli de Puente Alto (Santiago de Chile). La historia de San Francisco de As\u00eds fue el hilo conductor del campamento, cuyo lema fue: <em>Tu nombre naci\u00f3 de lo que mirabas<\/em>.<\/p>\n\n\n<div class=\"wp-block-gallery wp-block-gallery--fnztema gallery\"><div class=\"gallery-inner\"><button class=\"gallery-thumb\" aria-haspopup=\"dialog\" data-modal-trigger=\"modal-90402524-a30c-4c1e-b123-aedde31787cb\" data-modal-triggerinfo='{\"position\": 0}' data-index=\"0\" aria-label=\"Abrir galer\u00eda desde la imagen 1\"><picture><source media=\"(min-width: 200px)\" srcset=\"https:\/\/sancarlo.org\/wp-content\/uploads\/2024\/07\/20240705-Santiago-del-Cile-Campamento-invernal-El-Quisco-18-400x300.jpg 1x, https:\/\/sancarlo.org\/wp-content\/uploads\/2024\/07\/20240705-Santiago-del-Cile-Campamento-invernal-El-Quisco-18-800x600.jpg 2x\"><img decoding=\"async\" src=\"data:image\/gif;base64,R0lGODlhAQABAAAAACH5BAEKAAEALAAAAAABAAEAAAICTAEAOw==\" alt=\"\" class=\"gallery-thumb-image\" aria-hidden=\"true\"><\/picture><\/button><button class=\"gallery-thumb\" aria-haspopup=\"dialog\" data-modal-trigger=\"modal-90402524-a30c-4c1e-b123-aedde31787cb\" data-modal-triggerinfo='{\"position\": 1}' data-index=\"1\" aria-label=\"Abrir galer\u00eda desde la imagen 2\"><picture><source media=\"(min-width: 200px)\" srcset=\"https:\/\/sancarlo.org\/wp-content\/uploads\/2024\/07\/20240705-Santiago-del-Cile-Campamento-invernal-El-Quisco-36-400x300.jpg 1x, https:\/\/sancarlo.org\/wp-content\/uploads\/2024\/07\/20240705-Santiago-del-Cile-Campamento-invernal-El-Quisco-36-800x600.jpg 2x\"><img decoding=\"async\" src=\"data:image\/gif;base64,R0lGODlhAQABAAAAACH5BAEKAAEALAAAAAABAAEAAAICTAEAOw==\" alt=\"\" class=\"gallery-thumb-image\" aria-hidden=\"true\"><\/picture><\/button><button class=\"gallery-thumb\" aria-haspopup=\"dialog\" data-modal-trigger=\"modal-90402524-a30c-4c1e-b123-aedde31787cb\" data-modal-triggerinfo='{\"position\": 2}' data-index=\"2\" aria-label=\"Abrir galer\u00eda desde la imagen 3\"><picture><source media=\"(min-width: 200px)\" srcset=\"https:\/\/sancarlo.org\/wp-content\/uploads\/2024\/07\/20240705-Santiago-del-Cile-Campamento-invernal-El-Quisco-44-400x300.jpg 1x, https:\/\/sancarlo.org\/wp-content\/uploads\/2024\/07\/20240705-Santiago-del-Cile-Campamento-invernal-El-Quisco-44-800x600.jpg 2x\"><img decoding=\"async\" src=\"data:image\/gif;base64,R0lGODlhAQABAAAAACH5BAEKAAEALAAAAAABAAEAAAICTAEAOw==\" alt=\"\" class=\"gallery-thumb-image\" aria-hidden=\"true\"><\/picture><\/button><button class=\"gallery-thumb\" aria-haspopup=\"dialog\" data-modal-trigger=\"modal-90402524-a30c-4c1e-b123-aedde31787cb\" data-modal-triggerinfo='{\"position\": 3}' data-index=\"3\" aria-label=\"Abrir galer\u00eda desde la imagen 4\"><picture><source media=\"(min-width: 200px)\" srcset=\"https:\/\/sancarlo.org\/wp-content\/uploads\/2024\/07\/20240705-Santiago-del-Cile-Campamento-invernal-El-Quisco-46-400x300.jpg 1x, https:\/\/sancarlo.org\/wp-content\/uploads\/2024\/07\/20240705-Santiago-del-Cile-Campamento-invernal-El-Quisco-46-800x600.jpg 2x\"><img decoding=\"async\" src=\"data:image\/gif;base64,R0lGODlhAQABAAAAACH5BAEKAAEALAAAAAABAAEAAAICTAEAOw==\" alt=\"\" class=\"gallery-thumb-image\" aria-hidden=\"true\"><\/picture><\/button><button class=\"gallery-thumb\" aria-haspopup=\"dialog\" data-modal-trigger=\"modal-90402524-a30c-4c1e-b123-aedde31787cb\" data-modal-triggerinfo='{\"position\": 4}' data-index=\"4\" aria-label=\"Abrir galer\u00eda desde la imagen 5\"><picture><source media=\"(min-width: 200px)\" srcset=\"https:\/\/sancarlo.org\/wp-content\/uploads\/2024\/07\/20240705-Santiago-del-Cile-Campamento-invernal-El-Quisco-53-400x300.jpg 1x, https:\/\/sancarlo.org\/wp-content\/uploads\/2024\/07\/20240705-Santiago-del-Cile-Campamento-invernal-El-Quisco-53-800x600.jpg 2x\"><img decoding=\"async\" src=\"data:image\/gif;base64,R0lGODlhAQABAAAAACH5BAEKAAEALAAAAAABAAEAAAICTAEAOw==\" alt=\"\" class=\"gallery-thumb-image\" aria-hidden=\"true\"><\/picture><\/button><button class=\"gallery-thumb\" aria-haspopup=\"dialog\" data-modal-trigger=\"modal-90402524-a30c-4c1e-b123-aedde31787cb\" data-modal-triggerinfo='{\"position\": 5}' data-index=\"5\" aria-label=\"Abrir galer\u00eda desde la imagen 6\"><picture><source media=\"(min-width: 200px)\" srcset=\"https:\/\/sancarlo.org\/wp-content\/uploads\/2024\/07\/20240705-Santiago-del-Cile-Campamento-invernal-El-Quisco-57-400x300.jpg 1x, https:\/\/sancarlo.org\/wp-content\/uploads\/2024\/07\/20240705-Santiago-del-Cile-Campamento-invernal-El-Quisco-57-800x600.jpg 2x\"><img decoding=\"async\" src=\"data:image\/gif;base64,R0lGODlhAQABAAAAACH5BAEKAAEALAAAAAABAAEAAAICTAEAOw==\" alt=\"\" class=\"gallery-thumb-image\" aria-hidden=\"true\"><\/picture><\/button><button class=\"gallery-thumb\" aria-haspopup=\"dialog\" data-modal-trigger=\"modal-90402524-a30c-4c1e-b123-aedde31787cb\" data-modal-triggerinfo='{\"position\": 6}' data-index=\"6\" aria-label=\"Abrir galer\u00eda desde la imagen 7\"><picture><source media=\"(min-width: 200px)\" srcset=\"https:\/\/sancarlo.org\/wp-content\/uploads\/2024\/07\/20240705-Santiago-del-Cile-Campamento-invernal-El-Quisco-58-400x300.jpg 1x, https:\/\/sancarlo.org\/wp-content\/uploads\/2024\/07\/20240705-Santiago-del-Cile-Campamento-invernal-El-Quisco-58-800x600.jpg 2x\"><img decoding=\"async\" src=\"data:image\/gif;base64,R0lGODlhAQABAAAAACH5BAEKAAEALAAAAAABAAEAAAICTAEAOw==\" alt=\"\" class=\"gallery-thumb-image\" aria-hidden=\"true\"><\/picture><\/button><button class=\"gallery-thumb\" aria-haspopup=\"dialog\" data-modal-trigger=\"modal-90402524-a30c-4c1e-b123-aedde31787cb\" data-modal-triggerinfo='{\"position\": 7}' data-index=\"7\" aria-label=\"Abrir galer\u00eda desde la imagen 8\"><picture><source media=\"(min-width: 200px)\" srcset=\"https:\/\/sancarlo.org\/wp-content\/uploads\/2024\/07\/20240705-Santiago-del-Cile-Campamento-invernal-El-Quisco-60-400x300.jpg 1x, https:\/\/sancarlo.org\/wp-content\/uploads\/2024\/07\/20240705-Santiago-del-Cile-Campamento-invernal-El-Quisco-60-800x600.jpg 2x\"><img decoding=\"async\" src=\"data:image\/gif;base64,R0lGODlhAQABAAAAACH5BAEKAAEALAAAAAABAAEAAAICTAEAOw==\" alt=\"\" class=\"gallery-thumb-image\" aria-hidden=\"true\"><\/picture><\/button><button class=\"gallery-thumb\" aria-haspopup=\"dialog\" data-modal-trigger=\"modal-90402524-a30c-4c1e-b123-aedde31787cb\" data-modal-triggerinfo='{\"position\": 8}' data-index=\"8\" aria-label=\"Abrir galer\u00eda desde la imagen 9\"><picture><source media=\"(min-width: 200px)\" srcset=\"https:\/\/sancarlo.org\/wp-content\/uploads\/2024\/07\/20240705-Santiago-del-Cile-Campamento-invernal-El-Quisco-61-400x300.jpg 1x, https:\/\/sancarlo.org\/wp-content\/uploads\/2024\/07\/20240705-Santiago-del-Cile-Campamento-invernal-El-Quisco-61-800x600.jpg 2x\"><img decoding=\"async\" src=\"data:image\/gif;base64,R0lGODlhAQABAAAAACH5BAEKAAEALAAAAAABAAEAAAICTAEAOw==\" alt=\"\" class=\"gallery-thumb-image\" aria-hidden=\"true\"><\/picture><\/button><button class=\"gallery-thumb\" aria-haspopup=\"dialog\" data-modal-trigger=\"modal-90402524-a30c-4c1e-b123-aedde31787cb\" data-modal-triggerinfo='{\"position\": 9}' data-index=\"9\" aria-label=\"Abrir galer\u00eda desde la imagen 10\"><picture><source media=\"(min-width: 200px)\" srcset=\"https:\/\/sancarlo.org\/wp-content\/uploads\/2024\/07\/20240705-Santiago-del-Cile-Campamento-invernal-El-Quisco-62-400x300.jpg 1x, https:\/\/sancarlo.org\/wp-content\/uploads\/2024\/07\/20240705-Santiago-del-Cile-Campamento-invernal-El-Quisco-62-800x600.jpg 2x\"><img decoding=\"async\" src=\"data:image\/gif;base64,R0lGODlhAQABAAAAACH5BAEKAAEALAAAAAABAAEAAAICTAEAOw==\" alt=\"\" class=\"gallery-thumb-image\" aria-hidden=\"true\"><\/picture><\/button><button class=\"gallery-thumb\" aria-haspopup=\"dialog\" data-modal-trigger=\"modal-90402524-a30c-4c1e-b123-aedde31787cb\" data-modal-triggerinfo='{\"position\": 10}' data-index=\"10\" aria-label=\"Abrir galer\u00eda desde la imagen 11\"><picture><source media=\"(min-width: 200px)\" srcset=\"https:\/\/sancarlo.org\/wp-content\/uploads\/2024\/07\/20240705-Santiago-del-Cile-Campamento-invernal-El-Quisco-63-400x300.jpg 1x, https:\/\/sancarlo.org\/wp-content\/uploads\/2024\/07\/20240705-Santiago-del-Cile-Campamento-invernal-El-Quisco-63-800x600.jpg 2x\"><img decoding=\"async\" src=\"data:image\/gif;base64,R0lGODlhAQABAAAAACH5BAEKAAEALAAAAAABAAEAAAICTAEAOw==\" alt=\"\" class=\"gallery-thumb-image\" aria-hidden=\"true\"><\/picture><\/button><button class=\"gallery-thumb\" aria-haspopup=\"dialog\" data-modal-trigger=\"modal-90402524-a30c-4c1e-b123-aedde31787cb\" data-modal-triggerinfo='{\"position\": 11}' data-index=\"11\" aria-label=\"Abrir galer\u00eda desde la imagen 12\"><picture><source media=\"(min-width: 200px)\" srcset=\"https:\/\/sancarlo.org\/wp-content\/uploads\/2024\/07\/20240705-Santiago-del-Cile-Campamento-invernal-El-Quisco-64-400x300.jpg 1x, https:\/\/sancarlo.org\/wp-content\/uploads\/2024\/07\/20240705-Santiago-del-Cile-Campamento-invernal-El-Quisco-64-800x600.jpg 2x\"><img decoding=\"async\" src=\"data:image\/gif;base64,R0lGODlhAQABAAAAACH5BAEKAAEALAAAAAABAAEAAAICTAEAOw==\" alt=\"\" class=\"gallery-thumb-image\" aria-hidden=\"true\"><\/picture><\/button><button class=\"gallery-thumb\" aria-haspopup=\"dialog\" data-modal-trigger=\"modal-90402524-a30c-4c1e-b123-aedde31787cb\" data-modal-triggerinfo='{\"position\": 12}' data-index=\"12\" aria-label=\"Abrir galer\u00eda desde la imagen 13\"><picture><source media=\"(min-width: 200px)\" srcset=\"https:\/\/sancarlo.org\/wp-content\/uploads\/2024\/07\/20240705-Santiago-del-Cile-Campamento-invernal-El-Quisco-65-400x300.jpg 1x, https:\/\/sancarlo.org\/wp-content\/uploads\/2024\/07\/20240705-Santiago-del-Cile-Campamento-invernal-El-Quisco-65-800x600.jpg 2x\"><img decoding=\"async\" src=\"data:image\/gif;base64,R0lGODlhAQABAAAAACH5BAEKAAEALAAAAAABAAEAAAICTAEAOw==\" alt=\"\" class=\"gallery-thumb-image\" aria-hidden=\"true\"><\/picture><\/button><button class=\"gallery-thumb\" aria-haspopup=\"dialog\" data-modal-trigger=\"modal-90402524-a30c-4c1e-b123-aedde31787cb\" data-modal-triggerinfo='{\"position\": 13}' data-index=\"13\" aria-label=\"Abrir galer\u00eda desde la imagen 14\"><picture><source media=\"(min-width: 200px)\" srcset=\"https:\/\/sancarlo.org\/wp-content\/uploads\/2024\/07\/20240705-Santiago-del-Cile-Campamento-invernal-El-Quisco-70-400x300.jpg 1x, https:\/\/sancarlo.org\/wp-content\/uploads\/2024\/07\/20240705-Santiago-del-Cile-Campamento-invernal-El-Quisco-70-800x600.jpg 2x\"><img decoding=\"async\" src=\"data:image\/gif;base64,R0lGODlhAQABAAAAACH5BAEKAAEALAAAAAABAAEAAAICTAEAOw==\" alt=\"\" class=\"gallery-thumb-image\" aria-hidden=\"true\"><\/picture><\/button><button class=\"gallery-thumb\" aria-haspopup=\"dialog\" data-modal-trigger=\"modal-90402524-a30c-4c1e-b123-aedde31787cb\" data-modal-triggerinfo='{\"position\": 14}' data-index=\"14\" aria-label=\"Abrir galer\u00eda desde la imagen 15\"><picture><source media=\"(min-width: 200px)\" srcset=\"https:\/\/sancarlo.org\/wp-content\/uploads\/2024\/07\/20240705-Santiago-del-Cile-Campamento-invernal-El-Quisco-73-400x300.jpg 1x, https:\/\/sancarlo.org\/wp-content\/uploads\/2024\/07\/20240705-Santiago-del-Cile-Campamento-invernal-El-Quisco-73-800x600.jpg 2x\"><img decoding=\"async\" src=\"data:image\/gif;base64,R0lGODlhAQABAAAAACH5BAEKAAEALAAAAAABAAEAAAICTAEAOw==\" alt=\"\" class=\"gallery-thumb-image\" aria-hidden=\"true\"><\/picture><\/button><button class=\"gallery-thumb\" aria-haspopup=\"dialog\" data-modal-trigger=\"modal-90402524-a30c-4c1e-b123-aedde31787cb\" data-modal-triggerinfo='{\"position\": 15}' data-index=\"15\" aria-label=\"Abrir galer\u00eda desde la imagen 16\"><picture><source media=\"(min-width: 200px)\" srcset=\"https:\/\/sancarlo.org\/wp-content\/uploads\/2024\/07\/20240705-Santiago-del-Cile-Campamento-invernal-El-Quisco-74-400x300.jpg 1x, https:\/\/sancarlo.org\/wp-content\/uploads\/2024\/07\/20240705-Santiago-del-Cile-Campamento-invernal-El-Quisco-74-800x600.jpg 2x\"><img decoding=\"async\" src=\"data:image\/gif;base64,R0lGODlhAQABAAAAACH5BAEKAAEALAAAAAABAAEAAAICTAEAOw==\" alt=\"\" class=\"gallery-thumb-image\" aria-hidden=\"true\"><\/picture><\/button><button class=\"gallery-thumb\" aria-haspopup=\"dialog\" data-modal-trigger=\"modal-90402524-a30c-4c1e-b123-aedde31787cb\" data-modal-triggerinfo='{\"position\": 16}' data-index=\"16\" aria-label=\"Abrir galer\u00eda desde la imagen 17\"><picture><source media=\"(min-width: 200px)\" srcset=\"https:\/\/sancarlo.org\/wp-content\/uploads\/2024\/07\/20240705-Santiago-del-Cile-Campamento-invernal-El-Quisco-75-400x300.jpg 1x, https:\/\/sancarlo.org\/wp-content\/uploads\/2024\/07\/20240705-Santiago-del-Cile-Campamento-invernal-El-Quisco-75-800x600.jpg 2x\"><img decoding=\"async\" src=\"data:image\/gif;base64,R0lGODlhAQABAAAAACH5BAEKAAEALAAAAAABAAEAAAICTAEAOw==\" alt=\"\" class=\"gallery-thumb-image\" aria-hidden=\"true\"><\/picture><\/button><button class=\"gallery-thumb\" aria-haspopup=\"dialog\" data-modal-trigger=\"modal-90402524-a30c-4c1e-b123-aedde31787cb\" data-modal-triggerinfo='{\"position\": 17}' data-index=\"17\" aria-label=\"Abrir galer\u00eda desde la imagen 18\"><picture><source media=\"(min-width: 200px)\" srcset=\"https:\/\/sancarlo.org\/wp-content\/uploads\/2024\/07\/20240705-Santiago-del-Cile-Campamento-invernal-El-Quisco-76-400x300.jpg 1x, https:\/\/sancarlo.org\/wp-content\/uploads\/2024\/07\/20240705-Santiago-del-Cile-Campamento-invernal-El-Quisco-76-800x600.jpg 2x\"><img decoding=\"async\" src=\"data:image\/gif;base64,R0lGODlhAQABAAAAACH5BAEKAAEALAAAAAABAAEAAAICTAEAOw==\" alt=\"\" class=\"gallery-thumb-image\" aria-hidden=\"true\"><\/picture><\/button><button class=\"gallery-thumb\" aria-haspopup=\"dialog\" data-modal-trigger=\"modal-90402524-a30c-4c1e-b123-aedde31787cb\" data-modal-triggerinfo='{\"position\": 18}' data-index=\"18\" aria-label=\"Abrir galer\u00eda desde la imagen 19\"><picture><source media=\"(min-width: 200px)\" srcset=\"https:\/\/sancarlo.org\/wp-content\/uploads\/2024\/07\/20240705-Santiago-del-Cile-Campamento-invernal-El-Quisco-77-400x300.jpg 1x, https:\/\/sancarlo.org\/wp-content\/uploads\/2024\/07\/20240705-Santiago-del-Cile-Campamento-invernal-El-Quisco-77-800x600.jpg 2x\"><img decoding=\"async\" src=\"data:image\/gif;base64,R0lGODlhAQABAAAAACH5BAEKAAEALAAAAAABAAEAAAICTAEAOw==\" alt=\"\" class=\"gallery-thumb-image\" aria-hidden=\"true\"><\/picture><\/button><button class=\"gallery-thumb\" aria-haspopup=\"dialog\" data-modal-trigger=\"modal-90402524-a30c-4c1e-b123-aedde31787cb\" data-modal-triggerinfo='{\"position\": 19}' data-index=\"19\" aria-label=\"Abrir galer\u00eda desde la imagen 20\"><picture><source media=\"(min-width: 200px)\" srcset=\"https:\/\/sancarlo.org\/wp-content\/uploads\/2024\/07\/20240705-Santiago-del-Cile-Campamento-invernal-El-Quisco-89-400x300.jpg 1x, https:\/\/sancarlo.org\/wp-content\/uploads\/2024\/07\/20240705-Santiago-del-Cile-Campamento-invernal-El-Quisco-89-800x600.jpg 2x\"><img decoding=\"async\" src=\"data:image\/gif;base64,R0lGODlhAQABAAAAACH5BAEKAAEALAAAAAABAAEAAAICTAEAOw==\" alt=\"\" class=\"gallery-thumb-image\" aria-hidden=\"true\"><\/picture><\/button><button class=\"gallery-thumb\" aria-haspopup=\"dialog\" data-modal-trigger=\"modal-90402524-a30c-4c1e-b123-aedde31787cb\" data-modal-triggerinfo='{\"position\": 20}' data-index=\"20\" aria-label=\"Abrir galer\u00eda desde la imagen 21\"><picture><source media=\"(min-width: 200px)\" srcset=\"https:\/\/sancarlo.org\/wp-content\/uploads\/2024\/07\/20240705-Santiago-del-Cile-Campamento-invernal-El-Quisco-99-400x300.jpg 1x, https:\/\/sancarlo.org\/wp-content\/uploads\/2024\/07\/20240705-Santiago-del-Cile-Campamento-invernal-El-Quisco-99-800x600.jpg 2x\"><img decoding=\"async\" src=\"data:image\/gif;base64,R0lGODlhAQABAAAAACH5BAEKAAEALAAAAAABAAEAAAICTAEAOw==\" alt=\"\" class=\"gallery-thumb-image\" aria-hidden=\"true\"><\/picture><\/button><button class=\"gallery-thumb\" aria-haspopup=\"dialog\" data-modal-trigger=\"modal-90402524-a30c-4c1e-b123-aedde31787cb\" data-modal-triggerinfo='{\"position\": 21}' data-index=\"21\" aria-label=\"Abrir galer\u00eda desde la imagen 22\"><picture><source media=\"(min-width: 200px)\" srcset=\"https:\/\/sancarlo.org\/wp-content\/uploads\/2024\/07\/20240705-Santiago-del-Cile-Campamento-invernal-El-Quisco-113-400x300.jpg 1x, https:\/\/sancarlo.org\/wp-content\/uploads\/2024\/07\/20240705-Santiago-del-Cile-Campamento-invernal-El-Quisco-113-800x600.jpg 2x\"><img decoding=\"async\" src=\"data:image\/gif;base64,R0lGODlhAQABAAAAACH5BAEKAAEALAAAAAABAAEAAAICTAEAOw==\" alt=\"\" class=\"gallery-thumb-image\" aria-hidden=\"true\"><\/picture><\/button><button class=\"gallery-thumb\" aria-haspopup=\"dialog\" data-modal-trigger=\"modal-90402524-a30c-4c1e-b123-aedde31787cb\" data-modal-triggerinfo='{\"position\": 22}' data-index=\"22\" aria-label=\"Abrir galer\u00eda desde la imagen 23\"><picture><source media=\"(min-width: 200px)\" srcset=\"https:\/\/sancarlo.org\/wp-content\/uploads\/2024\/07\/20240705-Santiago-del-Cile-Campamento-invernal-El-Quisco-120-400x300.jpg 1x, https:\/\/sancarlo.org\/wp-content\/uploads\/2024\/07\/20240705-Santiago-del-Cile-Campamento-invernal-El-Quisco-120-800x600.jpg 2x\"><img decoding=\"async\" src=\"data:image\/gif;base64,R0lGODlhAQABAAAAACH5BAEKAAEALAAAAAABAAEAAAICTAEAOw==\" alt=\"\" class=\"gallery-thumb-image\" aria-hidden=\"true\"><\/picture><\/button><button class=\"gallery-thumb\" aria-haspopup=\"dialog\" data-modal-trigger=\"modal-90402524-a30c-4c1e-b123-aedde31787cb\" data-modal-triggerinfo='{\"position\": 23}' data-index=\"23\" aria-label=\"Abrir galer\u00eda desde la imagen 24\"><picture><source media=\"(min-width: 200px)\" srcset=\"https:\/\/sancarlo.org\/wp-content\/uploads\/2024\/07\/20240705-Santiago-del-Cile-Campamento-invernal-El-Quisco-121-400x300.jpg 1x, https:\/\/sancarlo.org\/wp-content\/uploads\/2024\/07\/20240705-Santiago-del-Cile-Campamento-invernal-El-Quisco-121-800x600.jpg 2x\"><img decoding=\"async\" src=\"data:image\/gif;base64,R0lGODlhAQABAAAAACH5BAEKAAEALAAAAAABAAEAAAICTAEAOw==\" alt=\"\" class=\"gallery-thumb-image\" aria-hidden=\"true\"><\/picture><\/button><div class=\"modal modal--full modal--gallery\" id=\"modal-90402524-a30c-4c1e-b123-aedde31787cb\" aria-hidden=\"true\">\n<div class=\"modal-overlay\" tabindex=\"-1\" data-modal-close><div class=\"modal-dialog\" data-component=\"modal_gallery\" role=\"dialog\" aria-modal=\"true\" ><button class=\"modal-close\" aria-label=\"Cerrar\" data-modal-close><\/button><div class=\"modal-content\"><div class=\"gallery-slides\"><div class=\"gallery-slides-inner\"><figure><picture><source media=\"(min-width: 1280px)\" srcset=\"https:\/\/sancarlo.org\/wp-content\/uploads\/2024\/07\/20240705-Santiago-del-Cile-Campamento-invernal-El-Quisco-18.jpg 1x, https:\/\/sancarlo.org\/wp-content\/uploads\/2024\/07\/20240705-Santiago-del-Cile-Campamento-invernal-El-Quisco-18.jpg 2x\"><source media=\"(min-width: 1024px)\" srcset=\"https:\/\/sancarlo.org\/wp-content\/uploads\/2024\/07\/20240705-Santiago-del-Cile-Campamento-invernal-El-Quisco-18-1024x683.jpg 1x, https:\/\/sancarlo.org\/wp-content\/uploads\/2024\/07\/20240705-Santiago-del-Cile-Campamento-invernal-El-Quisco-18.jpg 2x\"><source media=\"(min-width: 768px)\" srcset=\"https:\/\/sancarlo.org\/wp-content\/uploads\/2024\/07\/20240705-Santiago-del-Cile-Campamento-invernal-El-Quisco-18-800x534.jpg 1x, https:\/\/sancarlo.org\/wp-content\/uploads\/2024\/07\/20240705-Santiago-del-Cile-Campamento-invernal-El-Quisco-18.jpg 2x\"><source media=\"(min-width: 200px)\" srcset=\"https:\/\/sancarlo.org\/wp-content\/uploads\/2024\/07\/20240705-Santiago-del-Cile-Campamento-invernal-El-Quisco-18-500x334.jpg 1x, https:\/\/sancarlo.org\/wp-content\/uploads\/2024\/07\/20240705-Santiago-del-Cile-Campamento-invernal-El-Quisco-18-1000x667.jpg 2x\"><img decoding=\"async\" src=\"data:image\/gif;base64,R0lGODlhAQABAAAAACH5BAEKAAEALAAAAAABAAEAAAICTAEAOw==\" alt=\"\" \/><\/picture><\/figure><figure><picture><source media=\"(min-width: 1280px)\" srcset=\"https:\/\/sancarlo.org\/wp-content\/uploads\/2024\/07\/20240705-Santiago-del-Cile-Campamento-invernal-El-Quisco-36.jpg 1x, https:\/\/sancarlo.org\/wp-content\/uploads\/2024\/07\/20240705-Santiago-del-Cile-Campamento-invernal-El-Quisco-36.jpg 2x\"><source media=\"(min-width: 1024px)\" srcset=\"https:\/\/sancarlo.org\/wp-content\/uploads\/2024\/07\/20240705-Santiago-del-Cile-Campamento-invernal-El-Quisco-36-1024x683.jpg 1x, https:\/\/sancarlo.org\/wp-content\/uploads\/2024\/07\/20240705-Santiago-del-Cile-Campamento-invernal-El-Quisco-36.jpg 2x\"><source media=\"(min-width: 768px)\" srcset=\"https:\/\/sancarlo.org\/wp-content\/uploads\/2024\/07\/20240705-Santiago-del-Cile-Campamento-invernal-El-Quisco-36-800x534.jpg 1x, https:\/\/sancarlo.org\/wp-content\/uploads\/2024\/07\/20240705-Santiago-del-Cile-Campamento-invernal-El-Quisco-36.jpg 2x\"><source media=\"(min-width: 200px)\" srcset=\"https:\/\/sancarlo.org\/wp-content\/uploads\/2024\/07\/20240705-Santiago-del-Cile-Campamento-invernal-El-Quisco-36-500x334.jpg 1x, https:\/\/sancarlo.org\/wp-content\/uploads\/2024\/07\/20240705-Santiago-del-Cile-Campamento-invernal-El-Quisco-36-1000x667.jpg 2x\"><img decoding=\"async\" src=\"data:image\/gif;base64,R0lGODlhAQABAAAAACH5BAEKAAEALAAAAAABAAEAAAICTAEAOw==\" alt=\"\" \/><\/picture><\/figure><figure><picture><source media=\"(min-width: 1280px)\" srcset=\"https:\/\/sancarlo.org\/wp-content\/uploads\/2024\/07\/20240705-Santiago-del-Cile-Campamento-invernal-El-Quisco-44.jpg 1x, https:\/\/sancarlo.org\/wp-content\/uploads\/2024\/07\/20240705-Santiago-del-Cile-Campamento-invernal-El-Quisco-44.jpg 2x\"><source media=\"(min-width: 1024px)\" srcset=\"https:\/\/sancarlo.org\/wp-content\/uploads\/2024\/07\/20240705-Santiago-del-Cile-Campamento-invernal-El-Quisco-44-1024x683.jpg 1x, https:\/\/sancarlo.org\/wp-content\/uploads\/2024\/07\/20240705-Santiago-del-Cile-Campamento-invernal-El-Quisco-44.jpg 2x\"><source media=\"(min-width: 768px)\" srcset=\"https:\/\/sancarlo.org\/wp-content\/uploads\/2024\/07\/20240705-Santiago-del-Cile-Campamento-invernal-El-Quisco-44-800x534.jpg 1x, https:\/\/sancarlo.org\/wp-content\/uploads\/2024\/07\/20240705-Santiago-del-Cile-Campamento-invernal-El-Quisco-44.jpg 2x\"><source media=\"(min-width: 200px)\" srcset=\"https:\/\/sancarlo.org\/wp-content\/uploads\/2024\/07\/20240705-Santiago-del-Cile-Campamento-invernal-El-Quisco-44-500x334.jpg 1x, https:\/\/sancarlo.org\/wp-content\/uploads\/2024\/07\/20240705-Santiago-del-Cile-Campamento-invernal-El-Quisco-44-1000x667.jpg 2x\"><img decoding=\"async\" src=\"data:image\/gif;base64,R0lGODlhAQABAAAAACH5BAEKAAEALAAAAAABAAEAAAICTAEAOw==\" alt=\"\" \/><\/picture><\/figure><figure><picture><source media=\"(min-width: 1280px)\" srcset=\"https:\/\/sancarlo.org\/wp-content\/uploads\/2024\/07\/20240705-Santiago-del-Cile-Campamento-invernal-El-Quisco-46.jpg 1x, https:\/\/sancarlo.org\/wp-content\/uploads\/2024\/07\/20240705-Santiago-del-Cile-Campamento-invernal-El-Quisco-46.jpg 2x\"><source media=\"(min-width: 1024px)\" srcset=\"https:\/\/sancarlo.org\/wp-content\/uploads\/2024\/07\/20240705-Santiago-del-Cile-Campamento-invernal-El-Quisco-46-1024x683.jpg 1x, https:\/\/sancarlo.org\/wp-content\/uploads\/2024\/07\/20240705-Santiago-del-Cile-Campamento-invernal-El-Quisco-46.jpg 2x\"><source media=\"(min-width: 768px)\" srcset=\"https:\/\/sancarlo.org\/wp-content\/uploads\/2024\/07\/20240705-Santiago-del-Cile-Campamento-invernal-El-Quisco-46-800x534.jpg 1x, https:\/\/sancarlo.org\/wp-content\/uploads\/2024\/07\/20240705-Santiago-del-Cile-Campamento-invernal-El-Quisco-46.jpg 2x\"><source media=\"(min-width: 200px)\" srcset=\"https:\/\/sancarlo.org\/wp-content\/uploads\/2024\/07\/20240705-Santiago-del-Cile-Campamento-invernal-El-Quisco-46-500x334.jpg 1x, https:\/\/sancarlo.org\/wp-content\/uploads\/2024\/07\/20240705-Santiago-del-Cile-Campamento-invernal-El-Quisco-46-1000x667.jpg 2x\"><img decoding=\"async\" src=\"data:image\/gif;base64,R0lGODlhAQABAAAAACH5BAEKAAEALAAAAAABAAEAAAICTAEAOw==\" alt=\"\" \/><\/picture><\/figure><figure><picture><source media=\"(min-width: 1280px)\" srcset=\"https:\/\/sancarlo.org\/wp-content\/uploads\/2024\/07\/20240705-Santiago-del-Cile-Campamento-invernal-El-Quisco-53.jpg 1x, https:\/\/sancarlo.org\/wp-content\/uploads\/2024\/07\/20240705-Santiago-del-Cile-Campamento-invernal-El-Quisco-53.jpg 2x\"><source media=\"(min-width: 1024px)\" srcset=\"https:\/\/sancarlo.org\/wp-content\/uploads\/2024\/07\/20240705-Santiago-del-Cile-Campamento-invernal-El-Quisco-53-1024x683.jpg 1x, https:\/\/sancarlo.org\/wp-content\/uploads\/2024\/07\/20240705-Santiago-del-Cile-Campamento-invernal-El-Quisco-53.jpg 2x\"><source media=\"(min-width: 768px)\" srcset=\"https:\/\/sancarlo.org\/wp-content\/uploads\/2024\/07\/20240705-Santiago-del-Cile-Campamento-invernal-El-Quisco-53-800x534.jpg 1x, https:\/\/sancarlo.org\/wp-content\/uploads\/2024\/07\/20240705-Santiago-del-Cile-Campamento-invernal-El-Quisco-53.jpg 2x\"><source media=\"(min-width: 200px)\" srcset=\"https:\/\/sancarlo.org\/wp-content\/uploads\/2024\/07\/20240705-Santiago-del-Cile-Campamento-invernal-El-Quisco-53-500x334.jpg 1x, https:\/\/sancarlo.org\/wp-content\/uploads\/2024\/07\/20240705-Santiago-del-Cile-Campamento-invernal-El-Quisco-53-1000x667.jpg 2x\"><img decoding=\"async\" src=\"data:image\/gif;base64,R0lGODlhAQABAAAAACH5BAEKAAEALAAAAAABAAEAAAICTAEAOw==\" alt=\"\" \/><\/picture><\/figure><figure><picture><source media=\"(min-width: 1280px)\" srcset=\"https:\/\/sancarlo.org\/wp-content\/uploads\/2024\/07\/20240705-Santiago-del-Cile-Campamento-invernal-El-Quisco-57.jpg 1x, https:\/\/sancarlo.org\/wp-content\/uploads\/2024\/07\/20240705-Santiago-del-Cile-Campamento-invernal-El-Quisco-57.jpg 2x\"><source media=\"(min-width: 1024px)\" srcset=\"https:\/\/sancarlo.org\/wp-content\/uploads\/2024\/07\/20240705-Santiago-del-Cile-Campamento-invernal-El-Quisco-57-1024x683.jpg 1x, https:\/\/sancarlo.org\/wp-content\/uploads\/2024\/07\/20240705-Santiago-del-Cile-Campamento-invernal-El-Quisco-57.jpg 2x\"><source media=\"(min-width: 768px)\" srcset=\"https:\/\/sancarlo.org\/wp-content\/uploads\/2024\/07\/20240705-Santiago-del-Cile-Campamento-invernal-El-Quisco-57-800x534.jpg 1x, https:\/\/sancarlo.org\/wp-content\/uploads\/2024\/07\/20240705-Santiago-del-Cile-Campamento-invernal-El-Quisco-57.jpg 2x\"><source media=\"(min-width: 200px)\" srcset=\"https:\/\/sancarlo.org\/wp-content\/uploads\/2024\/07\/20240705-Santiago-del-Cile-Campamento-invernal-El-Quisco-57-500x334.jpg 1x, https:\/\/sancarlo.org\/wp-content\/uploads\/2024\/07\/20240705-Santiago-del-Cile-Campamento-invernal-El-Quisco-57-1000x667.jpg 2x\"><img decoding=\"async\" src=\"data:image\/gif;base64,R0lGODlhAQABAAAAACH5BAEKAAEALAAAAAABAAEAAAICTAEAOw==\" alt=\"\" \/><\/picture><\/figure><figure><picture><source media=\"(min-width: 1280px)\" srcset=\"https:\/\/sancarlo.org\/wp-content\/uploads\/2024\/07\/20240705-Santiago-del-Cile-Campamento-invernal-El-Quisco-58.jpg 1x, https:\/\/sancarlo.org\/wp-content\/uploads\/2024\/07\/20240705-Santiago-del-Cile-Campamento-invernal-El-Quisco-58.jpg 2x\"><source media=\"(min-width: 1024px)\" srcset=\"https:\/\/sancarlo.org\/wp-content\/uploads\/2024\/07\/20240705-Santiago-del-Cile-Campamento-invernal-El-Quisco-58-1024x683.jpg 1x, https:\/\/sancarlo.org\/wp-content\/uploads\/2024\/07\/20240705-Santiago-del-Cile-Campamento-invernal-El-Quisco-58.jpg 2x\"><source media=\"(min-width: 768px)\" srcset=\"https:\/\/sancarlo.org\/wp-content\/uploads\/2024\/07\/20240705-Santiago-del-Cile-Campamento-invernal-El-Quisco-58-800x534.jpg 1x, https:\/\/sancarlo.org\/wp-content\/uploads\/2024\/07\/20240705-Santiago-del-Cile-Campamento-invernal-El-Quisco-58.jpg 2x\"><source media=\"(min-width: 200px)\" srcset=\"https:\/\/sancarlo.org\/wp-content\/uploads\/2024\/07\/20240705-Santiago-del-Cile-Campamento-invernal-El-Quisco-58-500x334.jpg 1x, https:\/\/sancarlo.org\/wp-content\/uploads\/2024\/07\/20240705-Santiago-del-Cile-Campamento-invernal-El-Quisco-58-1000x667.jpg 2x\"><img decoding=\"async\" src=\"data:image\/gif;base64,R0lGODlhAQABAAAAACH5BAEKAAEALAAAAAABAAEAAAICTAEAOw==\" alt=\"\" \/><\/picture><\/figure><figure><picture><source media=\"(min-width: 1280px)\" srcset=\"https:\/\/sancarlo.org\/wp-content\/uploads\/2024\/07\/20240705-Santiago-del-Cile-Campamento-invernal-El-Quisco-60.jpg 1x, https:\/\/sancarlo.org\/wp-content\/uploads\/2024\/07\/20240705-Santiago-del-Cile-Campamento-invernal-El-Quisco-60.jpg 2x\"><source media=\"(min-width: 1024px)\" srcset=\"https:\/\/sancarlo.org\/wp-content\/uploads\/2024\/07\/20240705-Santiago-del-Cile-Campamento-invernal-El-Quisco-60-1024x683.jpg 1x, https:\/\/sancarlo.org\/wp-content\/uploads\/2024\/07\/20240705-Santiago-del-Cile-Campamento-invernal-El-Quisco-60.jpg 2x\"><source media=\"(min-width: 768px)\" srcset=\"https:\/\/sancarlo.org\/wp-content\/uploads\/2024\/07\/20240705-Santiago-del-Cile-Campamento-invernal-El-Quisco-60-800x534.jpg 1x, https:\/\/sancarlo.org\/wp-content\/uploads\/2024\/07\/20240705-Santiago-del-Cile-Campamento-invernal-El-Quisco-60.jpg 2x\"><source media=\"(min-width: 200px)\" srcset=\"https:\/\/sancarlo.org\/wp-content\/uploads\/2024\/07\/20240705-Santiago-del-Cile-Campamento-invernal-El-Quisco-60-500x334.jpg 1x, https:\/\/sancarlo.org\/wp-content\/uploads\/2024\/07\/20240705-Santiago-del-Cile-Campamento-invernal-El-Quisco-60-1000x667.jpg 2x\"><img decoding=\"async\" src=\"data:image\/gif;base64,R0lGODlhAQABAAAAACH5BAEKAAEALAAAAAABAAEAAAICTAEAOw==\" alt=\"\" \/><\/picture><\/figure><figure><picture><source media=\"(min-width: 1280px)\" srcset=\"https:\/\/sancarlo.org\/wp-content\/uploads\/2024\/07\/20240705-Santiago-del-Cile-Campamento-invernal-El-Quisco-61.jpg 1x, https:\/\/sancarlo.org\/wp-content\/uploads\/2024\/07\/20240705-Santiago-del-Cile-Campamento-invernal-El-Quisco-61.jpg 2x\"><source media=\"(min-width: 1024px)\" srcset=\"https:\/\/sancarlo.org\/wp-content\/uploads\/2024\/07\/20240705-Santiago-del-Cile-Campamento-invernal-El-Quisco-61-1024x683.jpg 1x, https:\/\/sancarlo.org\/wp-content\/uploads\/2024\/07\/20240705-Santiago-del-Cile-Campamento-invernal-El-Quisco-61.jpg 2x\"><source media=\"(min-width: 768px)\" srcset=\"https:\/\/sancarlo.org\/wp-content\/uploads\/2024\/07\/20240705-Santiago-del-Cile-Campamento-invernal-El-Quisco-61-800x534.jpg 1x, https:\/\/sancarlo.org\/wp-content\/uploads\/2024\/07\/20240705-Santiago-del-Cile-Campamento-invernal-El-Quisco-61.jpg 2x\"><source media=\"(min-width: 200px)\" srcset=\"https:\/\/sancarlo.org\/wp-content\/uploads\/2024\/07\/20240705-Santiago-del-Cile-Campamento-invernal-El-Quisco-61-500x334.jpg 1x, https:\/\/sancarlo.org\/wp-content\/uploads\/2024\/07\/20240705-Santiago-del-Cile-Campamento-invernal-El-Quisco-61-1000x667.jpg 2x\"><img decoding=\"async\" src=\"data:image\/gif;base64,R0lGODlhAQABAAAAACH5BAEKAAEALAAAAAABAAEAAAICTAEAOw==\" alt=\"\" \/><\/picture><\/figure><figure><picture><source media=\"(min-width: 1280px)\" srcset=\"https:\/\/sancarlo.org\/wp-content\/uploads\/2024\/07\/20240705-Santiago-del-Cile-Campamento-invernal-El-Quisco-62.jpg 1x, https:\/\/sancarlo.org\/wp-content\/uploads\/2024\/07\/20240705-Santiago-del-Cile-Campamento-invernal-El-Quisco-62.jpg 2x\"><source media=\"(min-width: 1024px)\" srcset=\"https:\/\/sancarlo.org\/wp-content\/uploads\/2024\/07\/20240705-Santiago-del-Cile-Campamento-invernal-El-Quisco-62-1024x683.jpg 1x, https:\/\/sancarlo.org\/wp-content\/uploads\/2024\/07\/20240705-Santiago-del-Cile-Campamento-invernal-El-Quisco-62.jpg 2x\"><source media=\"(min-width: 768px)\" srcset=\"https:\/\/sancarlo.org\/wp-content\/uploads\/2024\/07\/20240705-Santiago-del-Cile-Campamento-invernal-El-Quisco-62-800x534.jpg 1x, https:\/\/sancarlo.org\/wp-content\/uploads\/2024\/07\/20240705-Santiago-del-Cile-Campamento-invernal-El-Quisco-62.jpg 2x\"><source media=\"(min-width: 200px)\" srcset=\"https:\/\/sancarlo.org\/wp-content\/uploads\/2024\/07\/20240705-Santiago-del-Cile-Campamento-invernal-El-Quisco-62-500x334.jpg 1x, https:\/\/sancarlo.org\/wp-content\/uploads\/2024\/07\/20240705-Santiago-del-Cile-Campamento-invernal-El-Quisco-62-1000x667.jpg 2x\"><img decoding=\"async\" src=\"data:image\/gif;base64,R0lGODlhAQABAAAAACH5BAEKAAEALAAAAAABAAEAAAICTAEAOw==\" alt=\"\" \/><\/picture><\/figure><figure><picture><source media=\"(min-width: 1280px)\" srcset=\"https:\/\/sancarlo.org\/wp-content\/uploads\/2024\/07\/20240705-Santiago-del-Cile-Campamento-invernal-El-Quisco-63.jpg 1x, https:\/\/sancarlo.org\/wp-content\/uploads\/2024\/07\/20240705-Santiago-del-Cile-Campamento-invernal-El-Quisco-63.jpg 2x\"><source media=\"(min-width: 1024px)\" srcset=\"https:\/\/sancarlo.org\/wp-content\/uploads\/2024\/07\/20240705-Santiago-del-Cile-Campamento-invernal-El-Quisco-63-1024x683.jpg 1x, https:\/\/sancarlo.org\/wp-content\/uploads\/2024\/07\/20240705-Santiago-del-Cile-Campamento-invernal-El-Quisco-63.jpg 2x\"><source media=\"(min-width: 768px)\" srcset=\"https:\/\/sancarlo.org\/wp-content\/uploads\/2024\/07\/20240705-Santiago-del-Cile-Campamento-invernal-El-Quisco-63-800x534.jpg 1x, https:\/\/sancarlo.org\/wp-content\/uploads\/2024\/07\/20240705-Santiago-del-Cile-Campamento-invernal-El-Quisco-63.jpg 2x\"><source media=\"(min-width: 200px)\" srcset=\"https:\/\/sancarlo.org\/wp-content\/uploads\/2024\/07\/20240705-Santiago-del-Cile-Campamento-invernal-El-Quisco-63-500x334.jpg 1x, https:\/\/sancarlo.org\/wp-content\/uploads\/2024\/07\/20240705-Santiago-del-Cile-Campamento-invernal-El-Quisco-63-1000x667.jpg 2x\"><img decoding=\"async\" src=\"data:image\/gif;base64,R0lGODlhAQABAAAAACH5BAEKAAEALAAAAAABAAEAAAICTAEAOw==\" alt=\"\" \/><\/picture><\/figure><figure><picture><source media=\"(min-width: 1280px)\" srcset=\"https:\/\/sancarlo.org\/wp-content\/uploads\/2024\/07\/20240705-Santiago-del-Cile-Campamento-invernal-El-Quisco-64.jpg 1x, https:\/\/sancarlo.org\/wp-content\/uploads\/2024\/07\/20240705-Santiago-del-Cile-Campamento-invernal-El-Quisco-64.jpg 2x\"><source media=\"(min-width: 1024px)\" srcset=\"https:\/\/sancarlo.org\/wp-content\/uploads\/2024\/07\/20240705-Santiago-del-Cile-Campamento-invernal-El-Quisco-64-1024x683.jpg 1x, https:\/\/sancarlo.org\/wp-content\/uploads\/2024\/07\/20240705-Santiago-del-Cile-Campamento-invernal-El-Quisco-64.jpg 2x\"><source media=\"(min-width: 768px)\" srcset=\"https:\/\/sancarlo.org\/wp-content\/uploads\/2024\/07\/20240705-Santiago-del-Cile-Campamento-invernal-El-Quisco-64-800x534.jpg 1x, https:\/\/sancarlo.org\/wp-content\/uploads\/2024\/07\/20240705-Santiago-del-Cile-Campamento-invernal-El-Quisco-64.jpg 2x\"><source media=\"(min-width: 200px)\" srcset=\"https:\/\/sancarlo.org\/wp-content\/uploads\/2024\/07\/20240705-Santiago-del-Cile-Campamento-invernal-El-Quisco-64-500x334.jpg 1x, https:\/\/sancarlo.org\/wp-content\/uploads\/2024\/07\/20240705-Santiago-del-Cile-Campamento-invernal-El-Quisco-64-1000x667.jpg 2x\"><img decoding=\"async\" src=\"data:image\/gif;base64,R0lGODlhAQABAAAAACH5BAEKAAEALAAAAAABAAEAAAICTAEAOw==\" alt=\"\" \/><\/picture><\/figure><figure><picture><source media=\"(min-width: 1280px)\" srcset=\"https:\/\/sancarlo.org\/wp-content\/uploads\/2024\/07\/20240705-Santiago-del-Cile-Campamento-invernal-El-Quisco-65.jpg 1x, https:\/\/sancarlo.org\/wp-content\/uploads\/2024\/07\/20240705-Santiago-del-Cile-Campamento-invernal-El-Quisco-65.jpg 2x\"><source media=\"(min-width: 1024px)\" srcset=\"https:\/\/sancarlo.org\/wp-content\/uploads\/2024\/07\/20240705-Santiago-del-Cile-Campamento-invernal-El-Quisco-65-1024x683.jpg 1x, https:\/\/sancarlo.org\/wp-content\/uploads\/2024\/07\/20240705-Santiago-del-Cile-Campamento-invernal-El-Quisco-65.jpg 2x\"><source media=\"(min-width: 768px)\" srcset=\"https:\/\/sancarlo.org\/wp-content\/uploads\/2024\/07\/20240705-Santiago-del-Cile-Campamento-invernal-El-Quisco-65-800x534.jpg 1x, https:\/\/sancarlo.org\/wp-content\/uploads\/2024\/07\/20240705-Santiago-del-Cile-Campamento-invernal-El-Quisco-65.jpg 2x\"><source media=\"(min-width: 200px)\" srcset=\"https:\/\/sancarlo.org\/wp-content\/uploads\/2024\/07\/20240705-Santiago-del-Cile-Campamento-invernal-El-Quisco-65-500x334.jpg 1x, https:\/\/sancarlo.org\/wp-content\/uploads\/2024\/07\/20240705-Santiago-del-Cile-Campamento-invernal-El-Quisco-65-1000x667.jpg 2x\"><img decoding=\"async\" src=\"data:image\/gif;base64,R0lGODlhAQABAAAAACH5BAEKAAEALAAAAAABAAEAAAICTAEAOw==\" alt=\"\" \/><\/picture><\/figure><figure><picture><source media=\"(min-width: 1280px)\" srcset=\"https:\/\/sancarlo.org\/wp-content\/uploads\/2024\/07\/20240705-Santiago-del-Cile-Campamento-invernal-El-Quisco-70.jpg 1x, https:\/\/sancarlo.org\/wp-content\/uploads\/2024\/07\/20240705-Santiago-del-Cile-Campamento-invernal-El-Quisco-70.jpg 2x\"><source media=\"(min-width: 1024px)\" srcset=\"https:\/\/sancarlo.org\/wp-content\/uploads\/2024\/07\/20240705-Santiago-del-Cile-Campamento-invernal-El-Quisco-70-1024x683.jpg 1x, https:\/\/sancarlo.org\/wp-content\/uploads\/2024\/07\/20240705-Santiago-del-Cile-Campamento-invernal-El-Quisco-70.jpg 2x\"><source media=\"(min-width: 768px)\" srcset=\"https:\/\/sancarlo.org\/wp-content\/uploads\/2024\/07\/20240705-Santiago-del-Cile-Campamento-invernal-El-Quisco-70-800x534.jpg 1x, https:\/\/sancarlo.org\/wp-content\/uploads\/2024\/07\/20240705-Santiago-del-Cile-Campamento-invernal-El-Quisco-70.jpg 2x\"><source media=\"(min-width: 200px)\" srcset=\"https:\/\/sancarlo.org\/wp-content\/uploads\/2024\/07\/20240705-Santiago-del-Cile-Campamento-invernal-El-Quisco-70-500x334.jpg 1x, https:\/\/sancarlo.org\/wp-content\/uploads\/2024\/07\/20240705-Santiago-del-Cile-Campamento-invernal-El-Quisco-70-1000x667.jpg 2x\"><img decoding=\"async\" src=\"data:image\/gif;base64,R0lGODlhAQABAAAAACH5BAEKAAEALAAAAAABAAEAAAICTAEAOw==\" alt=\"\" \/><\/picture><\/figure><figure><picture><source media=\"(min-width: 1280px)\" srcset=\"https:\/\/sancarlo.org\/wp-content\/uploads\/2024\/07\/20240705-Santiago-del-Cile-Campamento-invernal-El-Quisco-73.jpg 1x, https:\/\/sancarlo.org\/wp-content\/uploads\/2024\/07\/20240705-Santiago-del-Cile-Campamento-invernal-El-Quisco-73.jpg 2x\"><source media=\"(min-width: 1024px)\" srcset=\"https:\/\/sancarlo.org\/wp-content\/uploads\/2024\/07\/20240705-Santiago-del-Cile-Campamento-invernal-El-Quisco-73-1024x683.jpg 1x, https:\/\/sancarlo.org\/wp-content\/uploads\/2024\/07\/20240705-Santiago-del-Cile-Campamento-invernal-El-Quisco-73.jpg 2x\"><source media=\"(min-width: 768px)\" srcset=\"https:\/\/sancarlo.org\/wp-content\/uploads\/2024\/07\/20240705-Santiago-del-Cile-Campamento-invernal-El-Quisco-73-800x534.jpg 1x, https:\/\/sancarlo.org\/wp-content\/uploads\/2024\/07\/20240705-Santiago-del-Cile-Campamento-invernal-El-Quisco-73.jpg 2x\"><source media=\"(min-width: 200px)\" srcset=\"https:\/\/sancarlo.org\/wp-content\/uploads\/2024\/07\/20240705-Santiago-del-Cile-Campamento-invernal-El-Quisco-73-500x334.jpg 1x, https:\/\/sancarlo.org\/wp-content\/uploads\/2024\/07\/20240705-Santiago-del-Cile-Campamento-invernal-El-Quisco-73-1000x667.jpg 2x\"><img decoding=\"async\" src=\"data:image\/gif;base64,R0lGODlhAQABAAAAACH5BAEKAAEALAAAAAABAAEAAAICTAEAOw==\" alt=\"\" \/><\/picture><\/figure><figure><picture><source media=\"(min-width: 1280px)\" srcset=\"https:\/\/sancarlo.org\/wp-content\/uploads\/2024\/07\/20240705-Santiago-del-Cile-Campamento-invernal-El-Quisco-74.jpg 1x, https:\/\/sancarlo.org\/wp-content\/uploads\/2024\/07\/20240705-Santiago-del-Cile-Campamento-invernal-El-Quisco-74.jpg 2x\"><source media=\"(min-width: 1024px)\" srcset=\"https:\/\/sancarlo.org\/wp-content\/uploads\/2024\/07\/20240705-Santiago-del-Cile-Campamento-invernal-El-Quisco-74-1024x683.jpg 1x, https:\/\/sancarlo.org\/wp-content\/uploads\/2024\/07\/20240705-Santiago-del-Cile-Campamento-invernal-El-Quisco-74.jpg 2x\"><source media=\"(min-width: 768px)\" srcset=\"https:\/\/sancarlo.org\/wp-content\/uploads\/2024\/07\/20240705-Santiago-del-Cile-Campamento-invernal-El-Quisco-74-800x534.jpg 1x, https:\/\/sancarlo.org\/wp-content\/uploads\/2024\/07\/20240705-Santiago-del-Cile-Campamento-invernal-El-Quisco-74.jpg 2x\"><source media=\"(min-width: 200px)\" srcset=\"https:\/\/sancarlo.org\/wp-content\/uploads\/2024\/07\/20240705-Santiago-del-Cile-Campamento-invernal-El-Quisco-74-500x334.jpg 1x, https:\/\/sancarlo.org\/wp-content\/uploads\/2024\/07\/20240705-Santiago-del-Cile-Campamento-invernal-El-Quisco-74-1000x667.jpg 2x\"><img decoding=\"async\" src=\"data:image\/gif;base64,R0lGODlhAQABAAAAACH5BAEKAAEALAAAAAABAAEAAAICTAEAOw==\" alt=\"\" \/><\/picture><\/figure><figure><picture><source media=\"(min-width: 1280px)\" srcset=\"https:\/\/sancarlo.org\/wp-content\/uploads\/2024\/07\/20240705-Santiago-del-Cile-Campamento-invernal-El-Quisco-75.jpg 1x, https:\/\/sancarlo.org\/wp-content\/uploads\/2024\/07\/20240705-Santiago-del-Cile-Campamento-invernal-El-Quisco-75.jpg 2x\"><source media=\"(min-width: 1024px)\" srcset=\"https:\/\/sancarlo.org\/wp-content\/uploads\/2024\/07\/20240705-Santiago-del-Cile-Campamento-invernal-El-Quisco-75-1024x683.jpg 1x, https:\/\/sancarlo.org\/wp-content\/uploads\/2024\/07\/20240705-Santiago-del-Cile-Campamento-invernal-El-Quisco-75.jpg 2x\"><source media=\"(min-width: 768px)\" srcset=\"https:\/\/sancarlo.org\/wp-content\/uploads\/2024\/07\/20240705-Santiago-del-Cile-Campamento-invernal-El-Quisco-75-800x534.jpg 1x, https:\/\/sancarlo.org\/wp-content\/uploads\/2024\/07\/20240705-Santiago-del-Cile-Campamento-invernal-El-Quisco-75.jpg 2x\"><source media=\"(min-width: 200px)\" srcset=\"https:\/\/sancarlo.org\/wp-content\/uploads\/2024\/07\/20240705-Santiago-del-Cile-Campamento-invernal-El-Quisco-75-500x334.jpg 1x, https:\/\/sancarlo.org\/wp-content\/uploads\/2024\/07\/20240705-Santiago-del-Cile-Campamento-invernal-El-Quisco-75-1000x667.jpg 2x\"><img decoding=\"async\" src=\"data:image\/gif;base64,R0lGODlhAQABAAAAACH5BAEKAAEALAAAAAABAAEAAAICTAEAOw==\" alt=\"\" \/><\/picture><\/figure><figure><picture><source media=\"(min-width: 1280px)\" srcset=\"https:\/\/sancarlo.org\/wp-content\/uploads\/2024\/07\/20240705-Santiago-del-Cile-Campamento-invernal-El-Quisco-76.jpg 1x, https:\/\/sancarlo.org\/wp-content\/uploads\/2024\/07\/20240705-Santiago-del-Cile-Campamento-invernal-El-Quisco-76.jpg 2x\"><source media=\"(min-width: 1024px)\" srcset=\"https:\/\/sancarlo.org\/wp-content\/uploads\/2024\/07\/20240705-Santiago-del-Cile-Campamento-invernal-El-Quisco-76-1024x683.jpg 1x, https:\/\/sancarlo.org\/wp-content\/uploads\/2024\/07\/20240705-Santiago-del-Cile-Campamento-invernal-El-Quisco-76.jpg 2x\"><source media=\"(min-width: 768px)\" srcset=\"https:\/\/sancarlo.org\/wp-content\/uploads\/2024\/07\/20240705-Santiago-del-Cile-Campamento-invernal-El-Quisco-76-800x534.jpg 1x, https:\/\/sancarlo.org\/wp-content\/uploads\/2024\/07\/20240705-Santiago-del-Cile-Campamento-invernal-El-Quisco-76.jpg 2x\"><source media=\"(min-width: 200px)\" srcset=\"https:\/\/sancarlo.org\/wp-content\/uploads\/2024\/07\/20240705-Santiago-del-Cile-Campamento-invernal-El-Quisco-76-500x334.jpg 1x, https:\/\/sancarlo.org\/wp-content\/uploads\/2024\/07\/20240705-Santiago-del-Cile-Campamento-invernal-El-Quisco-76-1000x667.jpg 2x\"><img decoding=\"async\" src=\"data:image\/gif;base64,R0lGODlhAQABAAAAACH5BAEKAAEALAAAAAABAAEAAAICTAEAOw==\" alt=\"\" \/><\/picture><\/figure><figure><picture><source media=\"(min-width: 1280px)\" srcset=\"https:\/\/sancarlo.org\/wp-content\/uploads\/2024\/07\/20240705-Santiago-del-Cile-Campamento-invernal-El-Quisco-77.jpg 1x, https:\/\/sancarlo.org\/wp-content\/uploads\/2024\/07\/20240705-Santiago-del-Cile-Campamento-invernal-El-Quisco-77.jpg 2x\"><source media=\"(min-width: 1024px)\" srcset=\"https:\/\/sancarlo.org\/wp-content\/uploads\/2024\/07\/20240705-Santiago-del-Cile-Campamento-invernal-El-Quisco-77-1024x683.jpg 1x, https:\/\/sancarlo.org\/wp-content\/uploads\/2024\/07\/20240705-Santiago-del-Cile-Campamento-invernal-El-Quisco-77.jpg 2x\"><source media=\"(min-width: 768px)\" srcset=\"https:\/\/sancarlo.org\/wp-content\/uploads\/2024\/07\/20240705-Santiago-del-Cile-Campamento-invernal-El-Quisco-77-800x534.jpg 1x, https:\/\/sancarlo.org\/wp-content\/uploads\/2024\/07\/20240705-Santiago-del-Cile-Campamento-invernal-El-Quisco-77.jpg 2x\"><source media=\"(min-width: 200px)\" srcset=\"https:\/\/sancarlo.org\/wp-content\/uploads\/2024\/07\/20240705-Santiago-del-Cile-Campamento-invernal-El-Quisco-77-500x334.jpg 1x, https:\/\/sancarlo.org\/wp-content\/uploads\/2024\/07\/20240705-Santiago-del-Cile-Campamento-invernal-El-Quisco-77-1000x667.jpg 2x\"><img decoding=\"async\" src=\"data:image\/gif;base64,R0lGODlhAQABAAAAACH5BAEKAAEALAAAAAABAAEAAAICTAEAOw==\" alt=\"\" \/><\/picture><\/figure><figure><picture><source media=\"(min-width: 1280px)\" srcset=\"https:\/\/sancarlo.org\/wp-content\/uploads\/2024\/07\/20240705-Santiago-del-Cile-Campamento-invernal-El-Quisco-89.jpg 1x, https:\/\/sancarlo.org\/wp-content\/uploads\/2024\/07\/20240705-Santiago-del-Cile-Campamento-invernal-El-Quisco-89.jpg 2x\"><source media=\"(min-width: 1024px)\" srcset=\"https:\/\/sancarlo.org\/wp-content\/uploads\/2024\/07\/20240705-Santiago-del-Cile-Campamento-invernal-El-Quisco-89-1024x683.jpg 1x, https:\/\/sancarlo.org\/wp-content\/uploads\/2024\/07\/20240705-Santiago-del-Cile-Campamento-invernal-El-Quisco-89.jpg 2x\"><source media=\"(min-width: 768px)\" srcset=\"https:\/\/sancarlo.org\/wp-content\/uploads\/2024\/07\/20240705-Santiago-del-Cile-Campamento-invernal-El-Quisco-89-800x534.jpg 1x, https:\/\/sancarlo.org\/wp-content\/uploads\/2024\/07\/20240705-Santiago-del-Cile-Campamento-invernal-El-Quisco-89.jpg 2x\"><source media=\"(min-width: 200px)\" srcset=\"https:\/\/sancarlo.org\/wp-content\/uploads\/2024\/07\/20240705-Santiago-del-Cile-Campamento-invernal-El-Quisco-89-500x334.jpg 1x, https:\/\/sancarlo.org\/wp-content\/uploads\/2024\/07\/20240705-Santiago-del-Cile-Campamento-invernal-El-Quisco-89-1000x667.jpg 2x\"><img decoding=\"async\" src=\"data:image\/gif;base64,R0lGODlhAQABAAAAACH5BAEKAAEALAAAAAABAAEAAAICTAEAOw==\" alt=\"\" \/><\/picture><\/figure><figure><picture><source media=\"(min-width: 1280px)\" srcset=\"https:\/\/sancarlo.org\/wp-content\/uploads\/2024\/07\/20240705-Santiago-del-Cile-Campamento-invernal-El-Quisco-99.jpg 1x, https:\/\/sancarlo.org\/wp-content\/uploads\/2024\/07\/20240705-Santiago-del-Cile-Campamento-invernal-El-Quisco-99.jpg 2x\"><source media=\"(min-width: 1024px)\" srcset=\"https:\/\/sancarlo.org\/wp-content\/uploads\/2024\/07\/20240705-Santiago-del-Cile-Campamento-invernal-El-Quisco-99-1024x683.jpg 1x, https:\/\/sancarlo.org\/wp-content\/uploads\/2024\/07\/20240705-Santiago-del-Cile-Campamento-invernal-El-Quisco-99.jpg 2x\"><source media=\"(min-width: 768px)\" srcset=\"https:\/\/sancarlo.org\/wp-content\/uploads\/2024\/07\/20240705-Santiago-del-Cile-Campamento-invernal-El-Quisco-99-800x534.jpg 1x, https:\/\/sancarlo.org\/wp-content\/uploads\/2024\/07\/20240705-Santiago-del-Cile-Campamento-invernal-El-Quisco-99.jpg 2x\"><source media=\"(min-width: 200px)\" srcset=\"https:\/\/sancarlo.org\/wp-content\/uploads\/2024\/07\/20240705-Santiago-del-Cile-Campamento-invernal-El-Quisco-99-500x334.jpg 1x, https:\/\/sancarlo.org\/wp-content\/uploads\/2024\/07\/20240705-Santiago-del-Cile-Campamento-invernal-El-Quisco-99-1000x667.jpg 2x\"><img decoding=\"async\" src=\"data:image\/gif;base64,R0lGODlhAQABAAAAACH5BAEKAAEALAAAAAABAAEAAAICTAEAOw==\" alt=\"\" \/><\/picture><\/figure><figure><picture><source media=\"(min-width: 1280px)\" srcset=\"https:\/\/sancarlo.org\/wp-content\/uploads\/2024\/07\/20240705-Santiago-del-Cile-Campamento-invernal-El-Quisco-113.jpg 1x, https:\/\/sancarlo.org\/wp-content\/uploads\/2024\/07\/20240705-Santiago-del-Cile-Campamento-invernal-El-Quisco-113.jpg 2x\"><source media=\"(min-width: 1024px)\" srcset=\"https:\/\/sancarlo.org\/wp-content\/uploads\/2024\/07\/20240705-Santiago-del-Cile-Campamento-invernal-El-Quisco-113-1024x683.jpg 1x, https:\/\/sancarlo.org\/wp-content\/uploads\/2024\/07\/20240705-Santiago-del-Cile-Campamento-invernal-El-Quisco-113.jpg 2x\"><source media=\"(min-width: 768px)\" srcset=\"https:\/\/sancarlo.org\/wp-content\/uploads\/2024\/07\/20240705-Santiago-del-Cile-Campamento-invernal-El-Quisco-113-800x534.jpg 1x, https:\/\/sancarlo.org\/wp-content\/uploads\/2024\/07\/20240705-Santiago-del-Cile-Campamento-invernal-El-Quisco-113.jpg 2x\"><source media=\"(min-width: 200px)\" srcset=\"https:\/\/sancarlo.org\/wp-content\/uploads\/2024\/07\/20240705-Santiago-del-Cile-Campamento-invernal-El-Quisco-113-500x334.jpg 1x, https:\/\/sancarlo.org\/wp-content\/uploads\/2024\/07\/20240705-Santiago-del-Cile-Campamento-invernal-El-Quisco-113-1000x667.jpg 2x\"><img decoding=\"async\" src=\"data:image\/gif;base64,R0lGODlhAQABAAAAACH5BAEKAAEALAAAAAABAAEAAAICTAEAOw==\" alt=\"\" \/><\/picture><\/figure><figure><picture><source media=\"(min-width: 1280px)\" srcset=\"https:\/\/sancarlo.org\/wp-content\/uploads\/2024\/07\/20240705-Santiago-del-Cile-Campamento-invernal-El-Quisco-120.jpg 1x, https:\/\/sancarlo.org\/wp-content\/uploads\/2024\/07\/20240705-Santiago-del-Cile-Campamento-invernal-El-Quisco-120.jpg 2x\"><source media=\"(min-width: 1024px)\" srcset=\"https:\/\/sancarlo.org\/wp-content\/uploads\/2024\/07\/20240705-Santiago-del-Cile-Campamento-invernal-El-Quisco-120-1024x683.jpg 1x, https:\/\/sancarlo.org\/wp-content\/uploads\/2024\/07\/20240705-Santiago-del-Cile-Campamento-invernal-El-Quisco-120.jpg 2x\"><source media=\"(min-width: 768px)\" srcset=\"https:\/\/sancarlo.org\/wp-content\/uploads\/2024\/07\/20240705-Santiago-del-Cile-Campamento-invernal-El-Quisco-120-800x534.jpg 1x, https:\/\/sancarlo.org\/wp-content\/uploads\/2024\/07\/20240705-Santiago-del-Cile-Campamento-invernal-El-Quisco-120.jpg 2x\"><source media=\"(min-width: 200px)\" srcset=\"https:\/\/sancarlo.org\/wp-content\/uploads\/2024\/07\/20240705-Santiago-del-Cile-Campamento-invernal-El-Quisco-120-500x334.jpg 1x, https:\/\/sancarlo.org\/wp-content\/uploads\/2024\/07\/20240705-Santiago-del-Cile-Campamento-invernal-El-Quisco-120-1000x667.jpg 2x\"><img decoding=\"async\" src=\"data:image\/gif;base64,R0lGODlhAQABAAAAACH5BAEKAAEALAAAAAABAAEAAAICTAEAOw==\" alt=\"\" \/><\/picture><\/figure><figure><picture><source media=\"(min-width: 1280px)\" srcset=\"https:\/\/sancarlo.org\/wp-content\/uploads\/2024\/07\/20240705-Santiago-del-Cile-Campamento-invernal-El-Quisco-121.jpg 1x, https:\/\/sancarlo.org\/wp-content\/uploads\/2024\/07\/20240705-Santiago-del-Cile-Campamento-invernal-El-Quisco-121.jpg 2x\"><source media=\"(min-width: 1024px)\" srcset=\"https:\/\/sancarlo.org\/wp-content\/uploads\/2024\/07\/20240705-Santiago-del-Cile-Campamento-invernal-El-Quisco-121-1024x683.jpg 1x, https:\/\/sancarlo.org\/wp-content\/uploads\/2024\/07\/20240705-Santiago-del-Cile-Campamento-invernal-El-Quisco-121.jpg 2x\"><source media=\"(min-width: 768px)\" srcset=\"https:\/\/sancarlo.org\/wp-content\/uploads\/2024\/07\/20240705-Santiago-del-Cile-Campamento-invernal-El-Quisco-121-800x534.jpg 1x, https:\/\/sancarlo.org\/wp-content\/uploads\/2024\/07\/20240705-Santiago-del-Cile-Campamento-invernal-El-Quisco-121.jpg 2x\"><source media=\"(min-width: 200px)\" srcset=\"https:\/\/sancarlo.org\/wp-content\/uploads\/2024\/07\/20240705-Santiago-del-Cile-Campamento-invernal-El-Quisco-121-500x334.jpg 1x, https:\/\/sancarlo.org\/wp-content\/uploads\/2024\/07\/20240705-Santiago-del-Cile-Campamento-invernal-El-Quisco-121-1000x667.jpg 2x\"><img decoding=\"async\" src=\"data:image\/gif;base64,R0lGODlhAQABAAAAACH5BAEKAAEALAAAAAABAAEAAAICTAEAOw==\" alt=\"\" \/><\/picture><\/figure><\/div><\/div><\/div><\/div><\/div>\n<\/div><\/div><\/div>","protected":false},"excerpt":{"rendered":"<p>Las vacaciones de los j\u00f3venes de la parroquia Beato Pietro Bonilli de Santiago de Chile.<\/p>\n","protected":false},"author":3,"featured_media":8520,"comment_status":"closed","ping_status":"closed","sticky":false,"template":"","format":"standard","meta":{"_acf_changed":false,"inline_featured_image":false,"slim_seo":{"title":"Tu nombre naci\u00f3 de lo que mirabas - Fraternidad San Carlos","description":"Las vacaciones de los j\u00f3venes de la parroquia Beato Pietro Bonilli de Santiago de Chile."},"footnotes":""},"categories":[373],"tags":[363,811,754],"writers":[],"regions":[],"cities":[438],"class_list":["post-8719","post","type-post","status-publish","format-standard","has-post-thumbnail","hentry","category-eventos","tag-amicizia-es","tag-giovani-es","tag-vacanza-es","cities-santiago-de-chile-es"],"acf":[],"_links":{"self":[{"href":"https:\/\/sancarlo.org\/es\/wp-json\/wp\/v2\/posts\/8719","targetHints":{"allow":["GET"]}}],"collection":[{"href":"https:\/\/sancarlo.org\/es\/wp-json\/wp\/v2\/posts"}],"about":[{"href":"https:\/\/sancarlo.org\/es\/wp-json\/wp\/v2\/types\/post"}],"author":[{"embeddable":true,"href":"https:\/\/sancarlo.org\/es\/wp-json\/wp\/v2\/users\/3"}],"replies":[{"embeddable":true,"href":"https:\/\/sancarlo.org\/es\/wp-json\/wp\/v2\/comments?post=8719"}],"version-history":[{"count":1,"href":"https:\/\/sancarlo.org\/es\/wp-json\/wp\/v2\/posts\/8719\/revisions"}],"predecessor-version":[{"id":8721,"href":"https:\/\/sancarlo.org\/es\/wp-json\/wp\/v2\/posts\/8719\/revisions\/8721"}],"wp:featuredmedia":[{"embeddable":true,"href":"https:\/\/sancarlo.org\/es\/wp-json\/wp\/v2\/media\/8520"}],"wp:attachment":[{"href":"https:\/\/sancarlo.org\/es\/wp-json\/wp\/v2\/media?parent=8719"}],"wp:term":[{"taxonomy":"category","embeddable":true,"href":"https:\/\/sancarlo.org\/es\/wp-json\/wp\/v2\/categories?post=8719"},{"taxonomy":"post_tag","embeddable":true,"href":"https:\/\/sancarlo.org\/es\/wp-json\/wp\/v2\/tags?post=8719"},{"taxonomy":"writers","embeddable":true,"href":"https:\/\/sancarlo.org\/es\/wp-json\/wp\/v2\/writers?post=8719"},{"taxonomy":"regions","embeddable":true,"href":"https:\/\/sancarlo.org\/es\/wp-json\/wp\/v2\/regions?post=8719"},{"taxonomy":"cities","embeddable":true,"href":"https:\/\/sancarlo.org\/es\/wp-json\/wp\/v2\/cities?post=8719"}],"curies":[{"name":"wp","href":"https:\/\/api.w.org\/{rel}","templated":true}]}}