{"id":9128,"date":"2024-08-30T17:49:47","date_gmt":"2024-08-30T15:49:47","guid":{"rendered":"https:\/\/sancarlo.org\/la-fiducia-di-una-figlia\/"},"modified":"2024-09-13T09:57:03","modified_gmt":"2024-09-13T07:57:03","slug":"la-fiducia-di-una-figlia","status":"publish","type":"post","link":"https:\/\/sancarlo.org\/es\/la-fiducia-di-una-figlia\/","title":{"rendered":"La confianza de una hija"},"content":{"rendered":"<figure class=\"wp-block-image wp-block-image--fnztema is-style-full-width\"><picture><source media=\"(min-width: 1280px)\" srcset=\"https:\/\/sancarlo.org\/wp-content\/uploads\/2024\/06\/Nativity-of-Our-Lord_Colorado-1366x726.jpg 1x, https:\/\/sancarlo.org\/wp-content\/uploads\/2024\/06\/Nativity-of-Our-Lord_Colorado.jpg 2x\"><source media=\"(min-width: 1024px)\" srcset=\"https:\/\/sancarlo.org\/wp-content\/uploads\/2024\/06\/Nativity-of-Our-Lord_Colorado-1024x544.jpg 1x, https:\/\/sancarlo.org\/wp-content\/uploads\/2024\/06\/Nativity-of-Our-Lord_Colorado.jpg 2x\"><source media=\"(min-width: 768px)\" srcset=\"https:\/\/sancarlo.org\/wp-content\/uploads\/2024\/06\/Nativity-of-Our-Lord_Colorado-800x425.jpg 1x, https:\/\/sancarlo.org\/wp-content\/uploads\/2024\/06\/Nativity-of-Our-Lord_Colorado.jpg 2x\"><source media=\"(min-width: 200px)\" srcset=\"https:\/\/sancarlo.org\/wp-content\/uploads\/2024\/06\/Nativity-of-Our-Lord_Colorado-500x266.jpg 1x, https:\/\/sancarlo.org\/wp-content\/uploads\/2024\/06\/Nativity-of-Our-Lord_Colorado-1000x531.jpg 2x\"><img decoding=\"async\" src=\"data:image\/gif;base64,R0lGODlhAQABAAAAACH5BAEKAAEALAAAAAABAAEAAAICTAEAOw==\" alt=\"Nativity Of Our Lord Colorado\" \/><\/picture><figcaption>La parroquia de Nativity of Our Lord en Broomfield, Colorado.<\/figcaption><\/figure>\n\n\n<p>\u00abHermanas, ten\u00e9is que ir a visitar a una se\u00f1ora que se llama Carmela, es italiana, \u00a1como vosotras!\u00bb. James es uno de nuestros amigos, hace tiempo que va en silla de ruedas. Llevamos nueve a\u00f1os yendo a verle cada semana. Hoy hace de portavoz de una persona a la que nunca ha visto, con la que \u00fanicamente comparte la enfermera que les atiende a ambos a domicilio. Contacto con la enfermera para que me d\u00e9 m\u00e1s informaci\u00f3n y fijo una fecha para ir a visitar a Carmela.<\/p>\n\n\n\n<p>El d\u00eda de la visita, al entrar en su casa, me encuentro con una se\u00f1ora de casi 90 a\u00f1os que est\u00e1 estupendamente, tiene una mirada despierta que inspira simpat\u00eda. Empieza a hablarme en italiano, con mucha alegr\u00eda y agradecimiento. Solo hacen falta pocas frases para percibir que me encuentro delante de una mujer de una estatura humana y una fe poco comunes.<\/p>\n\n\n\n<blockquote class=\"wp-block-quote\">\n<p>Qu\u00e9 alegr\u00eda ver que la certeza de la fe puede dar forma a la vida de una persona<\/p>\n<\/blockquote>\n\n\n\n<p>Carmela es siciliana, emigr\u00f3 a Nueva York en 1961 cuando ten\u00eda 27 a\u00f1os, reci\u00e9n casada con Angelo. Fue una costurera buen\u00edsima, trabaj\u00f3 para dos estilistas italianos muy famosos. Ten\u00eda con ellos una relaci\u00f3n personal. Ellos confiaban en ella hasta el punto de confiarle la creaci\u00f3n de las muestras de producci\u00f3n de ropa.<\/p>\n\n\n\n<p>Despu\u00e9s de esta primera y breve visita, fui a verla una vez a la semana. Cada vez que iba a verla me sorprend\u00edan las cosas que me contaba. Su historia estaba llena de peque\u00f1os y grandes milagros: su infancia en Sicilia y sus padres; su noviazgo con Angelo y la traves\u00eda a los Estados Unidos; la comunidad italiana de Brooklyn, a la que echaba tanto de menos, y su devoci\u00f3n filial a San Jos\u00e9, compartida por nosotras. M\u00e1s a\u00fan, su relaci\u00f3n con el rabino de Nueva York y con otros clientes hebreos; la enfermedad de su marido con treinta y pico a\u00f1os, que falleci\u00f3 y le dej\u00f3 viuda con cincuenta y poco a\u00f1os. Para terminar, su relaci\u00f3n con las hijas a las que deb\u00eda educar, el traslado a Colorado hace unos a\u00f1os para estar cerca de ellas y el encuentro con nuestra parroquia Nativity of Our Lord. Todas estas historias est\u00e1n unidas por la inmensa confianza de Carmela en Dios, por el amor que \u00c9l tiene por ella y por los que la rodean. Es la confianza de una, que se siente amada por un Padre bueno, que sabe que nunca est\u00e1 sola, incluso en las situaciones m\u00e1s dif\u00edciles. Una fe que le vuelve audaz e insistente, con Dios y con los hombres, que le hace no tener miedo de pedir aquello que necesita. Es bonito ver que hasta sus yernos se apoyan en la fe de Carmela, casi pidi\u00e9ndole, como si fueran ni\u00f1os, interceder por ellos ante el Padre. El encuentro con Carmela, su testimonio de una fe firme e inquebrantable, han sido para m\u00ed un motivo de estar profundamente agradecida a Dios durante este a\u00f1o. Qu\u00e9 alegr\u00eda ver que la certeza de la fe puede dar forma a la vida de una persona, haciendo que se convierta en signo luminoso del amor infinito que Dios tiene por cada uno de nosotros.<\/p>\n","protected":false},"excerpt":{"rendered":"<p>En las afueras de Denver, un encuentro que llena de alegr\u00eda y gratitud.<\/p>\n","protected":false},"author":5,"featured_media":8532,"comment_status":"closed","ping_status":"closed","sticky":false,"template":"","format":"standard","meta":{"_acf_changed":false,"inline_featured_image":false,"slim_seo":{"title":"La confianza de una hija - Fraternidad San Carlos","description":"En las afueras de Denver, un encuentro que llena de alegr\u00eda y gratitud."},"footnotes":""},"categories":[379],"tags":[363,539,3,505],"writers":[534],"regions":[388],"cities":[416],"class_list":["post-9128","post","type-post","status-publish","format-standard","has-post-thumbnail","hentry","category-testimonios","tag-amicizia-es","tag-fede-3","tag-fede","tag-missione-es","writers-teresa-zampogna","regions-america-del-norte","cities-denver-es"],"acf":[],"_links":{"self":[{"href":"https:\/\/sancarlo.org\/es\/wp-json\/wp\/v2\/posts\/9128","targetHints":{"allow":["GET"]}}],"collection":[{"href":"https:\/\/sancarlo.org\/es\/wp-json\/wp\/v2\/posts"}],"about":[{"href":"https:\/\/sancarlo.org\/es\/wp-json\/wp\/v2\/types\/post"}],"author":[{"embeddable":true,"href":"https:\/\/sancarlo.org\/es\/wp-json\/wp\/v2\/users\/5"}],"replies":[{"embeddable":true,"href":"https:\/\/sancarlo.org\/es\/wp-json\/wp\/v2\/comments?post=9128"}],"version-history":[{"count":1,"href":"https:\/\/sancarlo.org\/es\/wp-json\/wp\/v2\/posts\/9128\/revisions"}],"predecessor-version":[{"id":9130,"href":"https:\/\/sancarlo.org\/es\/wp-json\/wp\/v2\/posts\/9128\/revisions\/9130"}],"wp:featuredmedia":[{"embeddable":true,"href":"https:\/\/sancarlo.org\/es\/wp-json\/wp\/v2\/media\/8532"}],"wp:attachment":[{"href":"https:\/\/sancarlo.org\/es\/wp-json\/wp\/v2\/media?parent=9128"}],"wp:term":[{"taxonomy":"category","embeddable":true,"href":"https:\/\/sancarlo.org\/es\/wp-json\/wp\/v2\/categories?post=9128"},{"taxonomy":"post_tag","embeddable":true,"href":"https:\/\/sancarlo.org\/es\/wp-json\/wp\/v2\/tags?post=9128"},{"taxonomy":"writers","embeddable":true,"href":"https:\/\/sancarlo.org\/es\/wp-json\/wp\/v2\/writers?post=9128"},{"taxonomy":"regions","embeddable":true,"href":"https:\/\/sancarlo.org\/es\/wp-json\/wp\/v2\/regions?post=9128"},{"taxonomy":"cities","embeddable":true,"href":"https:\/\/sancarlo.org\/es\/wp-json\/wp\/v2\/cities?post=9128"}],"curies":[{"name":"wp","href":"https:\/\/api.w.org\/{rel}","templated":true}]}}