{"id":9511,"date":"2024-10-09T12:33:23","date_gmt":"2024-10-09T10:33:23","guid":{"rendered":"https:\/\/sancarlo.org\/profeti-e-testimoni\/"},"modified":"2025-05-23T10:03:20","modified_gmt":"2025-05-23T08:03:20","slug":"profeti-e-testimoni","status":"publish","type":"post","link":"https:\/\/sancarlo.org\/es\/profeti-e-testimoni\/","title":{"rendered":"Profetas y testigos"},"content":{"rendered":"<figure class=\"wp-block-image wp-block-image--fnztema is-style-full-width\"><picture><source media=\"(min-width: 1280px)\" srcset=\"https:\/\/sancarlo.org\/wp-content\/uploads\/2024\/08\/IMG_4208-dimensioni-grandi.jpeg 1x, https:\/\/sancarlo.org\/wp-content\/uploads\/2024\/08\/IMG_4208-dimensioni-grandi.jpeg 2x\"><source media=\"(min-width: 1024px)\" srcset=\"https:\/\/sancarlo.org\/wp-content\/uploads\/2024\/08\/IMG_4208-dimensioni-grandi-1024x682.jpeg 1x, https:\/\/sancarlo.org\/wp-content\/uploads\/2024\/08\/IMG_4208-dimensioni-grandi.jpeg 2x\"><source media=\"(min-width: 768px)\" srcset=\"https:\/\/sancarlo.org\/wp-content\/uploads\/2024\/08\/IMG_4208-dimensioni-grandi-800x533.jpeg 1x, https:\/\/sancarlo.org\/wp-content\/uploads\/2024\/08\/IMG_4208-dimensioni-grandi.jpeg 2x\"><source media=\"(min-width: 200px)\" srcset=\"https:\/\/sancarlo.org\/wp-content\/uploads\/2024\/08\/IMG_4208-dimensioni-grandi-500x333.jpeg 1x, https:\/\/sancarlo.org\/wp-content\/uploads\/2024\/08\/IMG_4208-dimensioni-grandi-1000x666.jpeg 2x\"><img decoding=\"async\" src=\"data:image\/gif;base64,R0lGODlhAQABAAAAACH5BAEKAAEALAAAAAABAAEAAAICTAEAOw==\" alt=\"Img 4208 Dimensioni Grandi\" \/><\/picture><\/figure>\n\n\n<p><em>Ser\u00e9is llevados ante reyes y gobernadores para dar testimonio. No os preocup\u00e9is por lo que tendr\u00e9is que decir, el Esp\u00edritu Santo hablar\u00e1 por vosotros<\/em> (cf. Mc 13,11). La esencia del cristianismo es el encuentro con Cristo, que da un vuelco a la vida y la hace cien veces m\u00e1s rica de sentido, de color, de sabor. Toda la realidad adquiere una profundidad de sentido de otro modo inimaginable, impregnada de la fragancia de lo eterno que traspasa los l\u00edmites del tiempo y del espacio.<\/p>\n\n\n\n<p>Quien es alcanzado por este hecho, que es humano y divino, est\u00e1 al mismo tiempo investido de una tarea y de una responsabilidad: testimoniar ante el mundo que este encuentro es para todos e introduce un nuevo criterio para juzgar la realidad. Cada uno, seg\u00fan modalidades y formas que no decide, est\u00e1 llamado a ser profeta, tal y como lo anuncia la Biblia: <em>vuestros hijos e hijas llegar\u00e1n a ser profetas.<\/em><\/p>\n\n\n\n<p>Un profeta, en el Antiguo Testamento, era un hombre elegido para ser la voz de Dios ante su pueblo. Ten\u00eda la tarea de volver a llamar a su pueblo a su relaci\u00f3n con Dios y a respetar la alianza que \u00c9l hab\u00eda establecido con \u00e9l. Era un hombre entre otros, al que Dios preserv\u00f3 para que fuera el portavoz de sus sentimientos ante el pueblo, para que compartiera sus preocupaciones y se hiciera eco de su amor. Cada uno de ellos ten\u00eda su propia historia y temperamento, entre los m\u00e1s variopintos, lo que demuestra que Dios llama a quien quiere, sin preocuparse de m\u00e9ritos o preferencias de car\u00e1cter o condici\u00f3n social.<\/p>\n\n\n\n<p>El profeta pod\u00eda ser un humilde pastor como Am\u00f3s, un joven ambicioso como Eliseo, o un solitario exc\u00e9ntrico como Juan el Bautista&#8230; pero quiz\u00e1 nadie tuvo una personalidad tan fuerte y compleja como El\u00edas. Rencoroso e iracundo, fiel pero a veces perezoso: en \u00e9l coexist\u00edan diferentes facetas de una humanidad \u00fanica y polifac\u00e9tica. Su historia, contada con gran sabidur\u00eda narrativa en la Biblia, cautiva al lector. Como cuando \u00e9l solo desaf\u00eda a cuatrocientos profetas paganos, se burla de ellos, los provoca y los mata, despu\u00e9s de que la falsedad de ellos y de sus dioses haya sido revelada a todos.<\/p>\n\n\n\n<p>Sin embargo, es en la revelaci\u00f3n que Dios le hace suyo, no en una poderosa se\u00f1al, sino a trav\u00e9s de una suave brisa, donde El\u00edas encuentra el origen y el sentido profundo de su testimonio. Es en esta revelaci\u00f3n personal de Dios donde El\u00edas descubre la respuesta a su propia inquietud.<\/p>\n\n\n\n<blockquote class=\"wp-block-quote\">\n<p>A todos se nos pide que estemos dispuestos a dar testimonio p\u00fablico de nuestra fe<\/p>\n<\/blockquote>\n\n\n\n<p>Tambi\u00e9n fue profeta Franz J\u00e4gerst\u00e4tter, un campesino austriaco, beatificado en 2007 por Benedicto XVI, que se hab\u00eda negado a luchar por la causa de Hitler y el Tercer Reich.<\/p>\n\n\n\n<p>Siendo joven fue impetuoso y rebelde, amante de las peleas y de las mujeres, Franz cambi\u00f3 de vida cuando conoci\u00f3 a Franziska, algo m\u00e1s joven que \u00e9l. De su matrimonio nacen tres ni\u00f1as. Es la vida de fe reencontrada, la gratitud por saberse perdonado y abrazado, la pertenencia cierta a la Iglesia y a su magisterio lo que hace que este hombre de origen humilde sea capaz de juzgar la incompatibilidad entre la vida cristiana y la adhesi\u00f3n al nazismo.<\/p>\n\n\n\n<p>La relaci\u00f3n con su mujer y la certeza de ser amado y apoyado incondicionalmente por ella le hacen estar firme y decidido hasta el sacrificio del martirio. No obstante, la raz\u00f3n y el fundamento de su voluntad para dar el testimonio m\u00e1s radical es, sobre todo, su profundo deseo -evidente en sus cartas- de conformarse a Cristo.<\/p>\n\n\n\n<p>Todo cristiano est\u00e1 llamado a esta vocaci\u00f3n prof\u00e9tica, aunque cada uno de modo distinto y en condiciones diferentes, respetando la historia de cada uno. A todos se nos pide que estemos dispuestos a dar testimonio p\u00fablico de nuestra fe, y no podemos eludirlo ni siquiera cuando ello conlleva el mayor sacrificio. Con la conciencia de que la entrega s\u00f3lo tiene sentido como respuesta a un amor que nos precede y con la certeza de que el sujeto \u00faltimo de este testimonio no somos nosotros, sino el Esp\u00edritu que Cristo da a quienes le siguen.<\/p>\n\n\n\n<p>Esto nos libera de cualquier temor que provenga de nuestra debilidad, de nuestra insuficiencia. Para hacerlo con las palabras de Franz: \u00abLo que queremos ver son cristianos capaces de resistir, en medio de esta oscuridad, con una claridad, una compostura y una seguridad superiores, que se opongan con la paz y la serenidad m\u00e1s puras a la ausencia de paz y de alegr\u00eda, al ego\u00edsmo y al odio; que no sean juncos que se doblan hacia un lado y hacia otro al menor viento, que no se limiten a mirar lo que hacen los dem\u00e1s o los amigos, sino que se pregunten: &#8216;\u00bfQu\u00e9 ense\u00f1a nuestra fe?&#8217;\u00bb.<\/p>\n","protected":false},"excerpt":{"rendered":"<p>Todos los cristianos est\u00e1n llamados a ser profetas en este mundo. Una meditaci\u00f3n sobre El\u00edas y Franz J\u00e4gerst\u00e4tter.<\/p>\n","protected":false},"author":5,"featured_media":8827,"comment_status":"closed","ping_status":"closed","sticky":false,"template":"","format":"standard","meta":{"_acf_changed":false,"inline_featured_image":false,"slim_seo":{"title":"Profetas y testigos - Fraternidad San Carlos","description":"Todos los cristianos est\u00e1n llamados a ser profetas en este mundo. Una meditaci\u00f3n sobre El\u00edas y Franz J\u00e4gerst\u00e4tter."},"footnotes":""},"categories":[375],"tags":[1079,539,505,488],"writers":[95],"regions":[386],"cities":[436],"class_list":["post-9511","post","type-post","status-publish","format-standard","has-post-thumbnail","hentry","category-meditaciones","tag-bibbia-es","tag-fede-3","tag-missione-es","tag-vocazione-es","writers-emmanuele-silanos","regions-italia-es","cities-roma-es"],"acf":[],"_links":{"self":[{"href":"https:\/\/sancarlo.org\/es\/wp-json\/wp\/v2\/posts\/9511","targetHints":{"allow":["GET"]}}],"collection":[{"href":"https:\/\/sancarlo.org\/es\/wp-json\/wp\/v2\/posts"}],"about":[{"href":"https:\/\/sancarlo.org\/es\/wp-json\/wp\/v2\/types\/post"}],"author":[{"embeddable":true,"href":"https:\/\/sancarlo.org\/es\/wp-json\/wp\/v2\/users\/5"}],"replies":[{"embeddable":true,"href":"https:\/\/sancarlo.org\/es\/wp-json\/wp\/v2\/comments?post=9511"}],"version-history":[{"count":1,"href":"https:\/\/sancarlo.org\/es\/wp-json\/wp\/v2\/posts\/9511\/revisions"}],"predecessor-version":[{"id":9513,"href":"https:\/\/sancarlo.org\/es\/wp-json\/wp\/v2\/posts\/9511\/revisions\/9513"}],"wp:featuredmedia":[{"embeddable":true,"href":"https:\/\/sancarlo.org\/es\/wp-json\/wp\/v2\/media\/8827"}],"wp:attachment":[{"href":"https:\/\/sancarlo.org\/es\/wp-json\/wp\/v2\/media?parent=9511"}],"wp:term":[{"taxonomy":"category","embeddable":true,"href":"https:\/\/sancarlo.org\/es\/wp-json\/wp\/v2\/categories?post=9511"},{"taxonomy":"post_tag","embeddable":true,"href":"https:\/\/sancarlo.org\/es\/wp-json\/wp\/v2\/tags?post=9511"},{"taxonomy":"writers","embeddable":true,"href":"https:\/\/sancarlo.org\/es\/wp-json\/wp\/v2\/writers?post=9511"},{"taxonomy":"regions","embeddable":true,"href":"https:\/\/sancarlo.org\/es\/wp-json\/wp\/v2\/regions?post=9511"},{"taxonomy":"cities","embeddable":true,"href":"https:\/\/sancarlo.org\/es\/wp-json\/wp\/v2\/cities?post=9511"}],"curies":[{"name":"wp","href":"https:\/\/api.w.org\/{rel}","templated":true}]}}